{"id":19346,"date":"2024-06-29T04:30:52","date_gmt":"2024-06-29T04:30:52","guid":{"rendered":"https:\/\/defrentealaverdad.com\/?p=19346"},"modified":"2024-06-29T04:30:52","modified_gmt":"2024-06-29T04:30:52","slug":"issffaa-remoza-e-inaugura-nuevas-areas-mejoran-calidad-de-vida-de-habitantes-residencial-hainamosa","status":"publish","type":"post","link":"https:\/\/defrentealaverdad.com\/index.php\/2024\/06\/29\/issffaa-remoza-e-inaugura-nuevas-areas-mejoran-calidad-de-vida-de-habitantes-residencial-hainamosa\/","title":{"rendered":"ISSFFAA remoza e inaugura nuevas \u00e1reas mejoran calidad de vida de habitantes Residencial Hainamosa"},"content":{"rendered":"<p style=\"text-align: justify;\">Por F\u00e9lix Rubio<\/p>\n<p><img decoding=\"async\" class=\"size-medium wp-image-19347 alignleft lazyload\" data-src=\"https:\/\/defrentealaverdad.com\/wp-content\/uploads\/2024\/06\/Screenshot_2024-06-29_005400-300x165.png\" alt=\"\" width=\"300\" height=\"165\" data-srcset=\"https:\/\/defrentealaverdad.com\/wp-content\/uploads\/2024\/06\/Screenshot_2024-06-29_005400-300x165.png 300w, https:\/\/defrentealaverdad.com\/wp-content\/uploads\/2024\/06\/Screenshot_2024-06-29_005400-1024x562.png 1024w, https:\/\/defrentealaverdad.com\/wp-content\/uploads\/2024\/06\/Screenshot_2024-06-29_005400-768x422.png 768w, https:\/\/defrentealaverdad.com\/wp-content\/uploads\/2024\/06\/Screenshot_2024-06-29_005400.png 1080w\" data-sizes=\"(max-width: 300px) 100vw, 300px\" src=\"data:image\/svg+xml;base64,PHN2ZyB3aWR0aD0iMSIgaGVpZ2h0PSIxIiB4bWxucz0iaHR0cDovL3d3dy53My5vcmcvMjAwMC9zdmciPjwvc3ZnPg==\" style=\"--smush-placeholder-width: 300px; --smush-placeholder-aspect-ratio: 300\/165;\" \/><\/p>\n<p style=\"text-align: justify;\">SANTO DOMINGO.- El Instituto de Seguridad Social de las FFAA (ISSFFAA), remoz\u00f3 e inaugur\u00f3 nuevas \u00e1reas del Residencial Hainamosa, una acci\u00f3n con la cual se destaca el compromiso continuo de la instituci\u00f3n por alcanzar el bienestar y lograr una mejor calidad de vida para los miembros de las Fuerzas Armada y sus familiares.<\/p>\n<p style=\"text-align: justify;\">El acto-ceremonia fue encabezada por el ministro de Defensa, teniente general Carlos Luciano D\u00edaz Morfa, ERD., el mayor general Cel\u00edn Rubio Terrero, ERD., director general del Instituto de Seguridad Social de las FF AA (ISSFFAA), acompa\u00f1ado por Oficiales del Estado Mayor General de las Fuerzas Armadas y como invitado especial el expresidente de la Rep\u00fablica Ing. Agr\u00f3nomo Hip\u00f3lito Mej\u00eda Dom\u00ednguez.<\/p>\n<p style=\"text-align: justify;\"><img decoding=\"async\" class=\"size-medium wp-image-19348 alignright lazyload\" data-src=\"https:\/\/defrentealaverdad.com\/wp-content\/uploads\/2024\/06\/Screenshot_2024-06-29_005437-300x216.png\" alt=\"\" width=\"300\" height=\"216\" data-srcset=\"https:\/\/defrentealaverdad.com\/wp-content\/uploads\/2024\/06\/Screenshot_2024-06-29_005437-300x216.png 300w, https:\/\/defrentealaverdad.com\/wp-content\/uploads\/2024\/06\/Screenshot_2024-06-29_005437-1024x738.png 1024w, https:\/\/defrentealaverdad.com\/wp-content\/uploads\/2024\/06\/Screenshot_2024-06-29_005437-768x554.png 768w, https:\/\/defrentealaverdad.com\/wp-content\/uploads\/2024\/06\/Screenshot_2024-06-29_005437.png 1039w\" data-sizes=\"(max-width: 300px) 100vw, 300px\" src=\"data:image\/svg+xml;base64,PHN2ZyB3aWR0aD0iMSIgaGVpZ2h0PSIxIiB4bWxucz0iaHR0cDovL3d3dy53My5vcmcvMjAwMC9zdmciPjwvc3ZnPg==\" style=\"--smush-placeholder-width: 300px; --smush-placeholder-aspect-ratio: 300\/216;\" \/><\/p>\n<p style=\"text-align: justify;\">Las renovaciones en el Residencial Hainamosa, forman parte de un amplio plan de modernizaci\u00f3n y ampliaci\u00f3n de las infraestructuras destinadas al personal militar y sus familiares, mejoras que incluyen la construcci\u00f3n de nuevas instalaciones recreativas, \u00e1reas verdes, y espacios comunitarios que fomentan un ambiente de convivencia y bienestar. Adem\u00e1s, se ha implementado tecnolog\u00eda de \u00faltima generaci\u00f3n en los sistemas de seguridad y monitoreo, garantizando la tranquilidad y protecci\u00f3n de los residentes. El mayor general Cel\u00edn Rubio Terrero, destac\u00f3:<\/p>\n<blockquote>\n<p style=\"text-align: justify;\">\u00abEl esfuerzo y la dedicaci\u00f3n del ISSFFAA, para llevar a cabo estas mejoras, nuestro objetivo es proporcionar un entorno seguro, c\u00f3modo y moderno para todos aquellos que han dedicado su vida a la defensa y seguridad de nuestra naci\u00f3n. Este proyecto es solo una muestra m\u00e1s de nuestro compromiso continuo con nuestros soldados y sus seres queridos \u00ab.<\/p>\n<\/blockquote>\n<p style=\"text-align: justify;\">Las nuevas \u00e1reas inauguradas en el Residencial Hainamosa, no solo representan un avance en t\u00e9rminos de infraestructura, sino que tambi\u00e9n tienen un impacto positivo en el bienestar general de la comunidad militar. Las instalaciones recreativas y los espacios comunitarios proporcionan un lugar donde las familias pueden disfrutar de actividades al aire libre, promover la actividad f\u00edsica y fortalecer los lazos comunitarios.<\/p>\n<p><img decoding=\"async\" class=\"size-medium wp-image-19349 alignright lazyload\" data-src=\"https:\/\/defrentealaverdad.com\/wp-content\/uploads\/2024\/06\/Screenshot_2024-06-29_005459-300x168.png\" alt=\"\" width=\"300\" height=\"168\" data-srcset=\"https:\/\/defrentealaverdad.com\/wp-content\/uploads\/2024\/06\/Screenshot_2024-06-29_005459-300x168.png 300w, https:\/\/defrentealaverdad.com\/wp-content\/uploads\/2024\/06\/Screenshot_2024-06-29_005459-1024x575.png 1024w, https:\/\/defrentealaverdad.com\/wp-content\/uploads\/2024\/06\/Screenshot_2024-06-29_005459-768x431.png 768w, https:\/\/defrentealaverdad.com\/wp-content\/uploads\/2024\/06\/Screenshot_2024-06-29_005459-800x450.png 800w, https:\/\/defrentealaverdad.com\/wp-content\/uploads\/2024\/06\/Screenshot_2024-06-29_005459.png 1080w\" data-sizes=\"(max-width: 300px) 100vw, 300px\" src=\"data:image\/svg+xml;base64,PHN2ZyB3aWR0aD0iMSIgaGVpZ2h0PSIxIiB4bWxucz0iaHR0cDovL3d3dy53My5vcmcvMjAwMC9zdmciPjwvc3ZnPg==\" style=\"--smush-placeholder-width: 300px; --smush-placeholder-aspect-ratio: 300\/168;\" \/><\/p>\n<p style=\"text-align: justify;\">En estas \u00e1reas remozadas a principios de los a\u00f1os 60, existi\u00f3 un centro de entrenamiento de paracaidismo, donde se instalaron dos transmisores de onda corta y larga en la frecuencia 980\u00aa.M, que fueron parte de la naciente Radioemisora cultural La Voz de Las FFAA, donde laboraron varios locutores destacados de la \u00e9poca, glorias de la palabra y el micr\u00f3fono, entre ellos los connotados, mayor general (r) Osvado Cepeda Cepeda, FARD y el capit\u00e1n (r) Pedro Beltr\u00e9 Beltr\u00e9, P.N., quienes estuvieron presente en la actividad.<\/p>\n<p style=\"text-align: justify;\">Este proyecto es un testimonio del enfoque proactivo del ISSFFAA., en la b\u00fasqueda de mejorar constantemente las condiciones de vida de los miembros de las FFAA, reflejando un compromiso firme con el bienestar y la seguridad de quienes sirven a la naci\u00f3n.<\/p>\n<p style=\"text-align: justify;\">En la actividad estuvieron presentes la se\u00f1ora Altagracia Julia Drullard, gobernadora civil de la provincia Santo Domingo, el reverendo Padre Carlos Alberto Piantini Brito, rector de la obra Salesiana plaza educativa Don Bosco, autoridades civiles y militares de la zona.<\/p>\n<p style=\"text-align: justify;\">\n<p style=\"text-align: justify;\">Fuente: El Le\u00f1o Pinto Digital RD<\/p>\n<p style=\"text-align: justify;\">\n","protected":false},"excerpt":{"rendered":"<p>Por F\u00e9lix Rubio SANTO DOMINGO.- El Instituto de Seguridad Social de las FFAA (ISSFFAA), remoz\u00f3<\/p>\n","protected":false},"author":1,"featured_media":0,"comment_status":"open","ping_status":"open","sticky":false,"template":"","format":"standard","meta":{"footnotes":""},"categories":[7],"tags":[],"class_list":["post-19346","post","type-post","status-publish","format-standard","hentry","category-nacionales"],"_links":{"self":[{"href":"https:\/\/defrentealaverdad.com\/index.php\/wp-json\/wp\/v2\/posts\/19346","targetHints":{"allow":["GET"]}}],"collection":[{"href":"https:\/\/defrentealaverdad.com\/index.php\/wp-json\/wp\/v2\/posts"}],"about":[{"href":"https:\/\/defrentealaverdad.com\/index.php\/wp-json\/wp\/v2\/types\/post"}],"author":[{"embeddable":true,"href":"https:\/\/defrentealaverdad.com\/index.php\/wp-json\/wp\/v2\/users\/1"}],"replies":[{"embeddable":true,"href":"https:\/\/defrentealaverdad.com\/index.php\/wp-json\/wp\/v2\/comments?post=19346"}],"version-history":[{"count":1,"href":"https:\/\/defrentealaverdad.com\/index.php\/wp-json\/wp\/v2\/posts\/19346\/revisions"}],"predecessor-version":[{"id":19350,"href":"https:\/\/defrentealaverdad.com\/index.php\/wp-json\/wp\/v2\/posts\/19346\/revisions\/19350"}],"wp:attachment":[{"href":"https:\/\/defrentealaverdad.com\/index.php\/wp-json\/wp\/v2\/media?parent=19346"}],"wp:term":[{"taxonomy":"category","embeddable":true,"href":"https:\/\/defrentealaverdad.com\/index.php\/wp-json\/wp\/v2\/categories?post=19346"},{"taxonomy":"post_tag","embeddable":true,"href":"https:\/\/defrentealaverdad.com\/index.php\/wp-json\/wp\/v2\/tags?post=19346"}],"curies":[{"name":"wp","href":"https:\/\/api.w.org\/{rel}","templated":true}]}}