{"id":19336,"date":"2024-06-29T03:37:01","date_gmt":"2024-06-29T03:37:01","guid":{"rendered":"https:\/\/defrentealaverdad.com\/?p=19336"},"modified":"2024-06-29T03:37:01","modified_gmt":"2024-06-29T03:37:01","slug":"destacan-logros-de-la-ventanilla-unica-de-construccion","status":"publish","type":"post","link":"https:\/\/defrentealaverdad.com\/index.php\/2024\/06\/29\/destacan-logros-de-la-ventanilla-unica-de-construccion\/","title":{"rendered":"Destacan logros de la Ventanilla \u00danica de Construcci\u00f3n"},"content":{"rendered":"<p><img decoding=\"async\" class=\"size-medium wp-image-19337 aligncenter lazyload\" data-src=\"https:\/\/defrentealaverdad.com\/wp-content\/uploads\/2024\/06\/Screenshot_2024-06-29_000414-300x168.png\" alt=\"\" width=\"300\" height=\"168\" data-srcset=\"https:\/\/defrentealaverdad.com\/wp-content\/uploads\/2024\/06\/Screenshot_2024-06-29_000414-300x168.png 300w, https:\/\/defrentealaverdad.com\/wp-content\/uploads\/2024\/06\/Screenshot_2024-06-29_000414-768x430.png 768w, https:\/\/defrentealaverdad.com\/wp-content\/uploads\/2024\/06\/Screenshot_2024-06-29_000414-800x450.png 800w, https:\/\/defrentealaverdad.com\/wp-content\/uploads\/2024\/06\/Screenshot_2024-06-29_000414.png 981w\" data-sizes=\"(max-width: 300px) 100vw, 300px\" src=\"data:image\/svg+xml;base64,PHN2ZyB3aWR0aD0iMSIgaGVpZ2h0PSIxIiB4bWxucz0iaHR0cDovL3d3dy53My5vcmcvMjAwMC9zdmciPjwvc3ZnPg==\" style=\"--smush-placeholder-width: 300px; --smush-placeholder-aspect-ratio: 300\/168;\" \/><\/p>\n<p style=\"text-align: justify;\">El Ministerio de Vivienda y Edificaciones (MIVED) destac\u00f3 los logros del proyecto Ventanilla \u00danica de Construcci\u00f3n (VUC), puesto en funcionamiento desde el 2022 que han reducido el tiempo de emisi\u00f3n de licencias y ha incrementado la inversi\u00f3n en proyectos de construcci\u00f3n en un 48% .<\/p>\n<p style=\"text-align: justify;\">El Ministro de Vivienda y Edificaciones, Carlos Bonilla S\u00e1nchez, afirm\u00f3 que desde el lanzamiento de la VUC, un sistema integrado para la emisi\u00f3n de permisos y licencias que integra a las distintas instituciones del gobierno que participan en las operaciones de construcci\u00f3n en la Rep\u00fablica Dominicana, se ha reducido en 21% el tiempo de emisi\u00f3n de licencias.<\/p>\n<blockquote>\n<p style=\"text-align: justify;\">\u201cDesde el lanzamiento de la VUC, el MIVED logr\u00f3 reducir el tiempo de emisi\u00f3n de licencias de construcci\u00f3n de 113 d\u00edas en 2019 a 89 d\u00edas en 2022-2023. Reducci\u00f3n significativa del 21%, a pesar del incremento en la cantidad de construcciones en comparaci\u00f3n a los \u00faltimos 5 a\u00f1os\u201d, indic\u00f3.<\/p>\n<\/blockquote>\n<p style=\"text-align: justify;\">Bonilla expres\u00f3 que que el MIVED ha aprobado m\u00e1s de 1,500 licencias de construcci\u00f3n al a\u00f1o, superando las 1,200 emitidas antes de la llegada del Presidente Abinader.<\/p>\n<p style=\"text-align: justify;\">Afirm\u00f3 que se implement\u00f3 la Unidad de Consulta Interna Inmobiliaria, que ha aumentado la viabilidad de entrada de expedientes para evaluaci\u00f3n t\u00e9cnica de proyectos que previamente eran rechazados.<\/p>\n<blockquote>\n<p style=\"text-align: justify;\">\u201cSe elimin\u00f3 el proceso de recepci\u00f3n y env\u00edo de documentaci\u00f3n y planos en formato f\u00edsico. Se logr\u00f3 la integraci\u00f3n de 9 instituciones y seguimos trabajando en la integraci\u00f3n de las dem\u00e1s entidades involucradas en el proceso de permisolog\u00eda que emiten documentos prerrequisitos para la licencia de construcci\u00f3n, todas interoperando bajo la misma plataforma, lo que agilizar\u00e1 significativamente el proceso\u201d, dijo.<\/p>\n<\/blockquote>\n<p style=\"text-align: justify;\">Se\u00f1al\u00f3 que con la implementaci\u00f3n de la VUC, la inversi\u00f3n en proyectos de construcci\u00f3n aument\u00f3 un 48% en el per\u00edodo 2022-2023, con una inversi\u00f3n equivalente a RD$876,144 MM.<\/p>\n<blockquote>\n<p style=\"text-align: justify;\">\u201cDurante el mes de abril del 2024 se emitieron 136 licencias para proyectos de construcci\u00f3n, los cuales generar\u00e1n 14,854 empleos directos\u201d.<\/p>\n<\/blockquote>\n<p style=\"text-align: justify;\">Afirm\u00f3 que las 136 obras que ser\u00e1n puestas en marcha con la emisi\u00f3n de la licencia, aportar\u00e1n RD$20,052 millones al Producto Interno Bruto (PIB) de la Rep\u00fablica Dominicana e indic\u00f3 que la provincia Santo Domingo fue la demarcaci\u00f3n en la que m\u00e1s licencias se aprobaron, con 95, para un logro de 140% por parte de la VUC, comparando los permisos emitidos versus las entradas de solicitudes.<\/p>\n<p style=\"text-align: justify;\">\u00a0Fuente: 10 Noticias<\/p>\n","protected":false},"excerpt":{"rendered":"<p>El Ministerio de Vivienda y Edificaciones (MIVED) destac\u00f3 los logros del proyecto Ventanilla \u00danica de<\/p>\n","protected":false},"author":4,"featured_media":0,"comment_status":"open","ping_status":"open","sticky":false,"template":"","format":"standard","meta":{"footnotes":""},"categories":[7],"tags":[],"class_list":["post-19336","post","type-post","status-publish","format-standard","hentry","category-nacionales"],"_links":{"self":[{"href":"https:\/\/defrentealaverdad.com\/index.php\/wp-json\/wp\/v2\/posts\/19336","targetHints":{"allow":["GET"]}}],"collection":[{"href":"https:\/\/defrentealaverdad.com\/index.php\/wp-json\/wp\/v2\/posts"}],"about":[{"href":"https:\/\/defrentealaverdad.com\/index.php\/wp-json\/wp\/v2\/types\/post"}],"author":[{"embeddable":true,"href":"https:\/\/defrentealaverdad.com\/index.php\/wp-json\/wp\/v2\/users\/4"}],"replies":[{"embeddable":true,"href":"https:\/\/defrentealaverdad.com\/index.php\/wp-json\/wp\/v2\/comments?post=19336"}],"version-history":[{"count":1,"href":"https:\/\/defrentealaverdad.com\/index.php\/wp-json\/wp\/v2\/posts\/19336\/revisions"}],"predecessor-version":[{"id":19338,"href":"https:\/\/defrentealaverdad.com\/index.php\/wp-json\/wp\/v2\/posts\/19336\/revisions\/19338"}],"wp:attachment":[{"href":"https:\/\/defrentealaverdad.com\/index.php\/wp-json\/wp\/v2\/media?parent=19336"}],"wp:term":[{"taxonomy":"category","embeddable":true,"href":"https:\/\/defrentealaverdad.com\/index.php\/wp-json\/wp\/v2\/categories?post=19336"},{"taxonomy":"post_tag","embeddable":true,"href":"https:\/\/defrentealaverdad.com\/index.php\/wp-json\/wp\/v2\/tags?post=19336"}],"curies":[{"name":"wp","href":"https:\/\/api.w.org\/{rel}","templated":true}]}}