{"id":19329,"date":"2024-06-29T03:33:03","date_gmt":"2024-06-29T03:33:03","guid":{"rendered":"https:\/\/defrentealaverdad.com\/?p=19329"},"modified":"2024-06-29T03:33:53","modified_gmt":"2024-06-29T03:33:53","slug":"bhd-y-fundacion-madre-y-maestra-impulsan-la-educacion-superior-a-traves-de-guardianes-de-la-academia","status":"publish","type":"post","link":"https:\/\/defrentealaverdad.com\/index.php\/2024\/06\/29\/bhd-y-fundacion-madre-y-maestra-impulsan-la-educacion-superior-a-traves-de-guardianes-de-la-academia\/","title":{"rendered":"BHD y Fundaci\u00f3n Madre y Maestra impulsan la educaci\u00f3n superior a trav\u00e9s de \u201cGuardianes de la Academia\u201d\u00a0"},"content":{"rendered":"<blockquote>\n<p style=\"text-align: justify;\">A trav\u00e9s de esta iniciativa la entidad financiera contribuye con el capital semilla para el programa de becas de la Pontificia Universidad Cat\u00f3lica Madre y Maestra (PUCMM), dirigido a estudiantes meritorios.<\/p>\n<\/blockquote>\n<p style=\"text-align: justify;\">Santo Domingo. El Banco BHD, Fiduciaria BHD y la Fundaci\u00f3n Madre y Maestra realizaron una reuni\u00f3n de seguimiento al fideicomiso Guardianes de la Academia, primer fondo patrimonial del pa\u00eds destinado a capital semilla para becas de estudios superiores, el cual permitir\u00e1 el acceso a j\u00f3venes a la Pontificia Universidad Cat\u00f3lica Madre y Maestra.<\/p>\n<p><img decoding=\"async\" class=\"size-medium wp-image-19330 aligncenter lazyload\" data-src=\"https:\/\/defrentealaverdad.com\/wp-content\/uploads\/2024\/06\/IMG-20240628-WA0158-300x200.jpg\" alt=\"\" width=\"300\" height=\"200\" data-srcset=\"https:\/\/defrentealaverdad.com\/wp-content\/uploads\/2024\/06\/IMG-20240628-WA0158-300x200.jpg 300w, https:\/\/defrentealaverdad.com\/wp-content\/uploads\/2024\/06\/IMG-20240628-WA0158-1024x683.jpg 1024w, https:\/\/defrentealaverdad.com\/wp-content\/uploads\/2024\/06\/IMG-20240628-WA0158-768x512.jpg 768w, https:\/\/defrentealaverdad.com\/wp-content\/uploads\/2024\/06\/IMG-20240628-WA0158.jpg 1200w\" data-sizes=\"(max-width: 300px) 100vw, 300px\" src=\"data:image\/svg+xml;base64,PHN2ZyB3aWR0aD0iMSIgaGVpZ2h0PSIxIiB4bWxucz0iaHR0cDovL3d3dy53My5vcmcvMjAwMC9zdmciPjwvc3ZnPg==\" style=\"--smush-placeholder-width: 300px; --smush-placeholder-aspect-ratio: 300\/200;\" \/><\/p>\n<p style=\"text-align: justify;\">El encuentro estuvo encabezado por Steven Puig, presidente de la entidad financiera, Mercedes Carmen Capell\u00e1n, presidenta de la Fundaci\u00f3n Madre y Maestra, y Carlos Guillermo Le\u00f3n, presidente ejecutivo de la divisi\u00f3n de Mercado de Valores y Fiducia del Centro Financiero BHD.<\/p>\n<blockquote>\n<p style=\"text-align: justify;\">\u201cNos complace ser uno de los aportantes fundadores de este fondo. Este proyecto que marca un hito en las alianzas entre empresas y academia, asegura la sostenibilidad de fondos que permitan ofrecer a j\u00f3venes de nuestro pa\u00eds la oportunidad de cumplir sus sue\u00f1os profesionales a trav\u00e9s de la educaci\u00f3n universitaria de calidad. Y es que para nosotros no existe el progreso econ\u00f3mico sin progreso humano\u201d, expres\u00f3 Puig, presidente del Banco BHD.<\/p>\n<\/blockquote>\n<p style=\"text-align: justify;\">El fondo patrimonial \u201cGuardianes de la Academia\u201d fue creado por Fundaci\u00f3n Madre y Maestra para otorgar becas universitarias a estudiantes de excelencia acad\u00e9mica y promover proyectos de investigaci\u00f3n y desarrollo en nuestro pa\u00eds.<\/p>\n<p><img decoding=\"async\" class=\"size-medium wp-image-19331 aligncenter lazyload\" data-src=\"https:\/\/defrentealaverdad.com\/wp-content\/uploads\/2024\/06\/IMG-20240628-WA0214-300x169.jpg\" alt=\"\" width=\"300\" height=\"169\" data-srcset=\"https:\/\/defrentealaverdad.com\/wp-content\/uploads\/2024\/06\/IMG-20240628-WA0214-300x169.jpg 300w, https:\/\/defrentealaverdad.com\/wp-content\/uploads\/2024\/06\/IMG-20240628-WA0214-1024x576.jpg 1024w, https:\/\/defrentealaverdad.com\/wp-content\/uploads\/2024\/06\/IMG-20240628-WA0214-768x432.jpg 768w, https:\/\/defrentealaverdad.com\/wp-content\/uploads\/2024\/06\/IMG-20240628-WA0214-1536x864.jpg 1536w, https:\/\/defrentealaverdad.com\/wp-content\/uploads\/2024\/06\/IMG-20240628-WA0214-800x450.jpg 800w, https:\/\/defrentealaverdad.com\/wp-content\/uploads\/2024\/06\/IMG-20240628-WA0214.jpg 1600w\" data-sizes=\"(max-width: 300px) 100vw, 300px\" src=\"data:image\/svg+xml;base64,PHN2ZyB3aWR0aD0iMSIgaGVpZ2h0PSIxIiB4bWxucz0iaHR0cDovL3d3dy53My5vcmcvMjAwMC9zdmciPjwvc3ZnPg==\" style=\"--smush-placeholder-width: 300px; --smush-placeholder-aspect-ratio: 300\/169;\" \/><\/p>\n<p>&nbsp;<\/p>\n<p style=\"text-align: justify;\">Adem\u00e1s del Banco BHD, la Fiduciaria BHD es parte de esta iniciativa. Con las captaciones obtenidas por los donantes se cre\u00f3 el primer fideicomiso filantr\u00f3pico cuyo objeto es la administraci\u00f3n del fondo patrimonial creado para impulsar la educaci\u00f3n superior de calidad.<\/p>\n<p style=\"text-align: justify;\">Mercedes Carmen Capell\u00e1n, presidenta de la Fundaci\u00f3n Madre y Maestra dijo que \u201ccon este fideicomiso aseguramos la mejor administraci\u00f3n del fondo patrimonial Guardianes de la Academia para garantizar la sostenibilidad y ampliaci\u00f3n de nuestros programas a favor de la educaci\u00f3n superior\u201d.<\/p>\n<p style=\"text-align: justify;\">En la reuni\u00f3n estuvieron, adem\u00e1s, por el BHD Josefina Navarro, vicepresidenta s\u00e9nior de Comunicaci\u00f3n Corporativa y Responsabilidad Social; Kirssys Abreu, segunda vicepresidenta de Responsabilidad Social y Sostenibilidad, y Lynette Castillo, vicepresidenta de Fiduciaria BHD.<\/p>\n<p style=\"text-align: justify;\">Asimismo, por la Fundaci\u00f3n Madre y Maestra participaron Eduardo Reinoso, director ejecutivo y Pascal Pe\u00f1a, miembro del Comit\u00e9 Acad\u00e9mico de esta entidad.<\/p>\n<p><img decoding=\"async\" class=\"size-medium wp-image-19333 aligncenter lazyload\" data-src=\"https:\/\/defrentealaverdad.com\/wp-content\/uploads\/2024\/06\/IMG-20240628-WA0159-300x200.jpg\" alt=\"\" width=\"300\" height=\"200\" data-srcset=\"https:\/\/defrentealaverdad.com\/wp-content\/uploads\/2024\/06\/IMG-20240628-WA0159-300x200.jpg 300w, https:\/\/defrentealaverdad.com\/wp-content\/uploads\/2024\/06\/IMG-20240628-WA0159-1024x683.jpg 1024w, https:\/\/defrentealaverdad.com\/wp-content\/uploads\/2024\/06\/IMG-20240628-WA0159-768x512.jpg 768w, https:\/\/defrentealaverdad.com\/wp-content\/uploads\/2024\/06\/IMG-20240628-WA0159.jpg 1200w\" data-sizes=\"(max-width: 300px) 100vw, 300px\" src=\"data:image\/svg+xml;base64,PHN2ZyB3aWR0aD0iMSIgaGVpZ2h0PSIxIiB4bWxucz0iaHR0cDovL3d3dy53My5vcmcvMjAwMC9zdmciPjwvc3ZnPg==\" style=\"--smush-placeholder-width: 300px; --smush-placeholder-aspect-ratio: 300\/200;\" \/><\/p>\n<p style=\"text-align: justify;\">El Fondo Patrimonial de la Fundaci\u00f3n Madre y Maestra est\u00e1 creado con recursos econ\u00f3micos provenientes de donaciones de familias, empresas e instituciones que est\u00e1n altamente comprometidas con mejorar la educaci\u00f3n de Rep\u00fablica Dominicana, que contribuyen para el capital semilla del fondo para becas, investigaci\u00f3n y desarrollo y proyectos de infraestructuras de la Pontificia Universidad Cat\u00f3lica Madre y Maestra.<\/p>\n<p>Fuente: Fondo Patrimonial de la Fundaci\u00f3n Madre y Maestra<\/p>\n","protected":false},"excerpt":{"rendered":"<p>A trav\u00e9s de esta iniciativa la entidad financiera contribuye con el capital semilla para el<\/p>\n","protected":false},"author":2,"featured_media":0,"comment_status":"open","ping_status":"open","sticky":false,"template":"","format":"standard","meta":{"footnotes":""},"categories":[7],"tags":[],"class_list":["post-19329","post","type-post","status-publish","format-standard","hentry","category-nacionales"],"_links":{"self":[{"href":"https:\/\/defrentealaverdad.com\/index.php\/wp-json\/wp\/v2\/posts\/19329","targetHints":{"allow":["GET"]}}],"collection":[{"href":"https:\/\/defrentealaverdad.com\/index.php\/wp-json\/wp\/v2\/posts"}],"about":[{"href":"https:\/\/defrentealaverdad.com\/index.php\/wp-json\/wp\/v2\/types\/post"}],"author":[{"embeddable":true,"href":"https:\/\/defrentealaverdad.com\/index.php\/wp-json\/wp\/v2\/users\/2"}],"replies":[{"embeddable":true,"href":"https:\/\/defrentealaverdad.com\/index.php\/wp-json\/wp\/v2\/comments?post=19329"}],"version-history":[{"count":2,"href":"https:\/\/defrentealaverdad.com\/index.php\/wp-json\/wp\/v2\/posts\/19329\/revisions"}],"predecessor-version":[{"id":19335,"href":"https:\/\/defrentealaverdad.com\/index.php\/wp-json\/wp\/v2\/posts\/19329\/revisions\/19335"}],"wp:attachment":[{"href":"https:\/\/defrentealaverdad.com\/index.php\/wp-json\/wp\/v2\/media?parent=19329"}],"wp:term":[{"taxonomy":"category","embeddable":true,"href":"https:\/\/defrentealaverdad.com\/index.php\/wp-json\/wp\/v2\/categories?post=19329"},{"taxonomy":"post_tag","embeddable":true,"href":"https:\/\/defrentealaverdad.com\/index.php\/wp-json\/wp\/v2\/tags?post=19329"}],"curies":[{"name":"wp","href":"https:\/\/api.w.org\/{rel}","templated":true}]}}