{"id":19324,"date":"2024-06-29T03:29:24","date_gmt":"2024-06-29T03:29:24","guid":{"rendered":"https:\/\/defrentealaverdad.com\/?p=19324"},"modified":"2024-06-29T03:30:07","modified_gmt":"2024-06-29T03:30:07","slug":"tribunal-superior-electoral-participa-en-jornada-de-limpieza-en-playa-montesino","status":"publish","type":"post","link":"https:\/\/defrentealaverdad.com\/index.php\/2024\/06\/29\/tribunal-superior-electoral-participa-en-jornada-de-limpieza-en-playa-montesino\/","title":{"rendered":"Tribunal Superior Electoral participa en jornada de limpieza en playa Montesino"},"content":{"rendered":"<p style=\"text-align: justify;\">Por F\u00e9lix Rubio<\/p>\n<blockquote>\n<p style=\"text-align: justify;\">M\u00e1s de 50 colaboradores se integraron y recolectaron 6,135 libras de basura en toda el \u00e1rea de playa, superando las expectativas de 2,500 libras que era la meta<\/p>\n<\/blockquote>\n<p style=\"text-align: justify;\">Santo Domingo. &#8211; El Tribunal Superior Electoral (TSE), junto al Ministerio de la Juventud y la Fundaci\u00f3n Vida Azul, realizaron una jornada de limpieza en la playa Montesino para contribuir a la conservaci\u00f3n del medio ambiente.<\/p>\n<p style=\"text-align: justify;\"><img decoding=\"async\" class=\"size-medium wp-image-19325 alignleft lazyload\" data-src=\"https:\/\/defrentealaverdad.com\/wp-content\/uploads\/2024\/06\/Screenshot_2024-06-28_235446-300x223.png\" alt=\"\" width=\"300\" height=\"223\" data-srcset=\"https:\/\/defrentealaverdad.com\/wp-content\/uploads\/2024\/06\/Screenshot_2024-06-28_235446-300x223.png 300w, https:\/\/defrentealaverdad.com\/wp-content\/uploads\/2024\/06\/Screenshot_2024-06-28_235446-768x570.png 768w, https:\/\/defrentealaverdad.com\/wp-content\/uploads\/2024\/06\/Screenshot_2024-06-28_235446.png 822w\" data-sizes=\"(max-width: 300px) 100vw, 300px\" src=\"data:image\/svg+xml;base64,PHN2ZyB3aWR0aD0iMSIgaGVpZ2h0PSIxIiB4bWxucz0iaHR0cDovL3d3dy53My5vcmcvMjAwMC9zdmciPjwvc3ZnPg==\" style=\"--smush-placeholder-width: 300px; --smush-placeholder-aspect-ratio: 300\/223;\" \/><\/p>\n<p style=\"text-align: justify;\">La jornada cont\u00f3 con la participa\u00f3n activa de jueces titulares, directores, encargados y m\u00e1s de 50 colaboradores de la Alta Corte, donde 6,135 libras de basura recolectadas en toda el \u00e1rea de playa, superando las expectativas de 2,500 libras que era la meta.<\/p>\n<p style=\"text-align: justify;\">Retiraron de la orilla de la playa vasos fon, trozos de maderas, algas, botellas pl\u00e1sticas, objetos de cristal, y otros desechos. Los colaboradores dedicaron su tiempo y esfuerzo a contribuir con reducir residuos y desechos de la playa.<\/p>\n<blockquote><p>La actividad fue coordinada por la Direcci\u00f3n de Gesti\u00f3n del Talento Humanos del TSE.<\/p><\/blockquote>\n<p style=\"text-align: justify;\">Los magistrados titulares Hermenegilda del Rosario Fondeur Ram\u00edrez y Pedro Pablo Yermenos Forastieri, formaron parte de la jornada de limpieza.<\/p>\n<blockquote>\n<p style=\"text-align: justify;\">\u201cEsta es una actividad que pone de manifiesto un compromiso, de nuestra instituci\u00f3n, el medio ambiente nos afecta a todos. Efectivamente, los problemas que est\u00e1 viviendo el medio ambiente son grandes y reales, hay que crear consciencia de eso para contribuir y reducir los desechos con los que est\u00e1 siendo atacado el medio ambiente\u201d, expres\u00f3 el magistrado Yermenos.<\/p>\n<\/blockquote>\n<p style=\"text-align: justify;\">Mientras que la magistrada Fondeur Ramirez agradeci\u00f3 a los colaboradores y al presidente del Tribunal, Ygnacio Pascual Camacho Hidalgo, por permitir la integraci\u00f3n de los colaboradores en la jornada.<\/p>\n<p style=\"text-align: justify;\">Exhort\u00f3 a las dem\u00e1s instituciones a tomar el ejemplo para que multipliquen jornadas de limpieza en favor del medioambiente.<\/p>\n<p style=\"text-align: justify;\">El TSE tiene como prop\u00f3sito no solo mantener las playas limpias y seguras, sino tambi\u00e9n fomentar la conciencia ambiental ante la poblaci\u00f3n dominicana.<\/p>\n<blockquote>\n<p style=\"text-align: justify;\">La jornada fue realizada en horario de 8:00 de la ma\u00f1ana a 12:00 del mediod\u00eda.<\/p>\n<\/blockquote>\n<p style=\"text-align: justify;\">Fuente: TSE<\/p>\n","protected":false},"excerpt":{"rendered":"<p>Por F\u00e9lix Rubio M\u00e1s de 50 colaboradores se integraron y recolectaron 6,135 libras de basura<\/p>\n","protected":false},"author":1,"featured_media":0,"comment_status":"open","ping_status":"open","sticky":false,"template":"","format":"standard","meta":{"footnotes":""},"categories":[7],"tags":[],"class_list":["post-19324","post","type-post","status-publish","format-standard","hentry","category-nacionales"],"_links":{"self":[{"href":"https:\/\/defrentealaverdad.com\/index.php\/wp-json\/wp\/v2\/posts\/19324","targetHints":{"allow":["GET"]}}],"collection":[{"href":"https:\/\/defrentealaverdad.com\/index.php\/wp-json\/wp\/v2\/posts"}],"about":[{"href":"https:\/\/defrentealaverdad.com\/index.php\/wp-json\/wp\/v2\/types\/post"}],"author":[{"embeddable":true,"href":"https:\/\/defrentealaverdad.com\/index.php\/wp-json\/wp\/v2\/users\/1"}],"replies":[{"embeddable":true,"href":"https:\/\/defrentealaverdad.com\/index.php\/wp-json\/wp\/v2\/comments?post=19324"}],"version-history":[{"count":3,"href":"https:\/\/defrentealaverdad.com\/index.php\/wp-json\/wp\/v2\/posts\/19324\/revisions"}],"predecessor-version":[{"id":19328,"href":"https:\/\/defrentealaverdad.com\/index.php\/wp-json\/wp\/v2\/posts\/19324\/revisions\/19328"}],"wp:attachment":[{"href":"https:\/\/defrentealaverdad.com\/index.php\/wp-json\/wp\/v2\/media?parent=19324"}],"wp:term":[{"taxonomy":"category","embeddable":true,"href":"https:\/\/defrentealaverdad.com\/index.php\/wp-json\/wp\/v2\/categories?post=19324"},{"taxonomy":"post_tag","embeddable":true,"href":"https:\/\/defrentealaverdad.com\/index.php\/wp-json\/wp\/v2\/tags?post=19324"}],"curies":[{"name":"wp","href":"https:\/\/api.w.org\/{rel}","templated":true}]}}