{"id":18954,"date":"2024-06-24T12:58:18","date_gmt":"2024-06-24T12:58:18","guid":{"rendered":"https:\/\/defrentealaverdad.com\/?p=18954"},"modified":"2024-06-24T12:58:18","modified_gmt":"2024-06-24T12:58:18","slug":"barbecue-pide-dialogo-y-asegura-que-permitira-que-la-paz-vuelva-a-haiti","status":"publish","type":"post","link":"https:\/\/defrentealaverdad.com\/index.php\/2024\/06\/24\/barbecue-pide-dialogo-y-asegura-que-permitira-que-la-paz-vuelva-a-haiti\/","title":{"rendered":"\u201cBarbecue\u201d pide di\u00e1logo y asegura que permitir\u00e1 que la paz vuelva a Hait\u00ed"},"content":{"rendered":"<header class=\"entry-header\"><\/header>\n<div class=\"entry-meta entry-meta-main\"><\/div>\n<figure class=\"post-thumbnail\"><img decoding=\"async\" class=\"post-thumbnail__img wp-post-image lazyload\" data-src=\"https:\/\/robertocavada.com\/wp-content\/uploads\/2024\/06\/IMG_7765.jpeg\" alt=\"\u201cBarbecue\u201d pide di\u00e1logo y asegura que permitir\u00e1 que la paz vuelva a Hait\u00ed\" width=\"770\" height=\"513\" src=\"data:image\/svg+xml;base64,PHN2ZyB3aWR0aD0iMSIgaGVpZ2h0PSIxIiB4bWxucz0iaHR0cDovL3d3dy53My5vcmcvMjAwMC9zdmciPjwvc3ZnPg==\" style=\"--smush-placeholder-width: 770px; --smush-placeholder-aspect-ratio: 770\/513;\" \/><\/figure>\n<div class=\"entry-content\">\n<div id=\"st-1\" class=\"sharethis-inline-share-buttons st-center st-lang-es st-has-labels  st-inline-share-buttons st-animated\">\n<div class=\"st-btn st-last st-remove-label\" data-network=\"whatsapp\">El medio haitiano Am\u00e9ricainfo7 inform\u00f3 que Jimmy Cherizier, alias Barbecue\u201d, el l\u00edder de la alianza de las bandas conocida como Vivansanm, envi\u00f3 un mensaje al gobierno pidiendo un di\u00e1logo.<\/div>\n<\/div>\n<div id=\"advads-f6754d0d98e889201401ff01e337d6ef\" class=\"advads-f6754d0d98e889201401ff01e337d6ef advads-content-first-paragraph\">\n<div id=\"advads-631928507\" class=\"advads-content-first-paragraph\">\n<div id=\"advads-942806246\" data-advads-trackid=\"400526\" data-advads-trackbid=\"1\">Seg\u00fan el peri\u00f3dico, esta petici\u00f3n se hizo por medio de un v\u00eddeo dedicado para el primer ministro Garry Conille.<\/div>\n<\/div>\n<\/div>\n<p>El expolic\u00eda dijo que est\u00e1n dispuestos a permanecer en sus lugares, y permitir que se reanude la paz en Hait\u00ed.<\/p>\n<div id=\"advads-4941c848ce95cc4a53646e274d186a3c\" class=\"advads-4941c848ce95cc4a53646e274d186a3c advads-content-middle\">\n<div id=\"advads-1288701034\" class=\"advads-content-middle\">\n<div id=\"advads-1877778554\" data-advads-trackid=\"399298\" data-advads-trackbid=\"1\">Esta es la primera vez que la coalici\u00f3n de pandillas Vivansanm aborda el tema con el primer ministro.<\/div>\n<\/div>\n<\/div>\n<p>Recordemos que hace unos d\u00edas se dijo que las pandillas est\u00e1n en modo de observaci\u00f3n, desde el asesinato de los 3 polic\u00edas de D\u00e9lma.<\/p>\n<p>El l\u00edder pandillero reacciona ante el anuncio de Kenia de que a partir del martes desplegar\u00e1 sus tropas para la misi\u00f3n de paz.<\/p>\n<p><img decoding=\"async\" class=\"wp-image-404515 lazyload\" data-src=\"https:\/\/robertocavada.com\/wp-content\/uploads\/2024\/06\/1fd1363c-3752-43f6-8bf1-5f518768444d-630x1024.jpeg\" data-sizes=\"(max-width: 630px) 100vw, 630px\" data-srcset=\"https:\/\/robertocavada.com\/wp-content\/uploads\/2024\/06\/1fd1363c-3752-43f6-8bf1-5f518768444d-630x1024.jpeg 630w, https:\/\/robertocavada.com\/wp-content\/uploads\/2024\/06\/1fd1363c-3752-43f6-8bf1-5f518768444d-185x300.jpeg 185w, https:\/\/robertocavada.com\/wp-content\/uploads\/2024\/06\/1fd1363c-3752-43f6-8bf1-5f518768444d-768x1249.jpeg 768w, https:\/\/robertocavada.com\/wp-content\/uploads\/2024\/06\/1fd1363c-3752-43f6-8bf1-5f518768444d-945x1536.jpeg 945w, https:\/\/robertocavada.com\/wp-content\/uploads\/2024\/06\/1fd1363c-3752-43f6-8bf1-5f518768444d-370x602.jpeg 370w, https:\/\/robertocavada.com\/wp-content\/uploads\/2024\/06\/1fd1363c-3752-43f6-8bf1-5f518768444d.jpeg 984w\" alt=\"\" width=\"630\" height=\"1024\" data-id=\"404515\" src=\"data:image\/svg+xml;base64,PHN2ZyB3aWR0aD0iMSIgaGVpZ2h0PSIxIiB4bWxucz0iaHR0cDovL3d3dy53My5vcmcvMjAwMC9zdmciPjwvc3ZnPg==\" style=\"--smush-placeholder-width: 630px; --smush-placeholder-aspect-ratio: 630\/1024;\" \/><\/p>\n<p>Fuente: RC Noticias<\/p>\n<\/div>\n","protected":false},"excerpt":{"rendered":"<p>El medio haitiano Am\u00e9ricainfo7 inform\u00f3 que Jimmy Cherizier, alias Barbecue\u201d, el l\u00edder de la alianza<\/p>\n","protected":false},"author":4,"featured_media":0,"comment_status":"open","ping_status":"open","sticky":false,"template":"","format":"standard","meta":{"footnotes":""},"categories":[16],"tags":[],"class_list":["post-18954","post","type-post","status-publish","format-standard","hentry","category-internacionales"],"_links":{"self":[{"href":"https:\/\/defrentealaverdad.com\/index.php\/wp-json\/wp\/v2\/posts\/18954","targetHints":{"allow":["GET"]}}],"collection":[{"href":"https:\/\/defrentealaverdad.com\/index.php\/wp-json\/wp\/v2\/posts"}],"about":[{"href":"https:\/\/defrentealaverdad.com\/index.php\/wp-json\/wp\/v2\/types\/post"}],"author":[{"embeddable":true,"href":"https:\/\/defrentealaverdad.com\/index.php\/wp-json\/wp\/v2\/users\/4"}],"replies":[{"embeddable":true,"href":"https:\/\/defrentealaverdad.com\/index.php\/wp-json\/wp\/v2\/comments?post=18954"}],"version-history":[{"count":1,"href":"https:\/\/defrentealaverdad.com\/index.php\/wp-json\/wp\/v2\/posts\/18954\/revisions"}],"predecessor-version":[{"id":18955,"href":"https:\/\/defrentealaverdad.com\/index.php\/wp-json\/wp\/v2\/posts\/18954\/revisions\/18955"}],"wp:attachment":[{"href":"https:\/\/defrentealaverdad.com\/index.php\/wp-json\/wp\/v2\/media?parent=18954"}],"wp:term":[{"taxonomy":"category","embeddable":true,"href":"https:\/\/defrentealaverdad.com\/index.php\/wp-json\/wp\/v2\/categories?post=18954"},{"taxonomy":"post_tag","embeddable":true,"href":"https:\/\/defrentealaverdad.com\/index.php\/wp-json\/wp\/v2\/tags?post=18954"}],"curies":[{"name":"wp","href":"https:\/\/api.w.org\/{rel}","templated":true}]}}