{"id":1887,"date":"2022-09-30T14:15:20","date_gmt":"2022-09-30T14:15:20","guid":{"rendered":"https:\/\/defrentealaverdad.com\/?p=1887"},"modified":"2024-11-19T19:28:43","modified_gmt":"2024-11-19T19:28:43","slug":"1887","status":"publish","type":"post","link":"https:\/\/defrentealaverdad.com\/index.php\/2022\/09\/30\/1887\/","title":{"rendered":"Sentido p\u00e9same a ra\u00edz de la muerte del reconocido periodista Robert Vargas"},"content":{"rendered":"<p style=\"text-align: justify;\"><img decoding=\"async\" class=\"alignnone size-full wp-image-1888 lazyload\" data-src=\"https:\/\/defrentealaverdad.com\/wp-content\/uploads\/2022\/09\/images-1-1.jpeg\" alt=\"\" width=\"201\" height=\"251\" src=\"data:image\/svg+xml;base64,PHN2ZyB3aWR0aD0iMSIgaGVpZ2h0PSIxIiB4bWxucz0iaHR0cDovL3d3dy53My5vcmcvMjAwMC9zdmciPjwvc3ZnPg==\" style=\"--smush-placeholder-width: 201px; --smush-placeholder-aspect-ratio: 201\/251;\" \/><\/p>\n<p style=\"text-align: justify;\">Santo Domingo Este.-Falleci\u00f2 a tempranas horas de la ma\u00f1ana de este viernes el conocido periodista Robert Vargas, tras padecer serios quebranto de salud que lo mantenian recluido en un centro m\u00eadico de la ciudad capital.<\/p>\n<p style=\"text-align: justify;\">Vargas, de 65 a\u00f1os, estuvo recluido durante m\u00e2s de un mes en distintos centros de salud, y a la hora de su muerte se encontraba hospitalizado en el centro m\u00eadico Elohim, de la zona universitaria.<\/p>\n<p style=\"text-align: justify;\">Falleci\u00f2 tras sufrir varios infartos mientras era atendido en la unidad de cuidados intensivos del referido establecimiento de salud.<\/p>\n<p style=\"text-align: justify;\">Seg\u00fan informaci\u00f2n dada por uno de sus familiares, el principal trastorno que estuvo padecido Vargas,\u00a0 y que pudo haber sido el detonante de su muerte fue el Sindrome del sue\u00f1o.<\/p>\n<p style=\"text-align: justify;\">El staff de periodistas de nuestro peri\u00f2dico, se une al dolor de la clase periodistica y de su familiares. Paz a su alma.<\/p>\n","protected":false},"excerpt":{"rendered":"<p>Santo Domingo Este.-Falleci\u00f2 a tempranas horas de la ma\u00f1ana de este viernes el conocido periodista<\/p>\n","protected":false},"author":4,"featured_media":0,"comment_status":"open","ping_status":"open","sticky":false,"template":"","format":"standard","meta":{"footnotes":""},"categories":[7],"tags":[],"class_list":["post-1887","post","type-post","status-publish","format-standard","hentry","category-nacionales"],"_links":{"self":[{"href":"https:\/\/defrentealaverdad.com\/index.php\/wp-json\/wp\/v2\/posts\/1887","targetHints":{"allow":["GET"]}}],"collection":[{"href":"https:\/\/defrentealaverdad.com\/index.php\/wp-json\/wp\/v2\/posts"}],"about":[{"href":"https:\/\/defrentealaverdad.com\/index.php\/wp-json\/wp\/v2\/types\/post"}],"author":[{"embeddable":true,"href":"https:\/\/defrentealaverdad.com\/index.php\/wp-json\/wp\/v2\/users\/4"}],"replies":[{"embeddable":true,"href":"https:\/\/defrentealaverdad.com\/index.php\/wp-json\/wp\/v2\/comments?post=1887"}],"version-history":[{"count":4,"href":"https:\/\/defrentealaverdad.com\/index.php\/wp-json\/wp\/v2\/posts\/1887\/revisions"}],"predecessor-version":[{"id":1911,"href":"https:\/\/defrentealaverdad.com\/index.php\/wp-json\/wp\/v2\/posts\/1887\/revisions\/1911"}],"wp:attachment":[{"href":"https:\/\/defrentealaverdad.com\/index.php\/wp-json\/wp\/v2\/media?parent=1887"}],"wp:term":[{"taxonomy":"category","embeddable":true,"href":"https:\/\/defrentealaverdad.com\/index.php\/wp-json\/wp\/v2\/categories?post=1887"},{"taxonomy":"post_tag","embeddable":true,"href":"https:\/\/defrentealaverdad.com\/index.php\/wp-json\/wp\/v2\/tags?post=1887"}],"curies":[{"name":"wp","href":"https:\/\/api.w.org\/{rel}","templated":true}]}}