{"id":18662,"date":"2024-06-19T16:44:06","date_gmt":"2024-06-19T16:44:06","guid":{"rendered":"https:\/\/defrentealaverdad.com\/?p=18662"},"modified":"2024-11-19T19:21:37","modified_gmt":"2024-11-19T19:21:37","slug":"policia-comunitaria-realiza-operativo-capotillo-en-colaboracion-con-otras-instituciones","status":"publish","type":"post","link":"https:\/\/defrentealaverdad.com\/index.php\/2024\/06\/19\/policia-comunitaria-realiza-operativo-capotillo-en-colaboracion-con-otras-instituciones\/","title":{"rendered":"Polic\u00eda Comunitaria realiza operativo Capotillo en colaboraci\u00f3n con otras instituciones"},"content":{"rendered":"<p style=\"text-align: justify;\"><img decoding=\"async\" class=\"size-medium wp-image-18663 alignleft lazyload\" data-src=\"https:\/\/defrentealaverdad.com\/wp-content\/uploads\/2024\/06\/IMG-20240619-WA0030-300x225.jpg\" alt=\"\" width=\"300\" height=\"225\" data-srcset=\"https:\/\/defrentealaverdad.com\/wp-content\/uploads\/2024\/06\/IMG-20240619-WA0030-300x225.jpg 300w, https:\/\/defrentealaverdad.com\/wp-content\/uploads\/2024\/06\/IMG-20240619-WA0030-1024x768.jpg 1024w, https:\/\/defrentealaverdad.com\/wp-content\/uploads\/2024\/06\/IMG-20240619-WA0030-768x576.jpg 768w, https:\/\/defrentealaverdad.com\/wp-content\/uploads\/2024\/06\/IMG-20240619-WA0030-720x540.jpg 720w, https:\/\/defrentealaverdad.com\/wp-content\/uploads\/2024\/06\/IMG-20240619-WA0030.jpg 1280w\" data-sizes=\"(max-width: 300px) 100vw, 300px\" src=\"data:image\/svg+xml;base64,PHN2ZyB3aWR0aD0iMSIgaGVpZ2h0PSIxIiB4bWxucz0iaHR0cDovL3d3dy53My5vcmcvMjAwMC9zdmciPjwvc3ZnPg==\" style=\"--smush-placeholder-width: 300px; --smush-placeholder-aspect-ratio: 300\/225;\" \/><\/p>\n<p style=\"text-align: justify;\">La direcci\u00f3n de Polic\u00eda Comunitaria realiz\u00f3 un\u00a0 operativo en el sector de Capotillo, Distrito Nacional, donde se instalaron m\u00e1s de 10 l\u00e1mparas, limpieza de varios pozos filtrantes y alcantarillas en un\u00a0 esfuerzo\u00a0 que cont\u00f3 con la colaboraci\u00f3n de diversas instituciones, entre estas la Empresa Distribuidora de Electricidad del Este (EDEESTE), el Ayuntamiento del Distrito Nacional (ADN) y el Ministerio de Obras P\u00fablicas y Comunicaciones (MOPC).<\/p>\n<p style=\"text-align: justify;\"><img decoding=\"async\" class=\"size-medium wp-image-18665 alignright lazyload\" data-src=\"https:\/\/defrentealaverdad.com\/wp-content\/uploads\/2024\/06\/IMG-20240619-WA0031-300x169.jpg\" alt=\"\" width=\"300\" height=\"169\" data-srcset=\"https:\/\/defrentealaverdad.com\/wp-content\/uploads\/2024\/06\/IMG-20240619-WA0031-300x169.jpg 300w, https:\/\/defrentealaverdad.com\/wp-content\/uploads\/2024\/06\/IMG-20240619-WA0031-1024x576.jpg 1024w, https:\/\/defrentealaverdad.com\/wp-content\/uploads\/2024\/06\/IMG-20240619-WA0031-768x432.jpg 768w, https:\/\/defrentealaverdad.com\/wp-content\/uploads\/2024\/06\/IMG-20240619-WA0031-1536x864.jpg 1536w, https:\/\/defrentealaverdad.com\/wp-content\/uploads\/2024\/06\/IMG-20240619-WA0031-800x450.jpg 800w, https:\/\/defrentealaverdad.com\/wp-content\/uploads\/2024\/06\/IMG-20240619-WA0031.jpg 1600w\" data-sizes=\"(max-width: 300px) 100vw, 300px\" src=\"data:image\/svg+xml;base64,PHN2ZyB3aWR0aD0iMSIgaGVpZ2h0PSIxIiB4bWxucz0iaHR0cDovL3d3dy53My5vcmcvMjAwMC9zdmciPjwvc3ZnPg==\" style=\"--smush-placeholder-width: 300px; --smush-placeholder-aspect-ratio: 300\/169;\" \/><\/p>\n<p style=\"text-align: justify;\">Un equipo de gestores de esta unidad en representaci\u00f3n del director, coronel Pascual Cruz M\u00e9ndez, particip\u00f3 activamente en el operativo junto a los comunitarios del sector quienes hab\u00edan solicitado la soluci\u00f3n a varias problem\u00e1ticas que les afectaban .<\/p>\n<p style=\"text-align: justify;\"><img decoding=\"async\" class=\"size-medium wp-image-18664 alignleft lazyload\" data-src=\"https:\/\/defrentealaverdad.com\/wp-content\/uploads\/2024\/06\/IMG-20240619-WA0032-225x300.jpg\" alt=\"\" width=\"225\" height=\"300\" data-srcset=\"https:\/\/defrentealaverdad.com\/wp-content\/uploads\/2024\/06\/IMG-20240619-WA0032-225x300.jpg 225w, https:\/\/defrentealaverdad.com\/wp-content\/uploads\/2024\/06\/IMG-20240619-WA0032-768x1024.jpg 768w, https:\/\/defrentealaverdad.com\/wp-content\/uploads\/2024\/06\/IMG-20240619-WA0032-1152x1536.jpg 1152w, https:\/\/defrentealaverdad.com\/wp-content\/uploads\/2024\/06\/IMG-20240619-WA0032-450x600.jpg 450w, https:\/\/defrentealaverdad.com\/wp-content\/uploads\/2024\/06\/IMG-20240619-WA0032.jpg 1200w\" data-sizes=\"(max-width: 225px) 100vw, 225px\" src=\"data:image\/svg+xml;base64,PHN2ZyB3aWR0aD0iMSIgaGVpZ2h0PSIxIiB4bWxucz0iaHR0cDovL3d3dy53My5vcmcvMjAwMC9zdmciPjwvc3ZnPg==\" style=\"--smush-placeholder-width: 225px; --smush-placeholder-aspect-ratio: 225\/300;\" \/><\/p>\n<p style=\"text-align: justify;\">Iluminaci\u00f3n de calles, pozos filtrantes tapados, recogida de\u00a0 basura fueron parte de las solicitudes expuestas por los comunitarios y juntas de vecinos, qui\u00e9nes agradecieron a la Polic\u00eda Comunitaria por el aporte a las soluciones sociales y de convivencia.<\/p>\n<p style=\"text-align: justify;\">En el evento estuvo presente, Nuris Bueno, presidenta Junta de Vecinos \u00bb Renovaci\u00f3n de Capotillo\u00bb, l\u00edderes comunitarios , miembros policiales, entre otras personalidades.<\/p>\n<p style=\"text-align: justify;\">Fuente: Calibrando la Noticia<\/p>\n","protected":false},"excerpt":{"rendered":"<p>La direcci\u00f3n de Polic\u00eda Comunitaria realiz\u00f3 un\u00a0 operativo en el sector de Capotillo, Distrito Nacional,<\/p>\n","protected":false},"author":1,"featured_media":0,"comment_status":"open","ping_status":"open","sticky":false,"template":"","format":"standard","meta":{"footnotes":""},"categories":[7],"tags":[],"class_list":["post-18662","post","type-post","status-publish","format-standard","hentry","category-nacionales"],"_links":{"self":[{"href":"https:\/\/defrentealaverdad.com\/index.php\/wp-json\/wp\/v2\/posts\/18662","targetHints":{"allow":["GET"]}}],"collection":[{"href":"https:\/\/defrentealaverdad.com\/index.php\/wp-json\/wp\/v2\/posts"}],"about":[{"href":"https:\/\/defrentealaverdad.com\/index.php\/wp-json\/wp\/v2\/types\/post"}],"author":[{"embeddable":true,"href":"https:\/\/defrentealaverdad.com\/index.php\/wp-json\/wp\/v2\/users\/1"}],"replies":[{"embeddable":true,"href":"https:\/\/defrentealaverdad.com\/index.php\/wp-json\/wp\/v2\/comments?post=18662"}],"version-history":[{"count":1,"href":"https:\/\/defrentealaverdad.com\/index.php\/wp-json\/wp\/v2\/posts\/18662\/revisions"}],"predecessor-version":[{"id":18666,"href":"https:\/\/defrentealaverdad.com\/index.php\/wp-json\/wp\/v2\/posts\/18662\/revisions\/18666"}],"wp:attachment":[{"href":"https:\/\/defrentealaverdad.com\/index.php\/wp-json\/wp\/v2\/media?parent=18662"}],"wp:term":[{"taxonomy":"category","embeddable":true,"href":"https:\/\/defrentealaverdad.com\/index.php\/wp-json\/wp\/v2\/categories?post=18662"},{"taxonomy":"post_tag","embeddable":true,"href":"https:\/\/defrentealaverdad.com\/index.php\/wp-json\/wp\/v2\/tags?post=18662"}],"curies":[{"name":"wp","href":"https:\/\/api.w.org\/{rel}","templated":true}]}}