{"id":18656,"date":"2024-06-19T03:03:56","date_gmt":"2024-06-19T03:03:56","guid":{"rendered":"https:\/\/defrentealaverdad.com\/?p=18656"},"modified":"2024-06-19T03:03:56","modified_gmt":"2024-06-19T03:03:56","slug":"detienen-venezolana-por-muerte-hijo-del-presidente-de-adocco","status":"publish","type":"post","link":"https:\/\/defrentealaverdad.com\/index.php\/2024\/06\/19\/detienen-venezolana-por-muerte-hijo-del-presidente-de-adocco\/","title":{"rendered":"Detienen venezolana por muerte hijo del presidente de ADOCCO"},"content":{"rendered":"<p style=\"text-align: justify;\"><img decoding=\"async\" class=\"size-medium wp-image-18657 alignleft lazyload\" data-src=\"https:\/\/defrentealaverdad.com\/wp-content\/uploads\/2024\/06\/Screenshot_2024-06-18_232511-300x245.png\" alt=\"\" width=\"300\" height=\"245\" data-srcset=\"https:\/\/defrentealaverdad.com\/wp-content\/uploads\/2024\/06\/Screenshot_2024-06-18_232511-300x245.png 300w, https:\/\/defrentealaverdad.com\/wp-content\/uploads\/2024\/06\/Screenshot_2024-06-18_232511-768x628.png 768w, https:\/\/defrentealaverdad.com\/wp-content\/uploads\/2024\/06\/Screenshot_2024-06-18_232511.png 864w\" data-sizes=\"(max-width: 300px) 100vw, 300px\" src=\"data:image\/svg+xml;base64,PHN2ZyB3aWR0aD0iMSIgaGVpZ2h0PSIxIiB4bWxucz0iaHR0cDovL3d3dy53My5vcmcvMjAwMC9zdmciPjwvc3ZnPg==\" style=\"--smush-placeholder-width: 300px; --smush-placeholder-aspect-ratio: 300\/245;\" \/><\/p>\n<p style=\"text-align: justify;\">Santo Domingo.- La Polic\u00eda Nacional inform\u00f3 que fue detenida y enviada ante la Fiscal\u00eda Especial de Tr\u00e1nsito del Distrito Nacional la mujer que fue identificada como la persona que conduc\u00eda el veh\u00edculo involucrado en el accidente bajo investigaci\u00f3n en el que falleci\u00f3 el joven Julio C\u00e9sar de la Rosa Peralta, de 34 a\u00f1os, hijo del presidente de la Alianza Dominicana contra la Corrupci\u00f3n (ADOCCO), doctor Julio C\u00e9sar de la Rosa, en un hecho ocurrido en horas de la noche del pasado s\u00e1bado.<\/p>\n<p style=\"text-align: justify;\">La instituci\u00f3n del orden dijo que se trata de la ciudadana venezolana Scarlet Valentina Mujica Zapata, de 27 a\u00f1os, conductora de la jeepeta marca Hyundai, modelo Santa Fe, a\u00f1o 2018, placa No. G691685, la cual fue localizada en un estacionamiento del sector de Honduras, del Distrito Nacional.<\/p>\n<p style=\"text-align: justify;\"><strong>El veh\u00edculo involucrado en el accidente.<\/strong><\/p>\n<p style=\"text-align: justify;\">Asimismo, inform\u00f3 que personal de la Direcci\u00f3n de \u00c1rea de la Polic\u00eda Cient\u00edfica realizaron los an\u00e1lisis correspondientes al citado veh\u00edculo, el cual fue trasladado hacia la sede central de la instituci\u00f3n del orden.<\/p>\n<p style=\"text-align: justify;\">La conductora ser\u00e1 investigada por la citada instancia judicial antes referida, por el hecho en cuesti\u00f3n, tomando en cuenta las evidencias colectadas por los peritos forenses y lo que contempla la Ley 63-17 sobre Movilidad, Transporte, Terrestre, Tr\u00e1nsito y Seguridad Vial de Rep\u00fablica Dominicana, en este tipo de casos.<\/p>\n<p style=\"text-align: justify;\">Fuente: \u00daltimas Noticias<\/p>\n","protected":false},"excerpt":{"rendered":"<p>Santo Domingo.- La Polic\u00eda Nacional inform\u00f3 que fue detenida y enviada ante la Fiscal\u00eda Especial<\/p>\n","protected":false},"author":2,"featured_media":0,"comment_status":"open","ping_status":"open","sticky":false,"template":"","format":"standard","meta":{"footnotes":""},"categories":[7],"tags":[],"class_list":["post-18656","post","type-post","status-publish","format-standard","hentry","category-nacionales"],"_links":{"self":[{"href":"https:\/\/defrentealaverdad.com\/index.php\/wp-json\/wp\/v2\/posts\/18656","targetHints":{"allow":["GET"]}}],"collection":[{"href":"https:\/\/defrentealaverdad.com\/index.php\/wp-json\/wp\/v2\/posts"}],"about":[{"href":"https:\/\/defrentealaverdad.com\/index.php\/wp-json\/wp\/v2\/types\/post"}],"author":[{"embeddable":true,"href":"https:\/\/defrentealaverdad.com\/index.php\/wp-json\/wp\/v2\/users\/2"}],"replies":[{"embeddable":true,"href":"https:\/\/defrentealaverdad.com\/index.php\/wp-json\/wp\/v2\/comments?post=18656"}],"version-history":[{"count":1,"href":"https:\/\/defrentealaverdad.com\/index.php\/wp-json\/wp\/v2\/posts\/18656\/revisions"}],"predecessor-version":[{"id":18658,"href":"https:\/\/defrentealaverdad.com\/index.php\/wp-json\/wp\/v2\/posts\/18656\/revisions\/18658"}],"wp:attachment":[{"href":"https:\/\/defrentealaverdad.com\/index.php\/wp-json\/wp\/v2\/media?parent=18656"}],"wp:term":[{"taxonomy":"category","embeddable":true,"href":"https:\/\/defrentealaverdad.com\/index.php\/wp-json\/wp\/v2\/categories?post=18656"},{"taxonomy":"post_tag","embeddable":true,"href":"https:\/\/defrentealaverdad.com\/index.php\/wp-json\/wp\/v2\/tags?post=18656"}],"curies":[{"name":"wp","href":"https:\/\/api.w.org\/{rel}","templated":true}]}}