{"id":1860,"date":"2022-09-27T19:09:06","date_gmt":"2022-09-27T19:09:06","guid":{"rendered":"https:\/\/defrentealaverdad.com\/?p=1860"},"modified":"2022-09-27T19:09:06","modified_gmt":"2022-09-27T19:09:06","slug":"gana-nuestra-miss-cayena-dominicana-el-certamen-reina-internacional-de-los-mares-y-el-turismo2022","status":"publish","type":"post","link":"https:\/\/defrentealaverdad.com\/index.php\/2022\/09\/27\/gana-nuestra-miss-cayena-dominicana-el-certamen-reina-internacional-de-los-mares-y-el-turismo2022\/","title":{"rendered":"Gana nuestra Miss Cayena Dominicana el certamen Reina internacional de los mares y el turismo2022."},"content":{"rendered":"<p><img decoding=\"async\" class=\"alignnone size-medium wp-image-1861 lazyload\" data-src=\"https:\/\/defrentealaverdad.com\/wp-content\/uploads\/2022\/09\/WhatsApp-Image-2022-09-27-at-1.19.32-PM-1-244x300.jpeg\" alt=\"\" width=\"244\" height=\"300\" data-srcset=\"https:\/\/defrentealaverdad.com\/wp-content\/uploads\/2022\/09\/WhatsApp-Image-2022-09-27-at-1.19.32-PM-1-244x300.jpeg 244w, https:\/\/defrentealaverdad.com\/wp-content\/uploads\/2022\/09\/WhatsApp-Image-2022-09-27-at-1.19.32-PM-1-768x945.jpeg 768w, https:\/\/defrentealaverdad.com\/wp-content\/uploads\/2022\/09\/WhatsApp-Image-2022-09-27-at-1.19.32-PM-1.jpeg 832w\" data-sizes=\"(max-width: 244px) 100vw, 244px\" src=\"data:image\/svg+xml;base64,PHN2ZyB3aWR0aD0iMSIgaGVpZ2h0PSIxIiB4bWxucz0iaHR0cDovL3d3dy53My5vcmcvMjAwMC9zdmciPjwvc3ZnPg==\" style=\"--smush-placeholder-width: 244px; --smush-placeholder-aspect-ratio: 244\/300;\" \/><\/p>\n<p>El pasado s\u00e1bado 24 de septiembre, se celebr\u00f3 en Costa Rica el certamen internacional donde la representante Dominicana Yailin Fern\u00e1ndez, actual Miss Cayena Dominicana y Virreina de los Continentes del Mundo, s\u00e9 alz\u00f3 con la corona principal del evento dejando en alto la bandera de la Rep\u00fablica Dominicana.<\/p>\n<p>Acompa\u00f1ada por sus directores el dise\u00f1ador Benito Antonio y el Licenciado Giordani Felipe, la Miss Cayena Dominicana compiti\u00f3 ante un grupo de candidatas de varios pa\u00edses como Brasil, Puerto Rico, Colombia, USA, Costa Rica, entre otros!!<\/p>\n<p>La soberana dominicana cautiv\u00f3 con su sabor del caribe, luciendo espectacular en cada salida con vestuarios del Dise\u00f1ador dominicano y director art\u00edstico de Miss Cayena Benito Antonio @benitoantoniod y para resaltar la belleza de cada creaci\u00f3n utiliz\u00f3 los accesorios de la dise\u00f1adora Ana G\u00f3mez @agaccesoriosrd<\/p>\n<p>!!Arriba la Rep\u00fablica Dominicana!!<\/p>\n","protected":false},"excerpt":{"rendered":"<p>El pasado s\u00e1bado 24 de septiembre, se celebr\u00f3 en Costa Rica el certamen internacional donde<\/p>\n","protected":false},"author":4,"featured_media":0,"comment_status":"open","ping_status":"open","sticky":false,"template":"","format":"standard","meta":{"footnotes":""},"categories":[6],"tags":[],"class_list":["post-1860","post","type-post","status-publish","format-standard","hentry","category-espectaculos"],"_links":{"self":[{"href":"https:\/\/defrentealaverdad.com\/index.php\/wp-json\/wp\/v2\/posts\/1860","targetHints":{"allow":["GET"]}}],"collection":[{"href":"https:\/\/defrentealaverdad.com\/index.php\/wp-json\/wp\/v2\/posts"}],"about":[{"href":"https:\/\/defrentealaverdad.com\/index.php\/wp-json\/wp\/v2\/types\/post"}],"author":[{"embeddable":true,"href":"https:\/\/defrentealaverdad.com\/index.php\/wp-json\/wp\/v2\/users\/4"}],"replies":[{"embeddable":true,"href":"https:\/\/defrentealaverdad.com\/index.php\/wp-json\/wp\/v2\/comments?post=1860"}],"version-history":[{"count":1,"href":"https:\/\/defrentealaverdad.com\/index.php\/wp-json\/wp\/v2\/posts\/1860\/revisions"}],"predecessor-version":[{"id":1863,"href":"https:\/\/defrentealaverdad.com\/index.php\/wp-json\/wp\/v2\/posts\/1860\/revisions\/1863"}],"wp:attachment":[{"href":"https:\/\/defrentealaverdad.com\/index.php\/wp-json\/wp\/v2\/media?parent=1860"}],"wp:term":[{"taxonomy":"category","embeddable":true,"href":"https:\/\/defrentealaverdad.com\/index.php\/wp-json\/wp\/v2\/categories?post=1860"},{"taxonomy":"post_tag","embeddable":true,"href":"https:\/\/defrentealaverdad.com\/index.php\/wp-json\/wp\/v2\/tags?post=1860"}],"curies":[{"name":"wp","href":"https:\/\/api.w.org\/{rel}","templated":true}]}}