{"id":18574,"date":"2024-06-18T22:37:16","date_gmt":"2024-06-18T22:37:16","guid":{"rendered":"https:\/\/defrentealaverdad.com\/?p=18574"},"modified":"2024-06-18T22:37:29","modified_gmt":"2024-06-18T22:37:29","slug":"fundacion-sur-futuro-y-unidos-por-san-cristobal-invita-a-entrega-de-obra","status":"publish","type":"post","link":"https:\/\/defrentealaverdad.com\/index.php\/2024\/06\/18\/fundacion-sur-futuro-y-unidos-por-san-cristobal-invita-a-entrega-de-obra\/","title":{"rendered":"Fundaci\u00f3n Sur Futuro y Unidos por San Crist\u00f3bal invita a entrega de obra"},"content":{"rendered":"<p style=\"text-align: justify;\"><img decoding=\"async\" class=\"size-medium wp-image-18575 aligncenter lazyload\" data-src=\"https:\/\/defrentealaverdad.com\/wp-content\/uploads\/2024\/06\/IMG-20240618-WA0130-300x300.jpg\" alt=\"\" width=\"300\" height=\"300\" data-srcset=\"https:\/\/defrentealaverdad.com\/wp-content\/uploads\/2024\/06\/IMG-20240618-WA0130-300x300.jpg 300w, https:\/\/defrentealaverdad.com\/wp-content\/uploads\/2024\/06\/IMG-20240618-WA0130-1024x1024.jpg 1024w, https:\/\/defrentealaverdad.com\/wp-content\/uploads\/2024\/06\/IMG-20240618-WA0130-150x150.jpg 150w, https:\/\/defrentealaverdad.com\/wp-content\/uploads\/2024\/06\/IMG-20240618-WA0130-768x768.jpg 768w, https:\/\/defrentealaverdad.com\/wp-content\/uploads\/2024\/06\/IMG-20240618-WA0130.jpg 1080w\" data-sizes=\"(max-width: 300px) 100vw, 300px\" src=\"data:image\/svg+xml;base64,PHN2ZyB3aWR0aD0iMSIgaGVpZ2h0PSIxIiB4bWxucz0iaHR0cDovL3d3dy53My5vcmcvMjAwMC9zdmciPjwvc3ZnPg==\" style=\"--smush-placeholder-width: 300px; --smush-placeholder-aspect-ratio: 300\/300;\" \/><\/p>\n<p style=\"text-align: justify;\">En Comunicado de Prensa enviado a nuestra Redacci\u00f3n,\u00a0 la Fundaci\u00f3n Sur Futuro y Unidos por San Crist\u00f3bal invita a los\/as interesados\/as al: \u201cActo de entrega de los trabajos de remozamiento, ampliaci\u00f3n y equipamiento de el Cuerpo de Bomberos de San Crist\u00f3bal\u201d.<\/p>\n<p style=\"text-align: justify;\">Dicha actividad se realizar\u00e1 este <strong>mi\u00e9rcoles 19 de junio de 2024, a las 11:00 a.m. <\/strong>La obra a entregarse \u00a0fue realizada con fondos recaudados en el <strong><em>Telemarat\u00f3n SOS San Crist\u00f3bal<\/em><\/strong> &#8211; Sur Futuro y Unidos por San Crist\u00f3bal. En la invitaci\u00f3n, se destaca que el\u00a0acto ser\u00e1 realizado en el Cuerpo de Bomberos de San Crist\u00f3bal en la avenida Constituci\u00f3n.<\/p>\n<p style=\"text-align: justify;\">Fuente: Direcci\u00f3n de Comunicaciones Sur Futuro<\/p>\n","protected":false},"excerpt":{"rendered":"<p>En Comunicado de Prensa enviado a nuestra Redacci\u00f3n,\u00a0 la Fundaci\u00f3n Sur Futuro y Unidos por<\/p>\n","protected":false},"author":2,"featured_media":0,"comment_status":"open","ping_status":"open","sticky":false,"template":"","format":"standard","meta":{"footnotes":""},"categories":[7],"tags":[],"class_list":["post-18574","post","type-post","status-publish","format-standard","hentry","category-nacionales"],"_links":{"self":[{"href":"https:\/\/defrentealaverdad.com\/index.php\/wp-json\/wp\/v2\/posts\/18574","targetHints":{"allow":["GET"]}}],"collection":[{"href":"https:\/\/defrentealaverdad.com\/index.php\/wp-json\/wp\/v2\/posts"}],"about":[{"href":"https:\/\/defrentealaverdad.com\/index.php\/wp-json\/wp\/v2\/types\/post"}],"author":[{"embeddable":true,"href":"https:\/\/defrentealaverdad.com\/index.php\/wp-json\/wp\/v2\/users\/2"}],"replies":[{"embeddable":true,"href":"https:\/\/defrentealaverdad.com\/index.php\/wp-json\/wp\/v2\/comments?post=18574"}],"version-history":[{"count":2,"href":"https:\/\/defrentealaverdad.com\/index.php\/wp-json\/wp\/v2\/posts\/18574\/revisions"}],"predecessor-version":[{"id":18577,"href":"https:\/\/defrentealaverdad.com\/index.php\/wp-json\/wp\/v2\/posts\/18574\/revisions\/18577"}],"wp:attachment":[{"href":"https:\/\/defrentealaverdad.com\/index.php\/wp-json\/wp\/v2\/media?parent=18574"}],"wp:term":[{"taxonomy":"category","embeddable":true,"href":"https:\/\/defrentealaverdad.com\/index.php\/wp-json\/wp\/v2\/categories?post=18574"},{"taxonomy":"post_tag","embeddable":true,"href":"https:\/\/defrentealaverdad.com\/index.php\/wp-json\/wp\/v2\/tags?post=18574"}],"curies":[{"name":"wp","href":"https:\/\/api.w.org\/{rel}","templated":true}]}}