{"id":18570,"date":"2024-06-18T22:32:07","date_gmt":"2024-06-18T22:32:07","guid":{"rendered":"https:\/\/defrentealaverdad.com\/?p=18570"},"modified":"2024-06-18T22:32:32","modified_gmt":"2024-06-18T22:32:32","slug":"regidor-michael-matos-propone-eliminacion-de-impuestos-para-viviendas-a-familias-de-escasos-recursos","status":"publish","type":"post","link":"https:\/\/defrentealaverdad.com\/index.php\/2024\/06\/18\/regidor-michael-matos-propone-eliminacion-de-impuestos-para-viviendas-a-familias-de-escasos-recursos\/","title":{"rendered":"Regidor Michael Matos Propone eliminaci\u00f3n de Impuestos para viviendas a familias de escasos recursos"},"content":{"rendered":"<p style=\"text-align: justify;\"><img decoding=\"async\" class=\"size-medium wp-image-18571 alignleft lazyload\" data-src=\"https:\/\/defrentealaverdad.com\/wp-content\/uploads\/2024\/06\/IMG-20240618-WA0124-223x300.jpg\" alt=\"\" width=\"223\" height=\"300\" data-srcset=\"https:\/\/defrentealaverdad.com\/wp-content\/uploads\/2024\/06\/IMG-20240618-WA0124-223x300.jpg 223w, https:\/\/defrentealaverdad.com\/wp-content\/uploads\/2024\/06\/IMG-20240618-WA0124-760x1024.jpg 760w, https:\/\/defrentealaverdad.com\/wp-content\/uploads\/2024\/06\/IMG-20240618-WA0124-768x1034.jpg 768w, https:\/\/defrentealaverdad.com\/wp-content\/uploads\/2024\/06\/IMG-20240618-WA0124-1140x1536.jpg 1140w, https:\/\/defrentealaverdad.com\/wp-content\/uploads\/2024\/06\/IMG-20240618-WA0124.jpg 1188w\" data-sizes=\"(max-width: 223px) 100vw, 223px\" src=\"data:image\/svg+xml;base64,PHN2ZyB3aWR0aD0iMSIgaGVpZ2h0PSIxIiB4bWxucz0iaHR0cDovL3d3dy53My5vcmcvMjAwMC9zdmciPjwvc3ZnPg==\" style=\"--smush-placeholder-width: 223px; --smush-placeholder-aspect-ratio: 223\/300;\" \/><\/p>\n<p style=\"text-align: justify;\">Santo Domingo Oeste, \u2013 El regidor del Partido Revolucionario Moderno (PRM), Michael Manuel Matos Montero, ante la Secretar\u00eda del Concejo de Regidores un proyecto innovador que busca aliviar la carga econ\u00f3mica de los ciudadanos de escasos recursos en Santo Domingo Oeste, solicitando al Ayuntamiento la eliminaci\u00f3n de los arbitrios por uso de suelo para viviendas de bajo costo.<\/p>\n<p style=\"text-align: justify;\">En la actualidad, las familias que residen en viviendas de menor valor enfrentan un desaf\u00edo adicional con los arbitrios municipales, representando una carga significativa para quienes se encuentran en situaci\u00f3n de vulnerabilidad econ\u00f3mica.<\/p>\n<p style=\"text-align: justify;\">Con esta iniciativa, el regidor Matos, busca eximir del arbitrio a estas familias, permiti\u00e9ndoles destinar sus recursos a otras necesidades b\u00e1sicas.<\/p>\n<blockquote>\n<p style=\"text-align: justify;\">\u00abEs fundamental que como municipio podamos ofrecer apoyo real a quienes m\u00e1s lo necesitan. Eliminar los arbitrios para las viviendas identificadas como econ\u00f3micas en nuestra tabla municipal es un paso crucial hacia la equidad y el bienestar de nuestros ciudadanos\u00bb, expres\u00f3 el regidor Matos.<\/p>\n<\/blockquote>\n<p style=\"text-align: justify;\">Cabe destacar que la eliminaci\u00f3n de estos arbitrios se limitar\u00eda espec\u00edficamente a viviendas de bajo costo, excluyendo grandes construcciones como edificios, naves industriales, locales comerciales y otros establecimientos similares.<\/p>\n<p style=\"text-align: justify;\">El proyecto presentado por el regidor Matos aguarda ahora su revisi\u00f3n y discusi\u00f3n en el Concejo de Regidores, donde se espera que sea evaluado considerando el impacto positivo que tendr\u00eda en las familias m\u00e1s necesitadas de Santo Domingo Oeste.<\/p>\n<p style=\"text-align: justify;\">Fuente: Equipo Regidor Matos<\/p>\n","protected":false},"excerpt":{"rendered":"<p>Santo Domingo Oeste, \u2013 El regidor del Partido Revolucionario Moderno (PRM), Michael Manuel Matos Montero,<\/p>\n","protected":false},"author":4,"featured_media":0,"comment_status":"open","ping_status":"open","sticky":false,"template":"","format":"standard","meta":{"footnotes":""},"categories":[7],"tags":[],"class_list":["post-18570","post","type-post","status-publish","format-standard","hentry","category-nacionales"],"_links":{"self":[{"href":"https:\/\/defrentealaverdad.com\/index.php\/wp-json\/wp\/v2\/posts\/18570","targetHints":{"allow":["GET"]}}],"collection":[{"href":"https:\/\/defrentealaverdad.com\/index.php\/wp-json\/wp\/v2\/posts"}],"about":[{"href":"https:\/\/defrentealaverdad.com\/index.php\/wp-json\/wp\/v2\/types\/post"}],"author":[{"embeddable":true,"href":"https:\/\/defrentealaverdad.com\/index.php\/wp-json\/wp\/v2\/users\/4"}],"replies":[{"embeddable":true,"href":"https:\/\/defrentealaverdad.com\/index.php\/wp-json\/wp\/v2\/comments?post=18570"}],"version-history":[{"count":2,"href":"https:\/\/defrentealaverdad.com\/index.php\/wp-json\/wp\/v2\/posts\/18570\/revisions"}],"predecessor-version":[{"id":18573,"href":"https:\/\/defrentealaverdad.com\/index.php\/wp-json\/wp\/v2\/posts\/18570\/revisions\/18573"}],"wp:attachment":[{"href":"https:\/\/defrentealaverdad.com\/index.php\/wp-json\/wp\/v2\/media?parent=18570"}],"wp:term":[{"taxonomy":"category","embeddable":true,"href":"https:\/\/defrentealaverdad.com\/index.php\/wp-json\/wp\/v2\/categories?post=18570"},{"taxonomy":"post_tag","embeddable":true,"href":"https:\/\/defrentealaverdad.com\/index.php\/wp-json\/wp\/v2\/tags?post=18570"}],"curies":[{"name":"wp","href":"https:\/\/api.w.org\/{rel}","templated":true}]}}