{"id":18560,"date":"2024-06-18T17:59:21","date_gmt":"2024-06-18T17:59:21","guid":{"rendered":"https:\/\/defrentealaverdad.com\/?p=18560"},"modified":"2024-06-18T17:59:21","modified_gmt":"2024-06-18T17:59:21","slug":"sodomedi-celebra-asamblea-general-da-a-conocer-premio-a-la-comunicacion-digital-y-formacion-de-tres-seccionales","status":"publish","type":"post","link":"https:\/\/defrentealaverdad.com\/index.php\/2024\/06\/18\/sodomedi-celebra-asamblea-general-da-a-conocer-premio-a-la-comunicacion-digital-y-formacion-de-tres-seccionales\/","title":{"rendered":"SODOMEDI celebra Asamblea General, da a conocer Premio a la Comunicaci\u00f3n Digital y formaci\u00f3n de tres seccionales  \u00a0"},"content":{"rendered":"<blockquote>\n<p style=\"text-align: justify;\">\u201cPr\u00f3ximamente, daremos los detalles del Premio de la Comunicaci\u00f3n Digital que organizar\u00e1 SODOMEDI y, formalmente, damos la bienvenida a 49 nuevos miembros de diferentes provincias del pa\u00eds y del exterior y a las seccionales de La Altagracia, Nueva York y San Juan\u201d, manifest\u00f3 su presidente, Ram\u00f3n Ch\u00e1vez R.<\/p>\n<\/blockquote>\n<p style=\"text-align: justify;\">Santo Domingo, R.D.- El Consejo Directivo de la <img decoding=\"async\" class=\"size-medium wp-image-18562 alignleft lazyload\" data-src=\"https:\/\/defrentealaverdad.com\/wp-content\/uploads\/2024\/06\/IMG-20240618-WA0088-300x198.jpg\" alt=\"\" width=\"300\" height=\"198\" data-srcset=\"https:\/\/defrentealaverdad.com\/wp-content\/uploads\/2024\/06\/IMG-20240618-WA0088-300x198.jpg 300w, https:\/\/defrentealaverdad.com\/wp-content\/uploads\/2024\/06\/IMG-20240618-WA0088-1024x675.jpg 1024w, https:\/\/defrentealaverdad.com\/wp-content\/uploads\/2024\/06\/IMG-20240618-WA0088-768x506.jpg 768w, https:\/\/defrentealaverdad.com\/wp-content\/uploads\/2024\/06\/IMG-20240618-WA0088-1536x1013.jpg 1536w, https:\/\/defrentealaverdad.com\/wp-content\/uploads\/2024\/06\/IMG-20240618-WA0088.jpg 1600w\" data-sizes=\"(max-width: 300px) 100vw, 300px\" src=\"data:image\/svg+xml;base64,PHN2ZyB3aWR0aD0iMSIgaGVpZ2h0PSIxIiB4bWxucz0iaHR0cDovL3d3dy53My5vcmcvMjAwMC9zdmciPjwvc3ZnPg==\" style=\"--smush-placeholder-width: 300px; --smush-placeholder-aspect-ratio: 300\/198;\" \/>Sociedad de Medios Digitales (SODOMEDI) dando cumplimiento a su Estatuto, celebr\u00f3 el pasado s\u00e1bado 15 de junio, la Asamblea General Ordinaria correspondiente al per\u00edodo, donde anunci\u00f3 la creaci\u00f3n del Premio de Comunicaci\u00f3n Digital y el funcionamiento de las seccionales de la provincia La Altagracia, en los Estado Unidos la de Nueva York y la de la provincia San Juan, evento realizado en el auditorio del Instituto Nacional de Formaci\u00f3n T\u00e9cnico Profesional (INFOTEP), Ensanche Miraflores.<\/p>\n<p style=\"text-align: justify;\">En dicha asamblea la directiva 2022-2025, dio a conocer los trabajos ejecutado hasta la fecha, destacando el crecimiento institucional con la juramentaci\u00f3n de 33 nuevos miembros de diferentes provincias del pa\u00eds, 16 nuevo de Nueva York para alcanzar 25 en los Estados Unidos, alcanzando una matr\u00edcula de 195 due\u00f1os de medios digitales de noticias escrita activos y decenas de solicitudes recibidas que est\u00e1n siendo analizadas, lo que demuestra el trabajo que viene haciendo la instituci\u00f3n a favor de los comunicadores y de la comunicaci\u00f3n digital, que motivan a que cada d\u00eda m\u00e1s comunicadores desee pertenecer al gremio.<\/p>\n<p style=\"text-align: justify;\">Los pilares de capacitaci\u00f3n, las relaciones\u00a0internacionales con acuerdo firmados y relaciones con organizaciones de otros pa\u00edses, las campa\u00f1as constantes de orientaciones, los eventos realizados, las acciones sociales, las participaci\u00f3n de SODOMEDI en eventos nacionales como internacionales, el llamado constante al trabajo con responsabilidad y apego a la \u00e9tica a los propietarios de plataformas y p\u00e1ginas digitales, entre otras acciones positiva, tanto para su miembros como para la sociedad, son parte de los trabajos que est\u00e1 realizando la instituci\u00f3n.<\/p>\n<p style=\"text-align: justify;\"><strong>Tres nuevas seccionales<\/strong><\/p>\n<p style=\"text-align: justify;\"><img decoding=\"async\" class=\"size-medium wp-image-18566 alignright lazyload\" data-src=\"https:\/\/defrentealaverdad.com\/wp-content\/uploads\/2024\/06\/IMG-20240618-WA0085-300x179.jpg\" alt=\"\" width=\"300\" height=\"179\" data-srcset=\"https:\/\/defrentealaverdad.com\/wp-content\/uploads\/2024\/06\/IMG-20240618-WA0085-300x179.jpg 300w, https:\/\/defrentealaverdad.com\/wp-content\/uploads\/2024\/06\/IMG-20240618-WA0085-1024x610.jpg 1024w, https:\/\/defrentealaverdad.com\/wp-content\/uploads\/2024\/06\/IMG-20240618-WA0085-768x458.jpg 768w, https:\/\/defrentealaverdad.com\/wp-content\/uploads\/2024\/06\/IMG-20240618-WA0085.jpg 1280w\" data-sizes=\"(max-width: 300px) 100vw, 300px\" src=\"data:image\/svg+xml;base64,PHN2ZyB3aWR0aD0iMSIgaGVpZ2h0PSIxIiB4bWxucz0iaHR0cDovL3d3dy53My5vcmcvMjAwMC9zdmciPjwvc3ZnPg==\" style=\"--smush-placeholder-width: 300px; --smush-placeholder-aspect-ratio: 300\/179;\" \/><\/p>\n<p style=\"text-align: justify;\">La primera Seccional de SODOMEDI, creada fue la de La Altagracia, trabajos que se ven\u00edan realizado desde hace a\u00f1o, cuya directiva est\u00e1 formada por: Fernando Placeres, secretario general; Melvin Ming\u00f3, secretario de Finanzas; Dennis Omar Tavares, Secretario de Organizaci\u00f3n y Capacitaci\u00f3n; Domingo Jim\u00e9nez, Recreaci\u00f3n y Cultura; y Snyder Zorilla, secretario de Asuntos Regionales.<\/p>\n<p style=\"text-align: justify;\">La segunda seccional de SODOMEDI, es la de Nueva York, donde la instituci\u00f3n se expande institucionalmente y est\u00e1 presidida por Manuel Amado Khoury, secretario general; Karina Rivera, Secretaria de Finanzas; Tony Olivares, secretario de Organizaci\u00f3n y Capacitaci\u00f3n; Jos\u00e9 Ortiz, secretario Recreaci\u00f3n y Cultura; y Jos\u00e9 Ventura, secretario de Asuntos Regionales.<\/p>\n<p style=\"text-align: justify;\">Tambi\u00e9n, SODOMEDI se organiza en el Sur con su tercera Seccional en la provincia San Juan, cuya directiva la integran: Franklin Garc\u00eda, secretario general; Melvin de los Santos, secretario de Finanzas; Edwin Flori\u00e1n, secretario de Organizaci\u00f3n y Capacitaci\u00f3n; Rafael M\u00e9ndez, Organizaci\u00f3n y Cultura; Bienvenido Feliz, secretario Asuntos Regionales.<\/p>\n<p style=\"text-align: justify;\"><img decoding=\"async\" class=\"size-medium wp-image-18564 alignleft lazyload\" data-src=\"https:\/\/defrentealaverdad.com\/wp-content\/uploads\/2024\/06\/IMG-20240618-WA0091-215x300.jpg\" alt=\"\" width=\"215\" height=\"300\" data-srcset=\"https:\/\/defrentealaverdad.com\/wp-content\/uploads\/2024\/06\/IMG-20240618-WA0091-215x300.jpg 215w, https:\/\/defrentealaverdad.com\/wp-content\/uploads\/2024\/06\/IMG-20240618-WA0091-735x1024.jpg 735w, https:\/\/defrentealaverdad.com\/wp-content\/uploads\/2024\/06\/IMG-20240618-WA0091-768x1070.jpg 768w, https:\/\/defrentealaverdad.com\/wp-content\/uploads\/2024\/06\/IMG-20240618-WA0091-1102x1536.jpg 1102w, https:\/\/defrentealaverdad.com\/wp-content\/uploads\/2024\/06\/IMG-20240618-WA0091.jpg 1148w\" data-sizes=\"(max-width: 215px) 100vw, 215px\" src=\"data:image\/svg+xml;base64,PHN2ZyB3aWR0aD0iMSIgaGVpZ2h0PSIxIiB4bWxucz0iaHR0cDovL3d3dy53My5vcmcvMjAwMC9zdmciPjwvc3ZnPg==\" style=\"--smush-placeholder-width: 215px; --smush-placeholder-aspect-ratio: 215\/300;\" \/><\/p>\n<p style=\"text-align: justify;\">Cabe se\u00f1alar que en San Juan, exist\u00eda una entidad que agrupaba a comunicadores digitales y decidieron disolver esa asociaci\u00f3n e integrarse a SODOMEDI, as\u00ed formando la Seccional que tendr\u00e1 su sede en San Juan de la Maguana.<\/p>\n<p style=\"text-align: justify;\">El Consejo Directivo sigue trabajando en otras provincias con la intenci\u00f3n de que en los pr\u00f3ximos d\u00edas se anuncien nuevas seccionales, de igual forma para que se afilien nuevos miembros tanto nacionales como internacionales.<\/p>\n<p style=\"text-align: justify;\"><strong>SODOMEDI Internacional<\/strong><\/p>\n<p style=\"text-align: justify;\">Adem\u00e1s de la formaci\u00f3n de la Seccional de Nueva York, la instituci\u00f3n junto Organizaci\u00f3n Mundial de Periodismo Tur\u00edstico (OMPT), la Asociaci\u00f3n Dominicana de Prensa Tur\u00edstica (ADOMPRETUR) y la Universidad de La Serena de Chile, de institucionalizaron el \u201cD\u00eda Mundial de la Solidaridad Digital\u201d, que se celebra el 06 de junio de cada a\u00f1o.<img decoding=\"async\" class=\"size-medium wp-image-18563 alignright lazyload\" data-src=\"https:\/\/defrentealaverdad.com\/wp-content\/uploads\/2024\/06\/IMG-20240618-WA0087-300x169.jpg\" alt=\"\" width=\"300\" height=\"169\" data-srcset=\"https:\/\/defrentealaverdad.com\/wp-content\/uploads\/2024\/06\/IMG-20240618-WA0087-300x169.jpg 300w, https:\/\/defrentealaverdad.com\/wp-content\/uploads\/2024\/06\/IMG-20240618-WA0087-1024x576.jpg 1024w, https:\/\/defrentealaverdad.com\/wp-content\/uploads\/2024\/06\/IMG-20240618-WA0087-768x432.jpg 768w, https:\/\/defrentealaverdad.com\/wp-content\/uploads\/2024\/06\/IMG-20240618-WA0087-1536x864.jpg 1536w, https:\/\/defrentealaverdad.com\/wp-content\/uploads\/2024\/06\/IMG-20240618-WA0087-800x450.jpg 800w, https:\/\/defrentealaverdad.com\/wp-content\/uploads\/2024\/06\/IMG-20240618-WA0087.jpg 1600w\" data-sizes=\"(max-width: 300px) 100vw, 300px\" src=\"data:image\/svg+xml;base64,PHN2ZyB3aWR0aD0iMSIgaGVpZ2h0PSIxIiB4bWxucz0iaHR0cDovL3d3dy53My5vcmcvMjAwMC9zdmciPjwvc3ZnPg==\" style=\"--smush-placeholder-width: 300px; --smush-placeholder-aspect-ratio: 300\/169;\" \/><\/p>\n<p style=\"text-align: justify;\">Tambi\u00e9n, SODOMEDI firm\u00f3 un acuerdo institucional con la Asociaci\u00f3n de Medios Digitales de Panam\u00e1 (AMEDIPA) y est\u00e1 en proyectos otros acuerdos con instituciones hom\u00f3logas de Chile, Colombia, Argentina y otros.<\/p>\n<p style=\"text-align: justify;\">La participaci\u00f3n presencial de la instituci\u00f3n en la Cumbre Mundial de Comunicaci\u00f3n Pol\u00edtica 2023 en Medell\u00edn, Colombia, as\u00ed como en otros eventos virtuales, donde participaron directivos y miembros.<\/p>\n<p style=\"text-align: justify;\">La disertaci\u00f3n que tendr\u00e1 el director de capacitaci\u00f3n Fahd Jacobo, a quien le acompa\u00f1ara una representaci\u00f3n de SODOMEDI en los Premios #LatamDigital2024 By Interlat, a realizarse del 19 al 21 de junio, en Colombia y que son dedicado a la Rep\u00fablica Dominicana.<\/p>\n<p style=\"text-align: justify;\"><img decoding=\"async\" class=\"size-medium wp-image-18565 alignleft lazyload\" data-src=\"https:\/\/defrentealaverdad.com\/wp-content\/uploads\/2024\/06\/IMG-20240618-WA0093-300x298.jpg\" alt=\"\" width=\"300\" height=\"298\" data-srcset=\"https:\/\/defrentealaverdad.com\/wp-content\/uploads\/2024\/06\/IMG-20240618-WA0093-300x298.jpg 300w, https:\/\/defrentealaverdad.com\/wp-content\/uploads\/2024\/06\/IMG-20240618-WA0093-1024x1018.jpg 1024w, https:\/\/defrentealaverdad.com\/wp-content\/uploads\/2024\/06\/IMG-20240618-WA0093-150x150.jpg 150w, https:\/\/defrentealaverdad.com\/wp-content\/uploads\/2024\/06\/IMG-20240618-WA0093-768x764.jpg 768w, https:\/\/defrentealaverdad.com\/wp-content\/uploads\/2024\/06\/IMG-20240618-WA0093-1536x1527.jpg 1536w, https:\/\/defrentealaverdad.com\/wp-content\/uploads\/2024\/06\/IMG-20240618-WA0093.jpg 1600w\" data-sizes=\"(max-width: 300px) 100vw, 300px\" src=\"data:image\/svg+xml;base64,PHN2ZyB3aWR0aD0iMSIgaGVpZ2h0PSIxIiB4bWxucz0iaHR0cDovL3d3dy53My5vcmcvMjAwMC9zdmciPjwvc3ZnPg==\" style=\"--smush-placeholder-width: 300px; --smush-placeholder-aspect-ratio: 300\/298;\" \/>SODOMEDI, tambi\u00e9n tendr\u00e1 a su cargo una conferencia el s\u00e1bado 13 de julio, en la \u201cXXII Cumbre Latinoamericana Democracia y Desarrollo\u201d; que se llevar\u00e1 a cabo los d\u00edas 12 al 14 de Julio de 2024, en la Universidad de Columbia, de la ciudad de New York, USA 104 Haven Ave, New York, NY 10032.<\/p>\n<p style=\"text-align: justify;\">La Asamblea General Ordinaria, realizada por la instituci\u00f3n que agrupa a comunicadores dominicanos residentes en el pa\u00eds o en el extranjero, due\u00f1o de medios digitales de noticias escritas, cont\u00f3 con el apoyo de INFOTEP, Los Comedores Econ\u00f3micos del Estado Dominicano, Grabo Estilo, Farmacia GBC, Vive Sano y Laboratorio Magnachem.<\/p>\n<p style=\"text-align: justify;\">El Consejo Directivo 2022-2025 de SODOMEDI, est\u00e1 integrado por: Ram\u00f3n Ch\u00e1vez R, presidente; Rita P\u00e9rez, vicepresidenta; Elizabet Guti\u00e9rrez, secretaria general; Lu\u00eds Moreno Cardenes, director de Finanzas; Mario Lara, director de Organizaci\u00f3n; Omar Rivera, director de Asuntos Internacionales, Cristina Piantini, directora de Recreaci\u00f3n y Cultura; Juan Thomas, director de Asuntos Sociales; Adalgisa Corcino, directora de Relaciones P\u00fablicas; Fahd Jacobo, Director de Capacitaci\u00f3n y Hanel Pe\u00f1a, Vocal.<\/p>\n<p style=\"text-align: justify;\">Mientras que la comisi\u00f3n de \u00c9tica y Disciplina est\u00e1 formada por Sime\u00f3n Alc\u00e1ntara, Jos\u00e9 De Le\u00f3n y Robinson Castro; mientras que la comisi\u00f3n de Cuenta la integran Logan Jim\u00e9nez, Margarita Cordero y Amry Bencosme. Adem\u00e1s, Amelia Reyes, directora de Marketing y Blanca Gonz\u00e1lez, Directora Ejecutiva y Joaqu\u00edn Hiraldo como Fiscal.<\/p>\n<p>Fuente: SODOMEDI<\/p>\n","protected":false},"excerpt":{"rendered":"<p>\u201cPr\u00f3ximamente, daremos los detalles del Premio de la Comunicaci\u00f3n Digital que organizar\u00e1 SODOMEDI y, formalmente,<\/p>\n","protected":false},"author":4,"featured_media":0,"comment_status":"open","ping_status":"open","sticky":false,"template":"","format":"standard","meta":{"footnotes":""},"categories":[7],"tags":[],"class_list":["post-18560","post","type-post","status-publish","format-standard","hentry","category-nacionales"],"_links":{"self":[{"href":"https:\/\/defrentealaverdad.com\/index.php\/wp-json\/wp\/v2\/posts\/18560","targetHints":{"allow":["GET"]}}],"collection":[{"href":"https:\/\/defrentealaverdad.com\/index.php\/wp-json\/wp\/v2\/posts"}],"about":[{"href":"https:\/\/defrentealaverdad.com\/index.php\/wp-json\/wp\/v2\/types\/post"}],"author":[{"embeddable":true,"href":"https:\/\/defrentealaverdad.com\/index.php\/wp-json\/wp\/v2\/users\/4"}],"replies":[{"embeddable":true,"href":"https:\/\/defrentealaverdad.com\/index.php\/wp-json\/wp\/v2\/comments?post=18560"}],"version-history":[{"count":1,"href":"https:\/\/defrentealaverdad.com\/index.php\/wp-json\/wp\/v2\/posts\/18560\/revisions"}],"predecessor-version":[{"id":18567,"href":"https:\/\/defrentealaverdad.com\/index.php\/wp-json\/wp\/v2\/posts\/18560\/revisions\/18567"}],"wp:attachment":[{"href":"https:\/\/defrentealaverdad.com\/index.php\/wp-json\/wp\/v2\/media?parent=18560"}],"wp:term":[{"taxonomy":"category","embeddable":true,"href":"https:\/\/defrentealaverdad.com\/index.php\/wp-json\/wp\/v2\/categories?post=18560"},{"taxonomy":"post_tag","embeddable":true,"href":"https:\/\/defrentealaverdad.com\/index.php\/wp-json\/wp\/v2\/tags?post=18560"}],"curies":[{"name":"wp","href":"https:\/\/api.w.org\/{rel}","templated":true}]}}