{"id":18556,"date":"2024-06-18T17:46:08","date_gmt":"2024-06-18T17:46:08","guid":{"rendered":"https:\/\/defrentealaverdad.com\/?p=18556"},"modified":"2024-06-18T17:46:08","modified_gmt":"2024-06-18T17:46:08","slug":"colegio-dominicano-de-locutores-convoca-a-elecciones-el-proximo-29-de-mes-de-junio","status":"publish","type":"post","link":"https:\/\/defrentealaverdad.com\/index.php\/2024\/06\/18\/colegio-dominicano-de-locutores-convoca-a-elecciones-el-proximo-29-de-mes-de-junio\/","title":{"rendered":"Colegio Dominicano de Locutores convoca a elecciones el pr\u00f3ximo 29 de mes de junio"},"content":{"rendered":"<p style=\"text-align: justify;\">Por Felix Rubio<\/p>\n<p style=\"text-align: justify;\"><img decoding=\"async\" class=\"aligncenter lazyload\" data-src=\"https:\/\/robertocavada.com\/wp-content\/uploads\/2024\/06\/WhatsApp-Image-2024-06-18-at-12.44.02-770x540.jpeg\" alt=\"Colegio Dominicano de Locutores convoca a elecciones el pr\u00f3ximo 29 de mes de junio\" src=\"data:image\/svg+xml;base64,PHN2ZyB3aWR0aD0iMSIgaGVpZ2h0PSIxIiB4bWxucz0iaHR0cDovL3d3dy53My5vcmcvMjAwMC9zdmciPjwvc3ZnPg==\" style=\"--smush-placeholder-width: 770px; --smush-placeholder-aspect-ratio: 770\/540;\" \/><\/p>\n<p style=\"text-align: justify;\"><strong>Santo Domingo, RD.<\/strong>\u2013 El Colegio Dominicano de Locutores (CDL), convoc\u00f3 a sus miembros en todo el pa\u00eds, a participar de las elecciones generales del gremio, a celebrarse el pr\u00f3ximo s\u00e1bado 29 de junio, a las 10:00am.<\/p>\n<div id=\"advads-478839f97021e9678fff1085a202bdb9\" class=\"advads-478839f97021e9678fff1085a202bdb9 advads-content-first-paragraph\" style=\"text-align: justify;\">\n<div id=\"advads-660544239\" class=\"advads-content-first-paragraph\">\n<div id=\"advads-1393766609\" data-advads-trackid=\"302210\" data-advads-trackbid=\"1\">Durante una reuni\u00f3n de la Directiva Nacional, se hizo el llamado a los miembros del CDL en todo la Rep\u00fablica Dominicana, a participar de manera masiva en el certamen, a fin de elegir a las nuevas autoridades que dirigir\u00e1n el gremio para el per\u00edodo 2024-2026.<\/div>\n<\/div>\n<\/div>\n<p style=\"text-align: justify;\">Las elecciones ser\u00e1n realizadas en el formato de Asamblea General Eleccionaria; Las informaciones la dio a conocer el vocero de la instituci\u00f3n, licenciado Ra\u00fal de la Cruz Polanco, Director de Prensa y Redes Sociales del Colegio Dominicano de Locutores.<\/p>\n<div id=\"advads-e8a96a35724ca0a1eed5579f9a9b7b97\" class=\"advads-e8a96a35724ca0a1eed5579f9a9b7b97 advads-content-middle\" style=\"text-align: justify;\">\n<div id=\"advads-1883493262\" class=\"advads-content-middle\">\n<div id=\"advads-534213710\" data-advads-trackid=\"302210\" data-advads-trackbid=\"1\">De la Cruz Polanco, agreg\u00f3 que todos los miembros del CDL, tienen derecho a aspirar a un cargo directivo, sin importar que residan en el Distrito Nacional o una provincia.<\/div>\n<\/div>\n<\/div>\n<p style=\"text-align: justify;\">El estatuto del CDL establece que las elecciones de la instituci\u00f3n deben realizarse cada dos a\u00f1os, el d\u00eda 2 de junio y de no realizarse en la fecha indicada, se debe llevar a cabo a m\u00e1s tardar un mes posterior.<\/p>\n<p style=\"text-align: justify;\">En tal sentido, inst\u00f3 a todos los miembros de la entidad que agrupa a los profesionales del micr\u00f3fono a participar del proceso, indicando, ser\u00e1 un gran encuentro de camarader\u00eda, que transcurrir\u00e1 en paz y armon\u00eda.<\/p>\n<p>Fuente: RC Noticias<\/p>\n","protected":false},"excerpt":{"rendered":"<p>Por Felix Rubio Santo Domingo, RD.\u2013 El Colegio Dominicano de Locutores (CDL), convoc\u00f3 a sus<\/p>\n","protected":false},"author":1,"featured_media":0,"comment_status":"open","ping_status":"open","sticky":false,"template":"","format":"standard","meta":{"footnotes":""},"categories":[7],"tags":[],"class_list":["post-18556","post","type-post","status-publish","format-standard","hentry","category-nacionales"],"_links":{"self":[{"href":"https:\/\/defrentealaverdad.com\/index.php\/wp-json\/wp\/v2\/posts\/18556","targetHints":{"allow":["GET"]}}],"collection":[{"href":"https:\/\/defrentealaverdad.com\/index.php\/wp-json\/wp\/v2\/posts"}],"about":[{"href":"https:\/\/defrentealaverdad.com\/index.php\/wp-json\/wp\/v2\/types\/post"}],"author":[{"embeddable":true,"href":"https:\/\/defrentealaverdad.com\/index.php\/wp-json\/wp\/v2\/users\/1"}],"replies":[{"embeddable":true,"href":"https:\/\/defrentealaverdad.com\/index.php\/wp-json\/wp\/v2\/comments?post=18556"}],"version-history":[{"count":1,"href":"https:\/\/defrentealaverdad.com\/index.php\/wp-json\/wp\/v2\/posts\/18556\/revisions"}],"predecessor-version":[{"id":18557,"href":"https:\/\/defrentealaverdad.com\/index.php\/wp-json\/wp\/v2\/posts\/18556\/revisions\/18557"}],"wp:attachment":[{"href":"https:\/\/defrentealaverdad.com\/index.php\/wp-json\/wp\/v2\/media?parent=18556"}],"wp:term":[{"taxonomy":"category","embeddable":true,"href":"https:\/\/defrentealaverdad.com\/index.php\/wp-json\/wp\/v2\/categories?post=18556"},{"taxonomy":"post_tag","embeddable":true,"href":"https:\/\/defrentealaverdad.com\/index.php\/wp-json\/wp\/v2\/tags?post=18556"}],"curies":[{"name":"wp","href":"https:\/\/api.w.org\/{rel}","templated":true}]}}