{"id":1848,"date":"2022-09-26T17:07:47","date_gmt":"2022-09-26T17:07:47","guid":{"rendered":"https:\/\/defrentealaverdad.com\/?p=1848"},"modified":"2022-09-27T17:11:40","modified_gmt":"2022-09-27T17:11:40","slug":"la-dra-marianne-lopez-cepeda-presenta-el-libro-victima-de-ti-misma","status":"publish","type":"post","link":"https:\/\/defrentealaverdad.com\/index.php\/2022\/09\/26\/la-dra-marianne-lopez-cepeda-presenta-el-libro-victima-de-ti-misma\/","title":{"rendered":"La Dra. Marianne L\u00f3pez Cepeda presenta el libro  \u00abV\u00edctima de ti Misma\u00bb"},"content":{"rendered":"<p>&nbsp;<\/p>\n<p><img decoding=\"async\" class=\"alignnone size-medium wp-image-1849 aligncenter lazyload\" data-src=\"https:\/\/defrentealaverdad.com\/wp-content\/uploads\/2022\/09\/unnamed-3-300x169.png\" alt=\"\" width=\"300\" height=\"169\" data-srcset=\"https:\/\/defrentealaverdad.com\/wp-content\/uploads\/2022\/09\/unnamed-3-300x169.png 300w, https:\/\/defrentealaverdad.com\/wp-content\/uploads\/2022\/09\/unnamed-3.png 678w\" data-sizes=\"(max-width: 300px) 100vw, 300px\" src=\"data:image\/svg+xml;base64,PHN2ZyB3aWR0aD0iMSIgaGVpZ2h0PSIxIiB4bWxucz0iaHR0cDovL3d3dy53My5vcmcvMjAwMC9zdmciPjwvc3ZnPg==\" style=\"--smush-placeholder-width: 300px; --smush-placeholder-aspect-ratio: 300\/169;\" \/><\/p>\n<p>&nbsp;<\/p>\n<p style=\"text-align: justify;\"><em>Kissimmee, Florida USA<\/em> \u2013 26 de septiembre de 2022 \u2013 A trav\u00e9s del libro <strong><em>\u00abV\u00edctima de ti Misma\u00bb, <\/em>la Dra. Marianne L\u00f3pez<\/strong> Cepeda profundiza en las consecuencias del dif\u00edcil estilo de vida de ser <strong><em>\u00abV\u00edctima de ti Misma\u00bb,<\/em><\/strong> la autora presenta oportunidades para que te examines, con alternativas y soluciones efectivas para salir de ese ciclo hacia una vida de aprendizaje, productividad y felicidad.<\/p>\n<p style=\"text-align: justify;\">\n<p style=\"text-align: justify;\">Muchas personas han sido v\u00edctimas de una situaci\u00f3n, un incidente, una ni\u00f1ez dif\u00edcil. Su mente se qued\u00f3 en esos recuerdos y desarrollaron una mentalidad de v\u00edctima que hizo de ellas una <strong><em>\u00abV\u00edctima de ti Misma\u00bb.<\/em><\/strong><\/p>\n<p style=\"text-align: justify;\">\n<p style=\"text-align: justify;\"><em>\u00abSi eres presa de la mentalidad de v\u00edctima, es probable que no te das cuenta del da\u00f1o que te causas. La mentalidad de v\u00edctima esclaviza, aprisiona y no puedes desarrollar tus capacidades, relacionarte saludablemente, ni ser feliz. Cuando eres \u00abV\u00edctima de ti Misma\u00bb creas una relaci\u00f3n abusiva contigo\u00bb, <\/em>expresa la Dra. Marianne L\u00f3pez Cepeda.<\/p>\n<p style=\"text-align: justify;\">\n<p style=\"text-align: justify;\">El libro <strong><em>\u00abV\u00edctima de ti Misma\u00bb<\/em><\/strong> esta\u0301 disen\u0303ado para que cada lectora reconozca si se ha convertido en vi\u0301ctima de ella o de otros, el libro ofrece estrategias de combate, porque a veces las mujeres y el ser humano en general tiene una guerra de emociones que piensan que no podran ganar. En la Parte I, se define bien lo que es ser <strong><em>\u00abVi\u0301ctima de ti Misma\u00bb, <\/em><\/strong>para entender sus propias trampas, la Dra. Marianne brinda estrategias para salir de esa conducta que sabotea y hace infeliz. En la Parte II, L\u00f3pez Cepeda lleva a entender co\u0301mo se asume la posicio\u0301n y el comportamiento de vi\u0301ctima de todo: personas, circunstancias, pasado, y co\u0301mo romper esos patrones nocivos que no traen nada bueno a la vida.<\/p>\n<p style=\"text-align: justify;\">\n<p style=\"text-align: justify;\">El pr\u00f3logo del libro fue escrito por el reconocido autor Jos\u00e9 Luis Navajo y la edici\u00f3n estuvo a cargo de Ofelia P\u00e9rez, quien expres\u00f3 <em>\u00abToda mujer se va a mirar en este espejo, pero, diferente a cualquier otro libro de auto ayuda, en este va a encontrar las alternativas y soluciones que necesita para emerger como sobreviviente, negarse a ser v\u00edctima y aprender a vivir\u00bb.<\/em><\/p>\n<p style=\"text-align: justify;\">\n<p style=\"text-align: justify;\"><strong>\u00abV\u00edctima de ti Misma\u00bb<\/strong> se puede adquirir en <em>Amazon, Espa\u00f1a, Ecuador, Chile, Argentina y M\u00e9xico<\/em> entre otros lugares.<\/p>\n<p style=\"text-align: justify;\">\n<p>Fuente: Tatihana Pozo Puccini<\/p>\n","protected":false},"excerpt":{"rendered":"<p>&nbsp; &nbsp; Kissimmee, Florida USA \u2013 26 de septiembre de 2022 \u2013 A trav\u00e9s del<\/p>\n","protected":false},"author":2,"featured_media":0,"comment_status":"open","ping_status":"open","sticky":false,"template":"","format":"standard","meta":{"footnotes":""},"categories":[10,16],"tags":[],"class_list":["post-1848","post","type-post","status-publish","format-standard","hentry","category-health","category-internacionales"],"_links":{"self":[{"href":"https:\/\/defrentealaverdad.com\/index.php\/wp-json\/wp\/v2\/posts\/1848","targetHints":{"allow":["GET"]}}],"collection":[{"href":"https:\/\/defrentealaverdad.com\/index.php\/wp-json\/wp\/v2\/posts"}],"about":[{"href":"https:\/\/defrentealaverdad.com\/index.php\/wp-json\/wp\/v2\/types\/post"}],"author":[{"embeddable":true,"href":"https:\/\/defrentealaverdad.com\/index.php\/wp-json\/wp\/v2\/users\/2"}],"replies":[{"embeddable":true,"href":"https:\/\/defrentealaverdad.com\/index.php\/wp-json\/wp\/v2\/comments?post=1848"}],"version-history":[{"count":3,"href":"https:\/\/defrentealaverdad.com\/index.php\/wp-json\/wp\/v2\/posts\/1848\/revisions"}],"predecessor-version":[{"id":1852,"href":"https:\/\/defrentealaverdad.com\/index.php\/wp-json\/wp\/v2\/posts\/1848\/revisions\/1852"}],"wp:attachment":[{"href":"https:\/\/defrentealaverdad.com\/index.php\/wp-json\/wp\/v2\/media?parent=1848"}],"wp:term":[{"taxonomy":"category","embeddable":true,"href":"https:\/\/defrentealaverdad.com\/index.php\/wp-json\/wp\/v2\/categories?post=1848"},{"taxonomy":"post_tag","embeddable":true,"href":"https:\/\/defrentealaverdad.com\/index.php\/wp-json\/wp\/v2\/tags?post=1848"}],"curies":[{"name":"wp","href":"https:\/\/api.w.org\/{rel}","templated":true}]}}