{"id":18448,"date":"2024-06-16T16:42:58","date_gmt":"2024-06-16T16:42:58","guid":{"rendered":"https:\/\/defrentealaverdad.com\/?p=18448"},"modified":"2024-06-16T16:42:58","modified_gmt":"2024-06-16T16:42:58","slug":"de-frente-a-la-verdad-felicita-al-general-de-la-fard-mayor-carlos-r-febrillet-rodriguez","status":"publish","type":"post","link":"https:\/\/defrentealaverdad.com\/index.php\/2024\/06\/16\/de-frente-a-la-verdad-felicita-al-general-de-la-fard-mayor-carlos-r-febrillet-rodriguez\/","title":{"rendered":"De Frente a la Verdad felicita al General de la FARD, Mayor Carlos R. Febrillet Rodr\u00edguez.\u00a0"},"content":{"rendered":"<p style=\"text-align: justify;\"><img decoding=\"async\" class=\"size-medium wp-image-18449 alignleft lazyload\" data-src=\"https:\/\/defrentealaverdad.com\/wp-content\/uploads\/2024\/06\/IMG-20240616-WA0033-180x300.jpg\" alt=\"\" width=\"180\" height=\"300\" data-srcset=\"https:\/\/defrentealaverdad.com\/wp-content\/uploads\/2024\/06\/IMG-20240616-WA0033-180x300.jpg 180w, https:\/\/defrentealaverdad.com\/wp-content\/uploads\/2024\/06\/IMG-20240616-WA0033-614x1024.jpg 614w, https:\/\/defrentealaverdad.com\/wp-content\/uploads\/2024\/06\/IMG-20240616-WA0033-768x1280.jpg 768w, https:\/\/defrentealaverdad.com\/wp-content\/uploads\/2024\/06\/IMG-20240616-WA0033-922x1536.jpg 922w, https:\/\/defrentealaverdad.com\/wp-content\/uploads\/2024\/06\/IMG-20240616-WA0033.jpg 960w\" data-sizes=\"(max-width: 180px) 100vw, 180px\" src=\"data:image\/svg+xml;base64,PHN2ZyB3aWR0aD0iMSIgaGVpZ2h0PSIxIiB4bWxucz0iaHR0cDovL3d3dy53My5vcmcvMjAwMC9zdmciPjwvc3ZnPg==\" style=\"--smush-placeholder-width: 180px; --smush-placeholder-aspect-ratio: 180\/300;\" \/>Santo Domingo. En el d\u00eda de hoy, desde nuestra redacci\u00f3n extendemos felicitaciones en su d\u00eda de cumplea\u00f1os al <strong>Mayor Gral. T\u00e9cnico de Aviaci\u00f3n <em>Carlos R. Febrillet Rodr\u00edguez.\u00a0<\/em><\/strong><\/p>\n<p style=\"text-align: justify;\">En el mensaje se resalta su servicio digno y honroso a la patria desde la Fuerza Aerea de la Rep\u00fablica Dominicana.<\/p>\n<blockquote>\n<p style=\"text-align: justify;\">\u00abNuestro periodico <strong>\u00abDe Frente a la Verdad\u00bb,<\/strong>\u00a0 le desea los mejores parabienes al comandante general de la Fuerza Aerea Dominicana ,un hombre que dignifica el uniforme militar\u00bb.<\/p>\n<\/blockquote>\n<p>Fuente: Redacci\u00f3n General \u00abDe Frente a la Verdad\u00bb.<\/p>\n","protected":false},"excerpt":{"rendered":"<p>Santo Domingo. En el d\u00eda de hoy, desde nuestra redacci\u00f3n extendemos felicitaciones en su d\u00eda<\/p>\n","protected":false},"author":1,"featured_media":0,"comment_status":"open","ping_status":"open","sticky":false,"template":"","format":"standard","meta":{"footnotes":""},"categories":[7],"tags":[],"class_list":["post-18448","post","type-post","status-publish","format-standard","hentry","category-nacionales"],"_links":{"self":[{"href":"https:\/\/defrentealaverdad.com\/index.php\/wp-json\/wp\/v2\/posts\/18448","targetHints":{"allow":["GET"]}}],"collection":[{"href":"https:\/\/defrentealaverdad.com\/index.php\/wp-json\/wp\/v2\/posts"}],"about":[{"href":"https:\/\/defrentealaverdad.com\/index.php\/wp-json\/wp\/v2\/types\/post"}],"author":[{"embeddable":true,"href":"https:\/\/defrentealaverdad.com\/index.php\/wp-json\/wp\/v2\/users\/1"}],"replies":[{"embeddable":true,"href":"https:\/\/defrentealaverdad.com\/index.php\/wp-json\/wp\/v2\/comments?post=18448"}],"version-history":[{"count":1,"href":"https:\/\/defrentealaverdad.com\/index.php\/wp-json\/wp\/v2\/posts\/18448\/revisions"}],"predecessor-version":[{"id":18450,"href":"https:\/\/defrentealaverdad.com\/index.php\/wp-json\/wp\/v2\/posts\/18448\/revisions\/18450"}],"wp:attachment":[{"href":"https:\/\/defrentealaverdad.com\/index.php\/wp-json\/wp\/v2\/media?parent=18448"}],"wp:term":[{"taxonomy":"category","embeddable":true,"href":"https:\/\/defrentealaverdad.com\/index.php\/wp-json\/wp\/v2\/categories?post=18448"},{"taxonomy":"post_tag","embeddable":true,"href":"https:\/\/defrentealaverdad.com\/index.php\/wp-json\/wp\/v2\/tags?post=18448"}],"curies":[{"name":"wp","href":"https:\/\/api.w.org\/{rel}","templated":true}]}}