{"id":18444,"date":"2024-06-16T15:58:46","date_gmt":"2024-06-16T15:58:46","guid":{"rendered":"https:\/\/defrentealaverdad.com\/?p=18444"},"modified":"2024-06-16T15:58:53","modified_gmt":"2024-06-16T15:58:53","slug":"cristian-nodal-rompe-record-de-audiencia-en-su-primer-concierto-en-la-republica-dominicana","status":"publish","type":"post","link":"https:\/\/defrentealaverdad.com\/index.php\/2024\/06\/16\/cristian-nodal-rompe-record-de-audiencia-en-su-primer-concierto-en-la-republica-dominicana\/","title":{"rendered":"Cristian Nodal Rompe R\u00e9cord de Audiencia en su Primer Concierto en la Rep\u00fablica Dominicana"},"content":{"rendered":"<p style=\"text-align: justify;\"><img decoding=\"async\" class=\"size-medium wp-image-18445 alignright lazyload\" data-src=\"https:\/\/defrentealaverdad.com\/wp-content\/uploads\/2024\/06\/IMG-20240616-WA0024-300x225.jpg\" alt=\"\" width=\"300\" height=\"225\" data-srcset=\"https:\/\/defrentealaverdad.com\/wp-content\/uploads\/2024\/06\/IMG-20240616-WA0024-300x225.jpg 300w, https:\/\/defrentealaverdad.com\/wp-content\/uploads\/2024\/06\/IMG-20240616-WA0024-1024x768.jpg 1024w, https:\/\/defrentealaverdad.com\/wp-content\/uploads\/2024\/06\/IMG-20240616-WA0024-768x576.jpg 768w, https:\/\/defrentealaverdad.com\/wp-content\/uploads\/2024\/06\/IMG-20240616-WA0024-1536x1152.jpg 1536w, https:\/\/defrentealaverdad.com\/wp-content\/uploads\/2024\/06\/IMG-20240616-WA0024-720x540.jpg 720w, https:\/\/defrentealaverdad.com\/wp-content\/uploads\/2024\/06\/IMG-20240616-WA0024.jpg 1600w\" data-sizes=\"(max-width: 300px) 100vw, 300px\" src=\"data:image\/svg+xml;base64,PHN2ZyB3aWR0aD0iMSIgaGVpZ2h0PSIxIiB4bWxucz0iaHR0cDovL3d3dy53My5vcmcvMjAwMC9zdmciPjwvc3ZnPg==\" style=\"--smush-placeholder-width: 300px; --smush-placeholder-aspect-ratio: 300\/225;\" \/><\/p>\n<p style=\"text-align: justify;\">Santo Domingo \u2013 El fen\u00f3meno de la m\u00fasica regional mexicana, Cristian Nodal, hizo historia anoche al romper r\u00e9cords de audiencia en su primer concierto en la Rep\u00fablica Dominicana. Con una presentaci\u00f3n que quedar\u00e1 grabada en la memoria de sus seguidores, Nodal demostr\u00f3 por qu\u00e9 es uno de los artistas m\u00e1s importantes de su g\u00e9nero.<\/p>\n<p style=\"text-align: justify;\">La expectativa por ver al talentoso cantante y compositor mexicano era palpable, y no decepcion\u00f3. Desde el primer acorde, el p\u00fablico dominicano respondi\u00f3 con una energ\u00eda y entusiasmo desbordantes, convirtiendo el evento en una celebraci\u00f3n inolvidable. La asistencia super\u00f3 todas las expectativas, estableciendo un nuevo r\u00e9cord para la mayor cantidad de espectadores en un concierto de m\u00fasica regional mexicana en el pa\u00eds.<\/p>\n<p style=\"text-align: justify;\">Durante su actuaci\u00f3n, Cristian Nodal expres\u00f3 su profunda emoci\u00f3n y gratitud por el c\u00e1lido recibimiento que recibi\u00f3 en la Rep\u00fablica Dominicana. \u00abMe siento incre\u00edblemente feliz de estar aqu\u00ed, en este hermoso pa\u00eds que me ha acogido con tanto cari\u00f1o. Esta noche es muy especial para m\u00ed, y no tengo palabras para agradecerles por su apoyo y amor,\u00bb declar\u00f3 el artista visiblemente emocionado, arrancando a\u00fan m\u00e1s ovaciones del p\u00fablico.<\/p>\n<p style=\"text-align: justify;\">El repertorio incluy\u00f3 sus grandes \u00e9xitos, tales como \u00abAdi\u00f3s Amor\u00bb, \u00abNo Te Contaron Mal\u00bb, y \u00abBotella Tras Botella\u00bb, que fueron coreados por miles de fan\u00e1ticos. Nodal tambi\u00e9n aprovech\u00f3 la ocasi\u00f3n para interpretar algunas de sus nuevas canciones, las cuales fueron recibidas con igual entusiasmo.<\/p>\n<p style=\"text-align: justify;\">El \u00e9xito de este concierto no solo subraya la popularidad de Cristian Nodal en la regi\u00f3n, sino que tambi\u00e9n fortalece los lazos culturales entre M\u00e9xico y la Rep\u00fablica Dominicana, demostrando el poder unificador de la m\u00fasica.<\/p>\n<p style=\"text-align: justify;\">Fuente: Walddy Polanco<\/p>\n","protected":false},"excerpt":{"rendered":"<p>Santo Domingo \u2013 El fen\u00f3meno de la m\u00fasica regional mexicana, Cristian Nodal, hizo historia anoche<\/p>\n","protected":false},"author":1,"featured_media":0,"comment_status":"open","ping_status":"open","sticky":false,"template":"","format":"standard","meta":{"footnotes":""},"categories":[6],"tags":[],"class_list":["post-18444","post","type-post","status-publish","format-standard","hentry","category-espectaculos"],"_links":{"self":[{"href":"https:\/\/defrentealaverdad.com\/index.php\/wp-json\/wp\/v2\/posts\/18444","targetHints":{"allow":["GET"]}}],"collection":[{"href":"https:\/\/defrentealaverdad.com\/index.php\/wp-json\/wp\/v2\/posts"}],"about":[{"href":"https:\/\/defrentealaverdad.com\/index.php\/wp-json\/wp\/v2\/types\/post"}],"author":[{"embeddable":true,"href":"https:\/\/defrentealaverdad.com\/index.php\/wp-json\/wp\/v2\/users\/1"}],"replies":[{"embeddable":true,"href":"https:\/\/defrentealaverdad.com\/index.php\/wp-json\/wp\/v2\/comments?post=18444"}],"version-history":[{"count":2,"href":"https:\/\/defrentealaverdad.com\/index.php\/wp-json\/wp\/v2\/posts\/18444\/revisions"}],"predecessor-version":[{"id":18447,"href":"https:\/\/defrentealaverdad.com\/index.php\/wp-json\/wp\/v2\/posts\/18444\/revisions\/18447"}],"wp:attachment":[{"href":"https:\/\/defrentealaverdad.com\/index.php\/wp-json\/wp\/v2\/media?parent=18444"}],"wp:term":[{"taxonomy":"category","embeddable":true,"href":"https:\/\/defrentealaverdad.com\/index.php\/wp-json\/wp\/v2\/categories?post=18444"},{"taxonomy":"post_tag","embeddable":true,"href":"https:\/\/defrentealaverdad.com\/index.php\/wp-json\/wp\/v2\/tags?post=18444"}],"curies":[{"name":"wp","href":"https:\/\/api.w.org\/{rel}","templated":true}]}}