{"id":18437,"date":"2024-06-16T15:57:02","date_gmt":"2024-06-16T15:57:02","guid":{"rendered":"https:\/\/defrentealaverdad.com\/?p=18437"},"modified":"2024-06-16T15:57:10","modified_gmt":"2024-06-16T15:57:10","slug":"ministerio-de-la-mujer-de-la-republica-realiza-taller-comunicar-los-cuidados-rol-de-los-medios-de-comunicacion-y-experiencias-en-la-region-c","status":"publish","type":"post","link":"https:\/\/defrentealaverdad.com\/index.php\/2024\/06\/16\/ministerio-de-la-mujer-de-la-republica-realiza-taller-comunicar-los-cuidados-rol-de-los-medios-de-comunicacion-y-experiencias-en-la-region-c\/","title":{"rendered":"Ministerio de la Mujer de la Rep\u00fablica realiza taller: \u00abComunicar los Cuidados: Rol de los Medios de Comunicaci\u00f3n y Experiencias en la Regi\u00f3n\u00bb, c"},"content":{"rendered":"<p style=\"text-align: justify;\"><img decoding=\"async\" class=\"size-medium wp-image-18439 alignleft lazyload\" data-src=\"https:\/\/defrentealaverdad.com\/wp-content\/uploads\/2024\/06\/IMG-20240616-WA0029-300x166.jpg\" alt=\"\" width=\"300\" height=\"166\" data-srcset=\"https:\/\/defrentealaverdad.com\/wp-content\/uploads\/2024\/06\/IMG-20240616-WA0029-300x166.jpg 300w, https:\/\/defrentealaverdad.com\/wp-content\/uploads\/2024\/06\/IMG-20240616-WA0029-768x425.jpg 768w, https:\/\/defrentealaverdad.com\/wp-content\/uploads\/2024\/06\/IMG-20240616-WA0029.jpg 965w\" data-sizes=\"(max-width: 300px) 100vw, 300px\" src=\"data:image\/svg+xml;base64,PHN2ZyB3aWR0aD0iMSIgaGVpZ2h0PSIxIiB4bWxucz0iaHR0cDovL3d3dy53My5vcmcvMjAwMC9zdmciPjwvc3ZnPg==\" style=\"--smush-placeholder-width: 300px; --smush-placeholder-aspect-ratio: 300\/166;\" \/>El Ministerio de la Mujer de la Rep\u00fablica Dominicana, en colaboraci\u00f3n con el Ministerio de Econom\u00eda, Planificaci\u00f3n y Desarrollo y Sup\u00e9rate, llev\u00f3 a cabo un taller titulado \u00abComunicar los Cuidados: Rol de los Medios de Comunicaci\u00f3n y Experiencias en la Regi\u00f3n\u00bb, con el respaldo del PNUD Rep\u00fablica Dominicana.<\/p>\n<p style=\"text-align: justify;\">Durante la apertura del evento, Gloria Reyes, directora general de Sup\u00e9rate.RD, en representaci\u00f3n de las 10 instituciones que conforman la Mesa Intersectorial de Cuidados, resalt\u00f3 que en la Rep\u00fablica Dominicana el 82% del trabajo de cuidados no remunerado recae en las mujeres.<\/p>\n<p style=\"text-align: justify;\"><img decoding=\"async\" class=\"size-medium wp-image-18442 alignleft lazyload\" data-src=\"https:\/\/defrentealaverdad.com\/wp-content\/uploads\/2024\/06\/IMG-20240616-WA0030-300x223.jpg\" alt=\"\" width=\"300\" height=\"223\" data-srcset=\"https:\/\/defrentealaverdad.com\/wp-content\/uploads\/2024\/06\/IMG-20240616-WA0030-300x223.jpg 300w, https:\/\/defrentealaverdad.com\/wp-content\/uploads\/2024\/06\/IMG-20240616-WA0030-1024x761.jpg 1024w, https:\/\/defrentealaverdad.com\/wp-content\/uploads\/2024\/06\/IMG-20240616-WA0030-768x571.jpg 768w, https:\/\/defrentealaverdad.com\/wp-content\/uploads\/2024\/06\/IMG-20240616-WA0030.jpg 1040w\" data-sizes=\"(max-width: 300px) 100vw, 300px\" src=\"data:image\/svg+xml;base64,PHN2ZyB3aWR0aD0iMSIgaGVpZ2h0PSIxIiB4bWxucz0iaHR0cDovL3d3dy53My5vcmcvMjAwMC9zdmciPjwvc3ZnPg==\" style=\"--smush-placeholder-width: 300px; --smush-placeholder-aspect-ratio: 300\/223;\" \/><\/p>\n<p style=\"text-align: justify;\">\u00a0Asimismo, se\u00f1al\u00f3 que la Pol\u00edtica Nacional de Cuidados tiene como objetivo principal combatir la pobreza, profesionalizar y remunerar el trabajo de cuidados para generar nuevas oportunidades econ\u00f3micas para las mujeres, reducir las desigualdades de g\u00e9nero y mejorar las condiciones de vida de las familias.<\/p>\n<p style=\"text-align: justify;\"><img decoding=\"async\" class=\"size-medium wp-image-18441 alignright lazyload\" data-src=\"https:\/\/defrentealaverdad.com\/wp-content\/uploads\/2024\/06\/IMG-20240616-WA0027-300x200.jpg\" alt=\"\" width=\"300\" height=\"200\" data-srcset=\"https:\/\/defrentealaverdad.com\/wp-content\/uploads\/2024\/06\/IMG-20240616-WA0027-300x200.jpg 300w, https:\/\/defrentealaverdad.com\/wp-content\/uploads\/2024\/06\/IMG-20240616-WA0027-1024x683.jpg 1024w, https:\/\/defrentealaverdad.com\/wp-content\/uploads\/2024\/06\/IMG-20240616-WA0027-768x512.jpg 768w, https:\/\/defrentealaverdad.com\/wp-content\/uploads\/2024\/06\/IMG-20240616-WA0027.jpg 1079w\" data-sizes=\"(max-width: 300px) 100vw, 300px\" src=\"data:image\/svg+xml;base64,PHN2ZyB3aWR0aD0iMSIgaGVpZ2h0PSIxIiB4bWxucz0iaHR0cDovL3d3dy53My5vcmcvMjAwMC9zdmciPjwvc3ZnPg==\" style=\"--smush-placeholder-width: 300px; --smush-placeholder-aspect-ratio: 300\/200;\" \/><\/p>\n<p style=\"text-align: justify;\">Yoanna Medina, especialista sectorial del Ministerio de Econom\u00eda, Planificaci\u00f3n y Desarrollo, defini\u00f3 los cuidados como las actividades destinadas al bienestar cotidiano de las personas, incluyendo la provisi\u00f3n de alimentaci\u00f3n, abrigo, limpieza, salud y el acompa\u00f1amiento.<\/p>\n<p style=\"text-align: justify;\">Destac\u00f3 la importancia de un esfuerzo p\u00fablico, comunitario y privado como estrategia clave para avanzar hacia un Sistema Nacional de <img decoding=\"async\" class=\"size-medium wp-image-18438 alignleft lazyload\" data-src=\"https:\/\/defrentealaverdad.com\/wp-content\/uploads\/2024\/06\/IMG-20240616-WA0026-300x200.jpg\" alt=\"\" width=\"300\" height=\"200\" data-srcset=\"https:\/\/defrentealaverdad.com\/wp-content\/uploads\/2024\/06\/IMG-20240616-WA0026-300x200.jpg 300w, https:\/\/defrentealaverdad.com\/wp-content\/uploads\/2024\/06\/IMG-20240616-WA0026-1024x683.jpg 1024w, https:\/\/defrentealaverdad.com\/wp-content\/uploads\/2024\/06\/IMG-20240616-WA0026-768x512.jpg 768w, https:\/\/defrentealaverdad.com\/wp-content\/uploads\/2024\/06\/IMG-20240616-WA0026.jpg 1079w\" data-sizes=\"(max-width: 300px) 100vw, 300px\" src=\"data:image\/svg+xml;base64,PHN2ZyB3aWR0aD0iMSIgaGVpZ2h0PSIxIiB4bWxucz0iaHR0cDovL3d3dy53My5vcmcvMjAwMC9zdmciPjwvc3ZnPg==\" style=\"--smush-placeholder-width: 300px; --smush-placeholder-aspect-ratio: 300\/200;\" \/>Cuidados, comenzando con la implementaci\u00f3n de un piloto en los municipios de Azua, B\u00e1nica y Santo Domingo Este.<\/p>\n<p style=\"text-align: justify;\">Carolina Acu\u00f1a, directora de Comunicaciones del Ministerio de la Mujer, resalt\u00f3 la relevancia de comunicar los cuidados, haciendo hincapi\u00e9 en el poder de difusi\u00f3n de los medios y plataformas digitales para sensibilizar sobre este tema. Subray\u00f3 la necesidad de crear contenidos sobre cuidados basados en datos y comparti\u00f3 experiencias de pa\u00edses como Chile, Costa Rica, Ecuador y Colombia que cuentan con Sistemas Nacionales de Cuidados.<\/p>\n<p style=\"text-align: justify;\"><img decoding=\"async\" class=\"size-medium wp-image-18440 alignright lazyload\" data-src=\"https:\/\/defrentealaverdad.com\/wp-content\/uploads\/2024\/06\/IMG-20240616-WA0028-300x200.jpg\" alt=\"\" width=\"300\" height=\"200\" data-srcset=\"https:\/\/defrentealaverdad.com\/wp-content\/uploads\/2024\/06\/IMG-20240616-WA0028-300x200.jpg 300w, https:\/\/defrentealaverdad.com\/wp-content\/uploads\/2024\/06\/IMG-20240616-WA0028-1024x683.jpg 1024w, https:\/\/defrentealaverdad.com\/wp-content\/uploads\/2024\/06\/IMG-20240616-WA0028-768x512.jpg 768w, https:\/\/defrentealaverdad.com\/wp-content\/uploads\/2024\/06\/IMG-20240616-WA0028.jpg 1079w\" data-sizes=\"(max-width: 300px) 100vw, 300px\" src=\"data:image\/svg+xml;base64,PHN2ZyB3aWR0aD0iMSIgaGVpZ2h0PSIxIiB4bWxucz0iaHR0cDovL3d3dy53My5vcmcvMjAwMC9zdmciPjwvc3ZnPg==\" style=\"--smush-placeholder-width: 300px; --smush-placeholder-aspect-ratio: 300\/200;\" \/><\/p>\n<p style=\"text-align: justify;\">Por \u00faltimo, Miguelina Ram\u00edrez, directora de Derechos Integrales del Ministerio de la Mujer, present\u00f3 las conclusiones de los trabajos pr\u00e1cticos realizados en el taller, haciendo especial \u00e9nfasis en la importancia de evitar los sesgos y estereotipos de g\u00e9nero al tratar el tema de los cuidados en los medios de comunicaci\u00f3n.<\/p>\n<p style=\"text-align: justify;\">Fuente: Janet B\u00e1ez<\/p>\n","protected":false},"excerpt":{"rendered":"<p>El Ministerio de la Mujer de la Rep\u00fablica Dominicana, en colaboraci\u00f3n con el Ministerio de<\/p>\n","protected":false},"author":4,"featured_media":0,"comment_status":"open","ping_status":"open","sticky":false,"template":"","format":"standard","meta":{"footnotes":""},"categories":[7],"tags":[],"class_list":["post-18437","post","type-post","status-publish","format-standard","hentry","category-nacionales"],"_links":{"self":[{"href":"https:\/\/defrentealaverdad.com\/index.php\/wp-json\/wp\/v2\/posts\/18437","targetHints":{"allow":["GET"]}}],"collection":[{"href":"https:\/\/defrentealaverdad.com\/index.php\/wp-json\/wp\/v2\/posts"}],"about":[{"href":"https:\/\/defrentealaverdad.com\/index.php\/wp-json\/wp\/v2\/types\/post"}],"author":[{"embeddable":true,"href":"https:\/\/defrentealaverdad.com\/index.php\/wp-json\/wp\/v2\/users\/4"}],"replies":[{"embeddable":true,"href":"https:\/\/defrentealaverdad.com\/index.php\/wp-json\/wp\/v2\/comments?post=18437"}],"version-history":[{"count":1,"href":"https:\/\/defrentealaverdad.com\/index.php\/wp-json\/wp\/v2\/posts\/18437\/revisions"}],"predecessor-version":[{"id":18443,"href":"https:\/\/defrentealaverdad.com\/index.php\/wp-json\/wp\/v2\/posts\/18437\/revisions\/18443"}],"wp:attachment":[{"href":"https:\/\/defrentealaverdad.com\/index.php\/wp-json\/wp\/v2\/media?parent=18437"}],"wp:term":[{"taxonomy":"category","embeddable":true,"href":"https:\/\/defrentealaverdad.com\/index.php\/wp-json\/wp\/v2\/categories?post=18437"},{"taxonomy":"post_tag","embeddable":true,"href":"https:\/\/defrentealaverdad.com\/index.php\/wp-json\/wp\/v2\/tags?post=18437"}],"curies":[{"name":"wp","href":"https:\/\/api.w.org\/{rel}","templated":true}]}}