{"id":18310,"date":"2024-06-13T14:03:11","date_gmt":"2024-06-13T14:03:11","guid":{"rendered":"https:\/\/defrentealaverdad.com\/?p=18310"},"modified":"2024-06-14T14:04:55","modified_gmt":"2024-06-14T14:04:55","slug":"tse-conoce-caso-en-que-jce-da-ganadora-a-candidata-diputada-con-2-mil-votos-sobre-diputada-con-mas-de-11-mil","status":"publish","type":"post","link":"https:\/\/defrentealaverdad.com\/index.php\/2024\/06\/13\/tse-conoce-caso-en-que-jce-da-ganadora-a-candidata-diputada-con-2-mil-votos-sobre-diputada-con-mas-de-11-mil\/","title":{"rendered":"TSE conoce caso en que JCE da ganadora a candidata diputada con 2 mil votos sobre diputada con m\u00e1s de 11 mil"},"content":{"rendered":"<p style=\"text-align: justify;\"><img decoding=\"async\" class=\"size-medium wp-image-18311 alignright lazyload\" data-src=\"https:\/\/defrentealaverdad.com\/wp-content\/uploads\/2024\/06\/IMG-20240612-WA0221-300x180.jpg\" alt=\"\" width=\"300\" height=\"180\" data-srcset=\"https:\/\/defrentealaverdad.com\/wp-content\/uploads\/2024\/06\/IMG-20240612-WA0221-300x180.jpg 300w, https:\/\/defrentealaverdad.com\/wp-content\/uploads\/2024\/06\/IMG-20240612-WA0221-768x460.jpg 768w, https:\/\/defrentealaverdad.com\/wp-content\/uploads\/2024\/06\/IMG-20240612-WA0221.jpg 800w\" data-sizes=\"(max-width: 300px) 100vw, 300px\" src=\"data:image\/svg+xml;base64,PHN2ZyB3aWR0aD0iMSIgaGVpZ2h0PSIxIiB4bWxucz0iaHR0cDovL3d3dy53My5vcmcvMjAwMC9zdmciPjwvc3ZnPg==\" style=\"--smush-placeholder-width: 300px; --smush-placeholder-aspect-ratio: 300\/180;\" \/><\/p>\n<p style=\"text-align: justify;\">El Tribunal Superior Electoral conoci\u00f3 el caso en que la Junta Central Electoral di\u00f3 como ganadora a una candidata a diputada que solo obtuvo 2 mil votos mientras que su contrincante obtuvo cerca de 12 mil votos, en las pasadas elecciones presidenciales y congresuales celebradas el pasado domingo 19 de mayo.<\/p>\n<p style=\"text-align: justify;\">De acuerdo con el abogado, V\u00edctor P\u00e9rez Duarte, de la candidata del Partido de la Liberaci\u00f3n Dominicana, PLD, Priscila D\u2019Oleo fue la mujer m\u00e1s votada de su partido en todo el pa\u00eds con 11,991 votos, mientras que la parte demandada, la candidata Sonia N\u00fa\u00f1ez Espino del Partido Revolucionario Moderno, PRM, solo obtuvo 2,350 votos, lo que la posicion\u00f3 como la segunda diputada menos votada de la Rep\u00fablica Dominicana en las pasadas elecciones.<\/p>\n<blockquote>\n<p style=\"text-align: justify;\">\u201cA nivel porcentual, eso se traduce a que Priscila obtuvo m\u00e1s del 500 % de los votos que esa se\u00f1ora, que evidentemente por aplicaci\u00f3n del m\u00e9todo D\u2019Hondt en una demarcaci\u00f3n con baja densidad poblacional, no se cumple el contenido de la representaci\u00f3n\u201d, detall\u00f3 el togado durante la audiencia.<\/p>\n<\/blockquote>\n<p style=\"text-align: justify;\">Asimismo, expres\u00f3 que con la aplicaci\u00f3n de este m\u00e9todo se vulnera el derecho a la igualdad que poseen todos los dominicanos, porque crea distinciones que no se sustentan entre ciudadanos de la misma categor\u00eda.<\/p>\n<blockquote>\n<p style=\"text-align: justify;\">\u201cLa doctrina especializada es c\u00f3nsona igualmente con nuestra posici\u00f3n, al establecer que falla el m\u00e9todo en estas demarcaciones, y quiero establecer que el problema de esta barra y el problema de Priscila no es con el m\u00e9todo D\u2019Hondt de manera general, eso ya est\u00e1 decidido, el punto es que el m\u00e9todo no funciona en estas demarcaciones, donde los esca\u00f1os que est\u00e1n en juego son dos o tres, porque obliga a los dem\u00e1s partidos o a la segunda mayor\u00eda, a sacar igual votaci\u00f3n que el partido mayoritario\u201d, se\u00f1al\u00f3. Asimismo, estableci\u00f3 una relaci\u00f3n que da cuenta que en 19 provincias donde se disputaron 2 o 3 plazas todas fueron ganadas por el mismo partido aplicando dicho m\u00e9todo, lo cual no ocurri\u00f3 en las demarcaciones m\u00e1s pobladas, lo que denota su ineficacia en provincias peque\u00f1as.<\/p>\n<\/blockquote>\n<p style=\"text-align: justify;\">El m\u00e9todo D\u2019Hondt no cumple su funci\u00f3n en Mar\u00eda Trinidad S\u00e1nchez<\/p>\n<p style=\"text-align: justify;\">El abogado V\u00edctor P\u00e9rez Duarte, puntualiz\u00f3 que el m\u00e9todo D\u2019Hondt aplicado en estas elecciones, tiene luces pero tambi\u00e9n tiene muchas sombras, en los casos espec\u00edficos de las demarcaciones donde se disputan pocos esca\u00f1os, pues no cumple con la funci\u00f3n esencial de representatividad, y es por eso que ha solicitado la inaplicabilidad de manera puntual del art\u00edculo n\u00famero 4, de la Ley de voto preferencial de la provincia Mar\u00eda Trinidad S\u00e1nchez.<\/p>\n<p style=\"text-align: justify;\">Dijo que se ve como en este caso en el que falla el m\u00e9todo aplicado, donde el PLD sac\u00f3 16 mil votos y no se tiene una sola representaci\u00f3n de ese partido.<\/p>\n<p style=\"text-align: justify;\">Adem\u00e1s, el abogado indic\u00f3 que en pa\u00edses como Alemania se ha dejado sin efecto la aplicaci\u00f3n del m\u00e9todo, siendo declarado como inconstitucional debido a que favorec\u00eda los partidos mayoritarios en circunscripciones de magnitud reducida.<\/p>\n<blockquote>\n<p style=\"text-align: justify;\">\u201cEn las demarcaciones de baja densidad poblacional hay un monopolio, hay una h\u00edper representaci\u00f3n que impide que se ejerza el derecho a elegir de manera concreta en los t\u00e9rminos que ejerce la constituci\u00f3n\u201d, argument\u00f3 P\u00e9rez Duarte.<\/p>\n<\/blockquote>\n<p style=\"text-align: justify;\">Fuente: Externa<\/p>\n","protected":false},"excerpt":{"rendered":"<p>El Tribunal Superior Electoral conoci\u00f3 el caso en que la Junta Central Electoral di\u00f3 como<\/p>\n","protected":false},"author":4,"featured_media":0,"comment_status":"open","ping_status":"open","sticky":false,"template":"","format":"standard","meta":{"footnotes":""},"categories":[7],"tags":[],"class_list":["post-18310","post","type-post","status-publish","format-standard","hentry","category-nacionales"],"_links":{"self":[{"href":"https:\/\/defrentealaverdad.com\/index.php\/wp-json\/wp\/v2\/posts\/18310","targetHints":{"allow":["GET"]}}],"collection":[{"href":"https:\/\/defrentealaverdad.com\/index.php\/wp-json\/wp\/v2\/posts"}],"about":[{"href":"https:\/\/defrentealaverdad.com\/index.php\/wp-json\/wp\/v2\/types\/post"}],"author":[{"embeddable":true,"href":"https:\/\/defrentealaverdad.com\/index.php\/wp-json\/wp\/v2\/users\/4"}],"replies":[{"embeddable":true,"href":"https:\/\/defrentealaverdad.com\/index.php\/wp-json\/wp\/v2\/comments?post=18310"}],"version-history":[{"count":1,"href":"https:\/\/defrentealaverdad.com\/index.php\/wp-json\/wp\/v2\/posts\/18310\/revisions"}],"predecessor-version":[{"id":18312,"href":"https:\/\/defrentealaverdad.com\/index.php\/wp-json\/wp\/v2\/posts\/18310\/revisions\/18312"}],"wp:attachment":[{"href":"https:\/\/defrentealaverdad.com\/index.php\/wp-json\/wp\/v2\/media?parent=18310"}],"wp:term":[{"taxonomy":"category","embeddable":true,"href":"https:\/\/defrentealaverdad.com\/index.php\/wp-json\/wp\/v2\/categories?post=18310"},{"taxonomy":"post_tag","embeddable":true,"href":"https:\/\/defrentealaverdad.com\/index.php\/wp-json\/wp\/v2\/tags?post=18310"}],"curies":[{"name":"wp","href":"https:\/\/api.w.org\/{rel}","templated":true}]}}