{"id":18306,"date":"2024-06-13T13:59:56","date_gmt":"2024-06-13T13:59:56","guid":{"rendered":"https:\/\/defrentealaverdad.com\/?p=18306"},"modified":"2024-06-14T14:01:59","modified_gmt":"2024-06-14T14:01:59","slug":"cenapec-relanza-proyecto-ruta-por-la-educacion","status":"publish","type":"post","link":"https:\/\/defrentealaverdad.com\/index.php\/2024\/06\/13\/cenapec-relanza-proyecto-ruta-por-la-educacion\/","title":{"rendered":"CENAPEC relanza proyecto Ruta por la Educaci\u00f3n"},"content":{"rendered":"<p style=\"text-align: justify;\"><img decoding=\"async\" class=\"size-medium wp-image-18307 alignleft lazyload\" data-src=\"https:\/\/defrentealaverdad.com\/wp-content\/uploads\/2024\/06\/IMG-20240612-WA0167-300x200.jpg\" alt=\"\" width=\"300\" height=\"200\" data-srcset=\"https:\/\/defrentealaverdad.com\/wp-content\/uploads\/2024\/06\/IMG-20240612-WA0167-300x200.jpg 300w, https:\/\/defrentealaverdad.com\/wp-content\/uploads\/2024\/06\/IMG-20240612-WA0167-1024x682.jpg 1024w, https:\/\/defrentealaverdad.com\/wp-content\/uploads\/2024\/06\/IMG-20240612-WA0167-768x512.jpg 768w, https:\/\/defrentealaverdad.com\/wp-content\/uploads\/2024\/06\/IMG-20240612-WA0167-1536x1023.jpg 1536w, https:\/\/defrentealaverdad.com\/wp-content\/uploads\/2024\/06\/IMG-20240612-WA0167.jpg 1600w\" data-sizes=\"(max-width: 300px) 100vw, 300px\" src=\"data:image\/svg+xml;base64,PHN2ZyB3aWR0aD0iMSIgaGVpZ2h0PSIxIiB4bWxucz0iaHR0cDovL3d3dy53My5vcmcvMjAwMC9zdmciPjwvc3ZnPg==\" style=\"--smush-placeholder-width: 300px; --smush-placeholder-aspect-ratio: 300\/200;\" \/><\/p>\n<p style=\"text-align: justify;\">Centros APEC de Educaci\u00f3n a Distancia (CENAPEC) realizar\u00e1 el pr\u00f3ximo viernes 28 de junio de 2:00 p.m. a 6:00 p.m., el relanzamiento del proyecto la \u201cRuta por la Educaci\u00f3n\u201d. El escenario del evento ser\u00e1 la Estaci\u00f3n Charles de Gaulle (T4) del Telef\u00e9rico de Santo Domingo, ubicada en Santo Domingo Norte.<\/p>\n<p style=\"text-align: justify;\">El objetivo del proyecto es responder al Compromiso Social que tiene la instituci\u00f3n con el pa\u00eds, a trav\u00e9s de un operativo visual y uno m\u00e9dico, as\u00ed como ofertar becas a adolescentes y j\u00f3venes embarazadas o con beb\u00e9s peque\u00f1os que no hayan completado sus estudios de bachillerato gracias al apoyo de empresas amigas.<img decoding=\"async\" class=\"size-medium wp-image-18308 alignright lazyload\" data-src=\"https:\/\/defrentealaverdad.com\/wp-content\/uploads\/2024\/06\/IMG-20240612-WA0168-194x300.jpg\" alt=\"\" width=\"194\" height=\"300\" data-srcset=\"https:\/\/defrentealaverdad.com\/wp-content\/uploads\/2024\/06\/IMG-20240612-WA0168-194x300.jpg 194w, https:\/\/defrentealaverdad.com\/wp-content\/uploads\/2024\/06\/IMG-20240612-WA0168-662x1024.jpg 662w, https:\/\/defrentealaverdad.com\/wp-content\/uploads\/2024\/06\/IMG-20240612-WA0168-768x1187.jpg 768w, https:\/\/defrentealaverdad.com\/wp-content\/uploads\/2024\/06\/IMG-20240612-WA0168-994x1536.jpg 994w, https:\/\/defrentealaverdad.com\/wp-content\/uploads\/2024\/06\/IMG-20240612-WA0168.jpg 1035w\" data-sizes=\"(max-width: 194px) 100vw, 194px\" src=\"data:image\/svg+xml;base64,PHN2ZyB3aWR0aD0iMSIgaGVpZ2h0PSIxIiB4bWxucz0iaHR0cDovL3d3dy53My5vcmcvMjAwMC9zdmciPjwvc3ZnPg==\" style=\"--smush-placeholder-width: 194px; --smush-placeholder-aspect-ratio: 194\/300;\" \/><\/p>\n<p style=\"text-align: justify;\">CENAPEC estar\u00e1 llevando a cabo la ruta durante los meses de verano por diferentes sectores del Gran Santo Domingo para todos los que quieran formalizar su inscripci\u00f3n. En este sentido, la directora ejecutiva de CENAPEC, la doctora Pilar Constanzo, se\u00f1al\u00f3:<\/p>\n<blockquote><p>\u201cPara la Instituci\u00f3n, retomar el proyecto de la Ruta por la Educaci\u00f3n es un hecho bastante esperanzador, pues nos permite compartir de primera mano las necesidades reales de la poblaci\u00f3n dominicana y poder ofrecer in situ soluciones viables a trav\u00e9s de becas\u201d.<\/p><\/blockquote>\n<p style=\"text-align: justify;\"><strong>Sobre CENAPEC<\/strong><\/p>\n<p style=\"text-align: justify;\">Centros APEC de Educaci\u00f3n a Distancia (CENAPEC) es una instituci\u00f3n educativa sin fines de lucro, creada en el 1972 bajo el auspicio de Acci\u00f3n Pro Educaci\u00f3n y Cultura (APEC). Desde entonces, la instituci\u00f3n se ha puesto a la disposici\u00f3n de m\u00e1s de 650,000 dominicanos de escasos recursos econ\u00f3micos, en su mayor\u00eda. CENAPEC es pionero en el sistema de educaci\u00f3n a distancia en los niveles b\u00e1sico y de educaci\u00f3n media.<\/p>\n<p style=\"text-align: justify;\">Fuente: CENAPEC<\/p>\n","protected":false},"excerpt":{"rendered":"<p>Centros APEC de Educaci\u00f3n a Distancia (CENAPEC) realizar\u00e1 el pr\u00f3ximo viernes 28 de junio de<\/p>\n","protected":false},"author":2,"featured_media":0,"comment_status":"open","ping_status":"open","sticky":false,"template":"","format":"standard","meta":{"footnotes":""},"categories":[7],"tags":[],"class_list":["post-18306","post","type-post","status-publish","format-standard","hentry","category-nacionales"],"_links":{"self":[{"href":"https:\/\/defrentealaverdad.com\/index.php\/wp-json\/wp\/v2\/posts\/18306","targetHints":{"allow":["GET"]}}],"collection":[{"href":"https:\/\/defrentealaverdad.com\/index.php\/wp-json\/wp\/v2\/posts"}],"about":[{"href":"https:\/\/defrentealaverdad.com\/index.php\/wp-json\/wp\/v2\/types\/post"}],"author":[{"embeddable":true,"href":"https:\/\/defrentealaverdad.com\/index.php\/wp-json\/wp\/v2\/users\/2"}],"replies":[{"embeddable":true,"href":"https:\/\/defrentealaverdad.com\/index.php\/wp-json\/wp\/v2\/comments?post=18306"}],"version-history":[{"count":1,"href":"https:\/\/defrentealaverdad.com\/index.php\/wp-json\/wp\/v2\/posts\/18306\/revisions"}],"predecessor-version":[{"id":18309,"href":"https:\/\/defrentealaverdad.com\/index.php\/wp-json\/wp\/v2\/posts\/18306\/revisions\/18309"}],"wp:attachment":[{"href":"https:\/\/defrentealaverdad.com\/index.php\/wp-json\/wp\/v2\/media?parent=18306"}],"wp:term":[{"taxonomy":"category","embeddable":true,"href":"https:\/\/defrentealaverdad.com\/index.php\/wp-json\/wp\/v2\/categories?post=18306"},{"taxonomy":"post_tag","embeddable":true,"href":"https:\/\/defrentealaverdad.com\/index.php\/wp-json\/wp\/v2\/tags?post=18306"}],"curies":[{"name":"wp","href":"https:\/\/api.w.org\/{rel}","templated":true}]}}