{"id":18299,"date":"2024-06-12T13:53:21","date_gmt":"2024-06-12T13:53:21","guid":{"rendered":"https:\/\/defrentealaverdad.com\/?p=18299"},"modified":"2024-06-14T13:55:41","modified_gmt":"2024-06-14T13:55:41","slug":"agn-anuncia-conversatorio-sobre-el-65-aniversario-de-la-gesta-del-14-de-junio","status":"publish","type":"post","link":"https:\/\/defrentealaverdad.com\/index.php\/2024\/06\/12\/agn-anuncia-conversatorio-sobre-el-65-aniversario-de-la-gesta-del-14-de-junio\/","title":{"rendered":"AGN anuncia Conversatorio sobre el 65 aniversario de la gesta del 14 de junio"},"content":{"rendered":"<p style=\"text-align: justify;\"><img decoding=\"async\" class=\"aligncenter lazyload\" data-src=\"https:\/\/yt3.googleusercontent.com\/PqE2cS606k8V9LhJxkAI7JEtD0QQItKakKcKl4-C0Ytw35qMzHZgtU2aQc94kUCLnRPPB1LD6A=s900-c-k-c0x00ffffff-no-rj\" alt=\"Archivo General de la Naci\u00f3n (AGN). - YouTube\" src=\"data:image\/svg+xml;base64,PHN2ZyB3aWR0aD0iMSIgaGVpZ2h0PSIxIiB4bWxucz0iaHR0cDovL3d3dy53My5vcmcvMjAwMC9zdmciPjwvc3ZnPg==\" \/><\/p>\n<p style=\"text-align: justify;\"><strong>Santo Domingo<\/strong>.-En conmemoraci\u00f3n del 65 aniversario de la gesta del 14 de junio de 1959, que represent\u00f3 un gesto de rebeld\u00eda contra una dictadura que asfixiaba al pa\u00eds desde hac\u00eda veintinueve a\u00f1os.<\/p>\n<p style=\"text-align: justify;\">El evento contar\u00e1 con la participaci\u00f3n de Carmen Dur\u00e1n, Amaury P\u00e9rez y Fidelio Despradel, y est\u00e1 programado para el jueves 13 de junio de 2024, a las 7:00 P.M., en el Sal\u00f3n de Conferencias del Archivo General de la Naci\u00f3n.<\/p>\n<p style=\"text-align: justify;\">Este conversatorio se enmarca dentro de las conmemoraciones que el AGN emprende para recordar hechos hist\u00f3ricos de relevancia para el pa\u00eds.<\/p>\n<p>Fuente: Comunicaciones AGN<\/p>\n","protected":false},"excerpt":{"rendered":"<p>Santo Domingo.-En conmemoraci\u00f3n del 65 aniversario de la gesta del 14 de junio de 1959,<\/p>\n","protected":false},"author":2,"featured_media":0,"comment_status":"open","ping_status":"open","sticky":false,"template":"","format":"standard","meta":{"footnotes":""},"categories":[7],"tags":[],"class_list":["post-18299","post","type-post","status-publish","format-standard","hentry","category-nacionales"],"_links":{"self":[{"href":"https:\/\/defrentealaverdad.com\/index.php\/wp-json\/wp\/v2\/posts\/18299","targetHints":{"allow":["GET"]}}],"collection":[{"href":"https:\/\/defrentealaverdad.com\/index.php\/wp-json\/wp\/v2\/posts"}],"about":[{"href":"https:\/\/defrentealaverdad.com\/index.php\/wp-json\/wp\/v2\/types\/post"}],"author":[{"embeddable":true,"href":"https:\/\/defrentealaverdad.com\/index.php\/wp-json\/wp\/v2\/users\/2"}],"replies":[{"embeddable":true,"href":"https:\/\/defrentealaverdad.com\/index.php\/wp-json\/wp\/v2\/comments?post=18299"}],"version-history":[{"count":2,"href":"https:\/\/defrentealaverdad.com\/index.php\/wp-json\/wp\/v2\/posts\/18299\/revisions"}],"predecessor-version":[{"id":18302,"href":"https:\/\/defrentealaverdad.com\/index.php\/wp-json\/wp\/v2\/posts\/18299\/revisions\/18302"}],"wp:attachment":[{"href":"https:\/\/defrentealaverdad.com\/index.php\/wp-json\/wp\/v2\/media?parent=18299"}],"wp:term":[{"taxonomy":"category","embeddable":true,"href":"https:\/\/defrentealaverdad.com\/index.php\/wp-json\/wp\/v2\/categories?post=18299"},{"taxonomy":"post_tag","embeddable":true,"href":"https:\/\/defrentealaverdad.com\/index.php\/wp-json\/wp\/v2\/tags?post=18299"}],"curies":[{"name":"wp","href":"https:\/\/api.w.org\/{rel}","templated":true}]}}