{"id":18270,"date":"2024-06-12T13:46:46","date_gmt":"2024-06-12T13:46:46","guid":{"rendered":"https:\/\/defrentealaverdad.com\/?p=18270"},"modified":"2024-06-13T13:47:45","modified_gmt":"2024-06-13T13:47:45","slug":"general-edgar-de-brigada-rolando-mendez-divas-visita","status":"publish","type":"post","link":"https:\/\/defrentealaverdad.com\/index.php\/2024\/06\/12\/general-edgar-de-brigada-rolando-mendez-divas-visita\/","title":{"rendered":"General Edgar de Brigada Rolando M\u00e9ndez Divas visita al Mayor Carlos R. Febrillet Rodrigues"},"content":{"rendered":"<p>&nbsp;<\/p>\n<p style=\"text-align: justify;\"><img decoding=\"async\" class=\"size-medium wp-image-18271 alignright lazyload\" data-src=\"https:\/\/defrentealaverdad.com\/wp-content\/uploads\/2024\/06\/Screenshot_2024-06-13_100449-300x205.png\" alt=\"\" width=\"300\" height=\"205\" data-srcset=\"https:\/\/defrentealaverdad.com\/wp-content\/uploads\/2024\/06\/Screenshot_2024-06-13_100449-300x205.png 300w, https:\/\/defrentealaverdad.com\/wp-content\/uploads\/2024\/06\/Screenshot_2024-06-13_100449-768x524.png 768w, https:\/\/defrentealaverdad.com\/wp-content\/uploads\/2024\/06\/Screenshot_2024-06-13_100449.png 864w\" data-sizes=\"(max-width: 300px) 100vw, 300px\" src=\"data:image\/svg+xml;base64,PHN2ZyB3aWR0aD0iMSIgaGVpZ2h0PSIxIiB4bWxucz0iaHR0cDovL3d3dy53My5vcmcvMjAwMC9zdmciPjwvc3ZnPg==\" style=\"--smush-placeholder-width: 300px; --smush-placeholder-aspect-ratio: 300\/205;\" \/><\/p>\n<p style=\"text-align: justify;\">El comandante general de la Fuerza A\u00e9rea de la Republica Dominicana, FARD, mayor Carlos R. Febrillet Rodrigues, FARD, recibi\u00f3 la visita de cortes\u00eda del general de brigada Edgar Rolando M\u00e9ndez Divas, agregado militar de Guatemala en Rep\u00fablica Dominicana.<\/p>\n<p style=\"text-align: justify;\">Durante el encuentro se realiz\u00f3 un intercambio de obsequios institucionales como agradecimiento y mutuo respeto. Luego procedi\u00f3 a la firma del libro de visitas distinguidas.<\/p>\n<p style=\"text-align: justify;\">El alto oficial guatemalteco posee una amplia experiencia en cursos t\u00e1cticos y en la Rep\u00fablica Dominicana curs\u00f3 la especialidad en Derechos Humanos y Derecho Internacional Humanitario que se imparte en la Universidad Nacional para la Defensa del MIDE.<\/p>\n<p style=\"text-align: justify;\">Fuente: Mirando Cuarteles<\/p>\n","protected":false},"excerpt":{"rendered":"<p>&nbsp; El comandante general de la Fuerza A\u00e9rea de la Republica Dominicana, FARD, mayor Carlos<\/p>\n","protected":false},"author":2,"featured_media":0,"comment_status":"open","ping_status":"open","sticky":false,"template":"","format":"standard","meta":{"footnotes":""},"categories":[7],"tags":[],"class_list":["post-18270","post","type-post","status-publish","format-standard","hentry","category-nacionales"],"_links":{"self":[{"href":"https:\/\/defrentealaverdad.com\/index.php\/wp-json\/wp\/v2\/posts\/18270","targetHints":{"allow":["GET"]}}],"collection":[{"href":"https:\/\/defrentealaverdad.com\/index.php\/wp-json\/wp\/v2\/posts"}],"about":[{"href":"https:\/\/defrentealaverdad.com\/index.php\/wp-json\/wp\/v2\/types\/post"}],"author":[{"embeddable":true,"href":"https:\/\/defrentealaverdad.com\/index.php\/wp-json\/wp\/v2\/users\/2"}],"replies":[{"embeddable":true,"href":"https:\/\/defrentealaverdad.com\/index.php\/wp-json\/wp\/v2\/comments?post=18270"}],"version-history":[{"count":2,"href":"https:\/\/defrentealaverdad.com\/index.php\/wp-json\/wp\/v2\/posts\/18270\/revisions"}],"predecessor-version":[{"id":18273,"href":"https:\/\/defrentealaverdad.com\/index.php\/wp-json\/wp\/v2\/posts\/18270\/revisions\/18273"}],"wp:attachment":[{"href":"https:\/\/defrentealaverdad.com\/index.php\/wp-json\/wp\/v2\/media?parent=18270"}],"wp:term":[{"taxonomy":"category","embeddable":true,"href":"https:\/\/defrentealaverdad.com\/index.php\/wp-json\/wp\/v2\/categories?post=18270"},{"taxonomy":"post_tag","embeddable":true,"href":"https:\/\/defrentealaverdad.com\/index.php\/wp-json\/wp\/v2\/tags?post=18270"}],"curies":[{"name":"wp","href":"https:\/\/api.w.org\/{rel}","templated":true}]}}