{"id":18238,"date":"2024-06-12T16:34:27","date_gmt":"2024-06-12T16:34:27","guid":{"rendered":"https:\/\/defrentealaverdad.com\/?p=18238"},"modified":"2024-06-12T16:34:27","modified_gmt":"2024-06-12T16:34:27","slug":"pedro-reyes-volando-entre-estaciones","status":"publish","type":"post","link":"https:\/\/defrentealaverdad.com\/index.php\/2024\/06\/12\/pedro-reyes-volando-entre-estaciones\/","title":{"rendered":"Pedro Reyes, Volando entre Estaciones"},"content":{"rendered":"<p style=\"text-align: justify;\"><img decoding=\"async\" class=\"size-medium wp-image-18239 alignleft lazyload\" data-src=\"https:\/\/defrentealaverdad.com\/wp-content\/uploads\/2024\/06\/IMG-20240612-WA0037-300x208.jpg\" alt=\"\" width=\"300\" height=\"208\" data-srcset=\"https:\/\/defrentealaverdad.com\/wp-content\/uploads\/2024\/06\/IMG-20240612-WA0037-300x208.jpg 300w, https:\/\/defrentealaverdad.com\/wp-content\/uploads\/2024\/06\/IMG-20240612-WA0037-1024x711.jpg 1024w, https:\/\/defrentealaverdad.com\/wp-content\/uploads\/2024\/06\/IMG-20240612-WA0037-768x534.jpg 768w, https:\/\/defrentealaverdad.com\/wp-content\/uploads\/2024\/06\/IMG-20240612-WA0037.jpg 1068w\" data-sizes=\"(max-width: 300px) 100vw, 300px\" src=\"data:image\/svg+xml;base64,PHN2ZyB3aWR0aD0iMSIgaGVpZ2h0PSIxIiB4bWxucz0iaHR0cDovL3d3dy53My5vcmcvMjAwMC9zdmciPjwvc3ZnPg==\" style=\"--smush-placeholder-width: 300px; --smush-placeholder-aspect-ratio: 300\/208;\" \/><\/p>\n<p style=\"text-align: justify;\">Pedro Reyes es un destacado artista pl\u00e1stico dominicano conocido por su innovador trabajo en el \u00e1mbito de la pintura contempor\u00e1nea. Residente en Nueva York, ha logrado fusionar sus raises caribe\u00f1os con la vibrante escena art\u00edstica de la ciudad neoyorquina, creando obras que reflejan tanto su herencia cultural como el entorno de las influencias urbanas de su contexto social actual.<\/p>\n<p style=\"text-align: justify;\">La exposici\u00f3n de Pedro Reyes incluir\u00e1 una amplia gama de sus trabajos, desde pinturas al \u00f3leo hasta t\u00e9cnicas mixtas y arte digital. Sus obras suelen explorar temas como la identidad, la migraci\u00f3n, y la interacci\u00f3n entre lo tradicional y lo moderno.<\/p>\n<p style=\"text-align: justify;\"><img decoding=\"async\" class=\"size-medium wp-image-18240 alignright lazyload\" data-src=\"https:\/\/defrentealaverdad.com\/wp-content\/uploads\/2024\/06\/IMG-20240612-WA0035-232x300.jpg\" alt=\"\" width=\"232\" height=\"300\" data-srcset=\"https:\/\/defrentealaverdad.com\/wp-content\/uploads\/2024\/06\/IMG-20240612-WA0035-232x300.jpg 232w, https:\/\/defrentealaverdad.com\/wp-content\/uploads\/2024\/06\/IMG-20240612-WA0035.jpg 742w\" data-sizes=\"(max-width: 232px) 100vw, 232px\" src=\"data:image\/svg+xml;base64,PHN2ZyB3aWR0aD0iMSIgaGVpZ2h0PSIxIiB4bWxucz0iaHR0cDovL3d3dy53My5vcmcvMjAwMC9zdmciPjwvc3ZnPg==\" style=\"--smush-placeholder-width: 232px; --smush-placeholder-aspect-ratio: 232\/300;\" \/><\/p>\n<p style=\"text-align: justify;\">Cada pieza invita al espectador a una reflexi\u00f3n profunda sobre la complejidad de la experiencia humana exhibida en cada estaci\u00f3n del tren metropolitano neoyorquino. Los visitantes de su exposici\u00f3n podr\u00e1n encontrar colores vivos, formas abstractas y composiciones din\u00e1micas que transmiten movimiento y emoci\u00f3n.<\/p>\n<p style=\"text-align: justify;\">Reyes tiene un talento especial para combinar elementos contrastantes, logrando una armon\u00eda visual que captura la atenci\u00f3n y provoca el pensamiento cr\u00edtico, progresista y revolucionario.<\/p>\n<p style=\"text-align: justify;\"><img decoding=\"async\" class=\"size-medium wp-image-18241 alignleft lazyload\" data-src=\"https:\/\/defrentealaverdad.com\/wp-content\/uploads\/2024\/06\/IMG-20240612-WA0036-300x225.jpg\" alt=\"\" width=\"300\" height=\"225\" data-srcset=\"https:\/\/defrentealaverdad.com\/wp-content\/uploads\/2024\/06\/IMG-20240612-WA0036-300x225.jpg 300w, https:\/\/defrentealaverdad.com\/wp-content\/uploads\/2024\/06\/IMG-20240612-WA0036-768x576.jpg 768w, https:\/\/defrentealaverdad.com\/wp-content\/uploads\/2024\/06\/IMG-20240612-WA0036-720x540.jpg 720w, https:\/\/defrentealaverdad.com\/wp-content\/uploads\/2024\/06\/IMG-20240612-WA0036.jpg 960w\" data-sizes=\"(max-width: 300px) 100vw, 300px\" src=\"data:image\/svg+xml;base64,PHN2ZyB3aWR0aD0iMSIgaGVpZ2h0PSIxIiB4bWxucz0iaHR0cDovL3d3dy53My5vcmcvMjAwMC9zdmciPjwvc3ZnPg==\" style=\"--smush-placeholder-width: 300px; --smush-placeholder-aspect-ratio: 300\/225;\" \/><\/p>\n<p style=\"text-align: justify;\">Adem\u00e1s, es probable que la exposici\u00f3n incluya una explicaci\u00f3n oral dirigido por el propio artista pl\u00e1stico, ofreciendo una oportunidad \u00fanica para aprender sobre sus procesos creativos y la filosof\u00eda detr\u00e1s de sus obras.<\/p>\n<p style=\"text-align: justify;\">Para aquellos que siguen la trayectoria de Pedro Reyes y que est\u00e1n interesados en el arte contempor\u00e1neo y la exploraci\u00f3n de nuevas perspectivas culturales, una exposici\u00f3n de Pedro Reyes es una experiencia imperdible, esta vez acompa\u00f1ado del tambi\u00e9n artista pl\u00e1stico H\u00e9ctor Ure\u00f1a, y se realizara en la direcci\u00f3n de cultura dominicana en la ciudad de Nueva York el s\u00e1bado 15 del presente mes, desde la seis de la tarde hasta la nueve de la noche.<\/p>\n<p style=\"text-align: justify;\">Fuente: Julio Disla<\/p>\n","protected":false},"excerpt":{"rendered":"<p>Pedro Reyes es un destacado artista pl\u00e1stico dominicano conocido por su innovador trabajo en el<\/p>\n","protected":false},"author":2,"featured_media":0,"comment_status":"open","ping_status":"open","sticky":false,"template":"","format":"standard","meta":{"footnotes":""},"categories":[7],"tags":[],"class_list":["post-18238","post","type-post","status-publish","format-standard","hentry","category-nacionales"],"_links":{"self":[{"href":"https:\/\/defrentealaverdad.com\/index.php\/wp-json\/wp\/v2\/posts\/18238","targetHints":{"allow":["GET"]}}],"collection":[{"href":"https:\/\/defrentealaverdad.com\/index.php\/wp-json\/wp\/v2\/posts"}],"about":[{"href":"https:\/\/defrentealaverdad.com\/index.php\/wp-json\/wp\/v2\/types\/post"}],"author":[{"embeddable":true,"href":"https:\/\/defrentealaverdad.com\/index.php\/wp-json\/wp\/v2\/users\/2"}],"replies":[{"embeddable":true,"href":"https:\/\/defrentealaverdad.com\/index.php\/wp-json\/wp\/v2\/comments?post=18238"}],"version-history":[{"count":1,"href":"https:\/\/defrentealaverdad.com\/index.php\/wp-json\/wp\/v2\/posts\/18238\/revisions"}],"predecessor-version":[{"id":18242,"href":"https:\/\/defrentealaverdad.com\/index.php\/wp-json\/wp\/v2\/posts\/18238\/revisions\/18242"}],"wp:attachment":[{"href":"https:\/\/defrentealaverdad.com\/index.php\/wp-json\/wp\/v2\/media?parent=18238"}],"wp:term":[{"taxonomy":"category","embeddable":true,"href":"https:\/\/defrentealaverdad.com\/index.php\/wp-json\/wp\/v2\/categories?post=18238"},{"taxonomy":"post_tag","embeddable":true,"href":"https:\/\/defrentealaverdad.com\/index.php\/wp-json\/wp\/v2\/tags?post=18238"}],"curies":[{"name":"wp","href":"https:\/\/api.w.org\/{rel}","templated":true}]}}