{"id":18234,"date":"2024-06-12T16:15:23","date_gmt":"2024-06-12T16:15:23","guid":{"rendered":"https:\/\/defrentealaverdad.com\/?p=18234"},"modified":"2024-06-12T16:15:23","modified_gmt":"2024-06-12T16:15:23","slug":"cesfront-incauta-135000-unidades-de-cigarrillos-en-dajabon","status":"publish","type":"post","link":"https:\/\/defrentealaverdad.com\/index.php\/2024\/06\/12\/cesfront-incauta-135000-unidades-de-cigarrillos-en-dajabon\/","title":{"rendered":"CESFronT incauta 135,000 unidades de cigarrillos en Dajab\u00f3n"},"content":{"rendered":"<p style=\"text-align: justify;\">Por F\u00e9lix Rubio<\/p>\n<blockquote><p>Dos hombres est\u00e1n detenidos por el hecho<\/p><\/blockquote>\n<p style=\"text-align: justify;\">Dajab\u00f3n.- El Cuerpo Especializado de Seguridad Fronteriza Terrestre (CESFronT) tras un operativo en conjunto con miembros del C-2, incaut\u00f3 la cantidad de 135,000 unidades de cigarrillos marca Capital y detuvo a dos hombres quienes trasladaban esta mercanc\u00eda en Dajab\u00f3n.<\/p>\n<p style=\"text-align: justify;\"><img decoding=\"async\" class=\"size-medium wp-image-18235 alignleft lazyload\" data-src=\"https:\/\/defrentealaverdad.com\/wp-content\/uploads\/2024\/06\/IMG-20240612-WA0095-300x169.jpg\" alt=\"\" width=\"300\" height=\"169\" data-srcset=\"https:\/\/defrentealaverdad.com\/wp-content\/uploads\/2024\/06\/IMG-20240612-WA0095-300x169.jpg 300w, https:\/\/defrentealaverdad.com\/wp-content\/uploads\/2024\/06\/IMG-20240612-WA0095-1024x576.jpg 1024w, https:\/\/defrentealaverdad.com\/wp-content\/uploads\/2024\/06\/IMG-20240612-WA0095-768x432.jpg 768w, https:\/\/defrentealaverdad.com\/wp-content\/uploads\/2024\/06\/IMG-20240612-WA0095-1536x864.jpg 1536w, https:\/\/defrentealaverdad.com\/wp-content\/uploads\/2024\/06\/IMG-20240612-WA0095-800x450.jpg 800w, https:\/\/defrentealaverdad.com\/wp-content\/uploads\/2024\/06\/IMG-20240612-WA0095.jpg 1600w\" data-sizes=\"(max-width: 300px) 100vw, 300px\" src=\"data:image\/svg+xml;base64,PHN2ZyB3aWR0aD0iMSIgaGVpZ2h0PSIxIiB4bWxucz0iaHR0cDovL3d3dy53My5vcmcvMjAwMC9zdmciPjwvc3ZnPg==\" style=\"--smush-placeholder-width: 300px; --smush-placeholder-aspect-ratio: 300\/169;\" \/><\/p>\n<p style=\"text-align: justify;\">Los detenidos por el hecho son Carlos Tom\u00e1s Heralte Espinal quien estaba acompa\u00f1ado por Alejandro de Los Santos Peralta, quien no portaba documentaci\u00f3n. Ambos se trasladaban en una trimoto marca Loncin, con las 135,000 unidades de cigarrillos divididas en 675 paquetes.<\/p>\n<p style=\"text-align: justify;\"><img decoding=\"async\" class=\"size-medium wp-image-18236 alignright lazyload\" data-src=\"https:\/\/defrentealaverdad.com\/wp-content\/uploads\/2024\/06\/IMG-20240612-WA0094-300x169.jpg\" alt=\"\" width=\"300\" height=\"169\" data-srcset=\"https:\/\/defrentealaverdad.com\/wp-content\/uploads\/2024\/06\/IMG-20240612-WA0094-300x169.jpg 300w, https:\/\/defrentealaverdad.com\/wp-content\/uploads\/2024\/06\/IMG-20240612-WA0094-1024x576.jpg 1024w, https:\/\/defrentealaverdad.com\/wp-content\/uploads\/2024\/06\/IMG-20240612-WA0094-768x432.jpg 768w, https:\/\/defrentealaverdad.com\/wp-content\/uploads\/2024\/06\/IMG-20240612-WA0094-1536x864.jpg 1536w, https:\/\/defrentealaverdad.com\/wp-content\/uploads\/2024\/06\/IMG-20240612-WA0094-800x450.jpg 800w, https:\/\/defrentealaverdad.com\/wp-content\/uploads\/2024\/06\/IMG-20240612-WA0094.jpg 1600w\" data-sizes=\"(max-width: 300px) 100vw, 300px\" src=\"data:image\/svg+xml;base64,PHN2ZyB3aWR0aD0iMSIgaGVpZ2h0PSIxIiB4bWxucz0iaHR0cDovL3d3dy53My5vcmcvMjAwMC9zdmciPjwvc3ZnPg==\" style=\"--smush-placeholder-width: 300px; --smush-placeholder-aspect-ratio: 300\/169;\" \/><\/p>\n<p style=\"text-align: justify;\">La mercanc\u00eda, la motocicleta y los detenidos se encuentran en la Base de Operaciones Fronterizas Batalla S\u00e1bana Larga para los fines correspondientes.<\/p>\n<p style=\"text-align: justify;\">El CESFronT, se mantiene con intensas labores de patrullaje e inteligencia, en estricto cumplimiento de los lineamientos trazados por el ministro de Defensa, el teniente general Carlos Luciano D\u00edaz Morfa ERD, con el objetivo de erradicar las actividades il\u00edcitas en toda la franja fronteriza para beneficio del pueblo dominicano.<\/p>\n<p style=\"text-align: justify;\">Fuente: CESFronT<\/p>\n","protected":false},"excerpt":{"rendered":"<p>Por F\u00e9lix Rubio Dos hombres est\u00e1n detenidos por el hecho Dajab\u00f3n.- El Cuerpo Especializado de<\/p>\n","protected":false},"author":1,"featured_media":0,"comment_status":"open","ping_status":"open","sticky":false,"template":"","format":"standard","meta":{"footnotes":""},"categories":[7],"tags":[],"class_list":["post-18234","post","type-post","status-publish","format-standard","hentry","category-nacionales"],"_links":{"self":[{"href":"https:\/\/defrentealaverdad.com\/index.php\/wp-json\/wp\/v2\/posts\/18234","targetHints":{"allow":["GET"]}}],"collection":[{"href":"https:\/\/defrentealaverdad.com\/index.php\/wp-json\/wp\/v2\/posts"}],"about":[{"href":"https:\/\/defrentealaverdad.com\/index.php\/wp-json\/wp\/v2\/types\/post"}],"author":[{"embeddable":true,"href":"https:\/\/defrentealaverdad.com\/index.php\/wp-json\/wp\/v2\/users\/1"}],"replies":[{"embeddable":true,"href":"https:\/\/defrentealaverdad.com\/index.php\/wp-json\/wp\/v2\/comments?post=18234"}],"version-history":[{"count":1,"href":"https:\/\/defrentealaverdad.com\/index.php\/wp-json\/wp\/v2\/posts\/18234\/revisions"}],"predecessor-version":[{"id":18237,"href":"https:\/\/defrentealaverdad.com\/index.php\/wp-json\/wp\/v2\/posts\/18234\/revisions\/18237"}],"wp:attachment":[{"href":"https:\/\/defrentealaverdad.com\/index.php\/wp-json\/wp\/v2\/media?parent=18234"}],"wp:term":[{"taxonomy":"category","embeddable":true,"href":"https:\/\/defrentealaverdad.com\/index.php\/wp-json\/wp\/v2\/categories?post=18234"},{"taxonomy":"post_tag","embeddable":true,"href":"https:\/\/defrentealaverdad.com\/index.php\/wp-json\/wp\/v2\/tags?post=18234"}],"curies":[{"name":"wp","href":"https:\/\/api.w.org\/{rel}","templated":true}]}}