{"id":18227,"date":"2024-06-12T14:11:22","date_gmt":"2024-06-12T14:11:22","guid":{"rendered":"https:\/\/defrentealaverdad.com\/?p=18227"},"modified":"2024-06-12T14:13:10","modified_gmt":"2024-06-12T14:13:10","slug":"locutora-milys-peralta-es-nominada-a-premios-la-flor-2024","status":"publish","type":"post","link":"https:\/\/defrentealaverdad.com\/index.php\/2024\/06\/12\/locutora-milys-peralta-es-nominada-a-premios-la-flor-2024\/","title":{"rendered":"Locutora Milys Peralta es nominada a Premios La Flor 2024"},"content":{"rendered":"<p style=\"text-align: justify;\"><img decoding=\"async\" class=\"size-medium wp-image-18230 aligncenter lazyload\" data-src=\"https:\/\/defrentealaverdad.com\/wp-content\/uploads\/2024\/06\/IMG-20240611-WA0280-232x300.jpg\" alt=\"\" width=\"232\" height=\"300\" data-srcset=\"https:\/\/defrentealaverdad.com\/wp-content\/uploads\/2024\/06\/IMG-20240611-WA0280-232x300.jpg 232w, https:\/\/defrentealaverdad.com\/wp-content\/uploads\/2024\/06\/IMG-20240611-WA0280-790x1024.jpg 790w, https:\/\/defrentealaverdad.com\/wp-content\/uploads\/2024\/06\/IMG-20240611-WA0280-768x995.jpg 768w, https:\/\/defrentealaverdad.com\/wp-content\/uploads\/2024\/06\/IMG-20240611-WA0280.jpg 988w\" data-sizes=\"(max-width: 232px) 100vw, 232px\" src=\"data:image\/svg+xml;base64,PHN2ZyB3aWR0aD0iMSIgaGVpZ2h0PSIxIiB4bWxucz0iaHR0cDovL3d3dy53My5vcmcvMjAwMC9zdmciPjwvc3ZnPg==\" style=\"--smush-placeholder-width: 232px; --smush-placeholder-aspect-ratio: 232\/300;\" \/><\/p>\n<p style=\"text-align: justify;\">La destacada locutora Milys Peralta, agradeci\u00f3 a la producci\u00f3n general de \u201cPremios La Flor 2024\u201d, por su nominaci\u00f3n en la categor\u00eda \u201cVoice-Over\u201d.<\/p>\n<p style=\"text-align: justify;\"><em><strong>\u201cDoy gracias a Dios, mi gu\u00eda y manager, la marca m\u00e1s importante de mi portafolio, a mi amado esposo, mis tres hijos, mis padres, hermana, familia biol\u00f3gica y comunidad de fe, tambi\u00e9n mis queridos colegas, amigos y mentores que me apoyan en cada paso del camino con sus valiosos consejos y oraciones\u201d.<\/strong><\/em><\/p>\n<p style=\"text-align: justify;\">Peralta, expres\u00f3: <em>\u201cesta carrera me ha tra\u00eddo muchas satisfacciones, uno de esos lindos regalos, es poder servir y trabajar todos los d\u00edas, en lo que profundamente amo y me apasiona, impregnarle ese toque de cari\u00f1o a cada proyecto, hacer equipo, conectar con el mensaje y llegar al coraz\u00f3n de la audiencia\u201d.<\/em><\/p>\n<p style=\"text-align: justify;\">La historia de Milys Peralta, es un est\u00edmulo, a ser genuinos y confiar en Dios, pues a pesar de ser una joven de pueblo y de or\u00edgenes humildes, ha logrado trascender muchas fronteras con su trabajo como Voice Over, ganando m\u00faltiples reconocimientos y premios nacionales.<\/p>\n<p style=\"text-align: justify;\">Milys felicit\u00f3 con entusiasmo a sus compa\u00f1eros en la categor\u00eda Voice Over, que reci\u00e9n se estrena en esta d\u00e9cima edici\u00f3n de Premios La Flor 2024, y tambi\u00e9n una felicitaci\u00f3n especial a todos los nominados de su apreciada provincia San Pedro de Macor\u00eds, donde hay j\u00f3venes muy talentosos y emprendedores que trabajan con esmero y excelencia.<\/p>\n<p style=\"text-align: justify;\">Milys Peralta es una de las primeras artistas de la voz del pa\u00eds en contar con su propio Home Studio, en esa lista figuran tambi\u00e9n las admiradas locutoras Angely B\u00e1ez y Yadhira Pimentel.<\/p>\n<p style=\"text-align: justify;\"><strong>Acerca de Milys Peralta<\/strong><\/p>\n<p style=\"text-align: justify;\"><img decoding=\"async\" class=\"size-medium wp-image-18228 alignright lazyload\" data-src=\"https:\/\/defrentealaverdad.com\/wp-content\/uploads\/2024\/06\/IMG-20240611-WA0290-201x300.jpg\" alt=\"\" width=\"201\" height=\"300\" data-srcset=\"https:\/\/defrentealaverdad.com\/wp-content\/uploads\/2024\/06\/IMG-20240611-WA0290-201x300.jpg 201w, https:\/\/defrentealaverdad.com\/wp-content\/uploads\/2024\/06\/IMG-20240611-WA0290-686x1024.jpg 686w, https:\/\/defrentealaverdad.com\/wp-content\/uploads\/2024\/06\/IMG-20240611-WA0290-768x1147.jpg 768w, https:\/\/defrentealaverdad.com\/wp-content\/uploads\/2024\/06\/IMG-20240611-WA0290.jpg 857w\" data-sizes=\"(max-width: 201px) 100vw, 201px\" src=\"data:image\/svg+xml;base64,PHN2ZyB3aWR0aD0iMSIgaGVpZ2h0PSIxIiB4bWxucz0iaHR0cDovL3d3dy53My5vcmcvMjAwMC9zdmciPjwvc3ZnPg==\" style=\"--smush-placeholder-width: 201px; --smush-placeholder-aspect-ratio: 201\/300;\" \/><\/p>\n<p style=\"text-align: justify;\">Voice Over, Locutora Comercial y narrativa, Maestra de ceremonias de connotados eventos acad\u00e9micos, corporativos y sociales. Es licenciada en Administraci\u00f3n de Empresas, con un Master en Direcci\u00f3n de Comunicaci\u00f3n, Relaciones P\u00fablicas y Protocolo. Posee 18 a\u00f1os en el ejercicio de la locuci\u00f3n.<\/p>\n<p style=\"text-align: justify;\"><strong>Acerca de Premios La Flor 2024<\/strong><\/p>\n<p style=\"text-align: justify;\"><img decoding=\"async\" class=\"size-medium wp-image-18229 alignleft lazyload\" data-src=\"https:\/\/defrentealaverdad.com\/wp-content\/uploads\/2024\/06\/IMG-20240611-WA0212-300x300.jpg\" alt=\"\" width=\"300\" height=\"300\" data-srcset=\"https:\/\/defrentealaverdad.com\/wp-content\/uploads\/2024\/06\/IMG-20240611-WA0212-300x300.jpg 300w, https:\/\/defrentealaverdad.com\/wp-content\/uploads\/2024\/06\/IMG-20240611-WA0212-1024x1024.jpg 1024w, https:\/\/defrentealaverdad.com\/wp-content\/uploads\/2024\/06\/IMG-20240611-WA0212-150x150.jpg 150w, https:\/\/defrentealaverdad.com\/wp-content\/uploads\/2024\/06\/IMG-20240611-WA0212-768x768.jpg 768w, https:\/\/defrentealaverdad.com\/wp-content\/uploads\/2024\/06\/IMG-20240611-WA0212.jpg 1080w\" data-sizes=\"(max-width: 300px) 100vw, 300px\" src=\"data:image\/svg+xml;base64,PHN2ZyB3aWR0aD0iMSIgaGVpZ2h0PSIxIiB4bWxucz0iaHR0cDovL3d3dy53My5vcmcvMjAwMC9zdmciPjwvc3ZnPg==\" style=\"--smush-placeholder-width: 300px; --smush-placeholder-aspect-ratio: 300\/300;\" \/><\/p>\n<p style=\"text-align: justify;\">Premios La Flor llevan 10 a\u00f1os realiz\u00e1ndose en la parte Este del pa\u00eds y va rumbo a la 4ta edici\u00f3n en Santo Domingo, marcando un hito importante y posicion\u00e1ndose como uno de los premios m\u00e1s importante de la Juventud en Rep\u00fablica Dominicana.<\/p>\n<p style=\"text-align: justify;\">Fuente: Equipo Milys Peralta<\/p>\n","protected":false},"excerpt":{"rendered":"<p>La destacada locutora Milys Peralta, agradeci\u00f3 a la producci\u00f3n general de \u201cPremios La Flor 2024\u201d,<\/p>\n","protected":false},"author":4,"featured_media":0,"comment_status":"open","ping_status":"open","sticky":false,"template":"","format":"standard","meta":{"footnotes":""},"categories":[6],"tags":[],"class_list":["post-18227","post","type-post","status-publish","format-standard","hentry","category-espectaculos"],"_links":{"self":[{"href":"https:\/\/defrentealaverdad.com\/index.php\/wp-json\/wp\/v2\/posts\/18227","targetHints":{"allow":["GET"]}}],"collection":[{"href":"https:\/\/defrentealaverdad.com\/index.php\/wp-json\/wp\/v2\/posts"}],"about":[{"href":"https:\/\/defrentealaverdad.com\/index.php\/wp-json\/wp\/v2\/types\/post"}],"author":[{"embeddable":true,"href":"https:\/\/defrentealaverdad.com\/index.php\/wp-json\/wp\/v2\/users\/4"}],"replies":[{"embeddable":true,"href":"https:\/\/defrentealaverdad.com\/index.php\/wp-json\/wp\/v2\/comments?post=18227"}],"version-history":[{"count":3,"href":"https:\/\/defrentealaverdad.com\/index.php\/wp-json\/wp\/v2\/posts\/18227\/revisions"}],"predecessor-version":[{"id":18233,"href":"https:\/\/defrentealaverdad.com\/index.php\/wp-json\/wp\/v2\/posts\/18227\/revisions\/18233"}],"wp:attachment":[{"href":"https:\/\/defrentealaverdad.com\/index.php\/wp-json\/wp\/v2\/media?parent=18227"}],"wp:term":[{"taxonomy":"category","embeddable":true,"href":"https:\/\/defrentealaverdad.com\/index.php\/wp-json\/wp\/v2\/categories?post=18227"},{"taxonomy":"post_tag","embeddable":true,"href":"https:\/\/defrentealaverdad.com\/index.php\/wp-json\/wp\/v2\/tags?post=18227"}],"curies":[{"name":"wp","href":"https:\/\/api.w.org\/{rel}","templated":true}]}}