{"id":18224,"date":"2024-06-12T14:06:42","date_gmt":"2024-06-12T14:06:42","guid":{"rendered":"https:\/\/defrentealaverdad.com\/?p=18224"},"modified":"2024-06-12T14:07:07","modified_gmt":"2024-06-12T14:07:07","slug":"fundacion-fufrodios-realiza-operativo-medico-en-guayubin","status":"publish","type":"post","link":"https:\/\/defrentealaverdad.com\/index.php\/2024\/06\/12\/fundacion-fufrodios-realiza-operativo-medico-en-guayubin\/","title":{"rendered":"Fundaci\u00f3n FUFRODIOS realiza operativo m\u00e9dico en Guayub\u00edn"},"content":{"rendered":"<div class=\"big-container\">\n<div class=\"headline-wrapper\">\n<div id=\"news-ticker\">\n<div class=\"news-ticker-left\">\n<div id=\"ticker-area\" class=\"news_content\"><\/div>\n<\/div>\n<\/div>\n<\/div>\n<div class=\"picheader\">\n<div id=\"header-wrapper\">\n<div id=\"header\" class=\"header section\">\n<div id=\"Header1\" class=\"widget Header\" data-version=\"1\">\n<div id=\"header-inner\"><\/div>\n<\/div>\n<\/div>\n<\/div>\n<\/div>\n<div id=\"outer-wrapper\">\n<div id=\"wrap2\">\n<div id=\"content-wrapper\">\n<div id=\"main-wrapper\">\n<div id=\"main\" class=\"main section\">\n<div id=\"Blog1\" class=\"widget Blog\" data-version=\"1\">\n<div class=\"blog-posts hfeed\">\n<div class=\"date-outer\">\n<div class=\"date-posts\">\n<div class=\"post-outer\">\n<div class=\"post hentry\">\n<div class=\"post-body entry-content\">\n<p><a href=\"https:\/\/blogger.googleusercontent.com\/img\/b\/R29vZ2xl\/AVvXsEidldyUYBRR-tS-6zALsgfEF8Kzw_cYcqKOGPSpkzJLn0et8RFuRvz-YQR6Ij-ON7uBAyVIL3-dQMlMfhWQr5Rja3RIy5E9Pg6REedxJYZkULM-1Rx43-_Fn8z4Dls_kDCOryv7IBlyyej62ig0Wlw_ekb_b2nkG3L0DmGkbbAamNuurI8aTSKDyhaox-A\/s1138\/IMG-20240611-WA0051.jpg\"><img decoding=\"async\" class=\"aligncenter lazyload\" data-src=\"https:\/\/blogger.googleusercontent.com\/img\/b\/R29vZ2xl\/AVvXsEidldyUYBRR-tS-6zALsgfEF8Kzw_cYcqKOGPSpkzJLn0et8RFuRvz-YQR6Ij-ON7uBAyVIL3-dQMlMfhWQr5Rja3RIy5E9Pg6REedxJYZkULM-1Rx43-_Fn8z4Dls_kDCOryv7IBlyyej62ig0Wlw_ekb_b2nkG3L0DmGkbbAamNuurI8aTSKDyhaox-A\/s1600\/IMG-20240611-WA0051.jpg\" border=\"0\" src=\"data:image\/svg+xml;base64,PHN2ZyB3aWR0aD0iMSIgaGVpZ2h0PSIxIiB4bWxucz0iaHR0cDovL3d3dy53My5vcmcvMjAwMC9zdmciPjwvc3ZnPg==\" \/><\/a><\/p>\n<p style=\"text-align: justify;\"><b>Guayub\u00edn, Montecristi, RD. &#8211;\u00a0<\/b>La Fundaci\u00f3n Filantr\u00f3pica Promesa de Dios (FUFPRODIOS), realiz\u00f3 un operativo m\u00e9dico de presi\u00f3n arterial, en Guayubin, provincia Montecristi, con el objetivo de contribu\u00edr a la salud de los habitantes de la comunidad.<\/p>\n<p style=\"text-align: justify;\">Cientos de personas acudieron al Cuerpo de Bomberos de \u00e9sa localidad, donde se realiz\u00f3 la jornada m\u00e9dica, para recibir las atenci\u00f3nes de los especialistas.<\/p>\n<p style=\"text-align: justify;\">La presidenta de FUFPRODIOS, licenciada, Claudia Dur\u00e1n Capri, resalt\u00f3 la importancia de realizar estos operativos, ya que seg\u00fan expres\u00f3:<\/p>\n<\/div>\n<blockquote>\n<div class=\"post-body entry-content\" style=\"text-align: justify;\">\u00abla gente est\u00e1 padeciendo de muchos problemas de salud, principalmente card\u00edacos, agregando que, este es el primero de los muchos que vamos a seguir haciendo para nuestra comunidad de Ranchadero, Guayubin y las dem\u00e1s zonas\u201d, precis\u00f3.<\/div>\n<\/blockquote>\n<div class=\"post-body entry-content\" style=\"text-align: justify;\">Durante el operativo se realizaron tomas de presi\u00f3n y fueron entregados los medicamentos indicados por los galenos, y se entregaron kits de primeros auxilios.<br \/>\n<a href=\"https:\/\/blogger.googleusercontent.com\/img\/b\/R29vZ2xl\/AVvXsEhFmSxuetsGs7skDpMIasbCsVfpKl7DrjQtt5aJ5AY-_ra4_WHHDfvDC-bskf41WoxFUBTVkE7vLMePoKZQEA7DGtf9pBQTO5r5xJGqWc2CaSyASSEmdI1BvIK9OnUY-qMNPmy7KgMt0ljekjffTLa4v_dzcD_ySOzwVKokwHODdDIq51qhgDeCQZdRD8M\/s1280\/IMG-20240611-WA0054.jpg\"><img decoding=\"async\" data-src=\"https:\/\/blogger.googleusercontent.com\/img\/b\/R29vZ2xl\/AVvXsEhFmSxuetsGs7skDpMIasbCsVfpKl7DrjQtt5aJ5AY-_ra4_WHHDfvDC-bskf41WoxFUBTVkE7vLMePoKZQEA7DGtf9pBQTO5r5xJGqWc2CaSyASSEmdI1BvIK9OnUY-qMNPmy7KgMt0ljekjffTLa4v_dzcD_ySOzwVKokwHODdDIq51qhgDeCQZdRD8M\/s1600\/IMG-20240611-WA0054.jpg\" border=\"0\" src=\"data:image\/svg+xml;base64,PHN2ZyB3aWR0aD0iMSIgaGVpZ2h0PSIxIiB4bWxucz0iaHR0cDovL3d3dy53My5vcmcvMjAwMC9zdmciPjwvc3ZnPg==\" class=\"lazyload\" \/><\/a><br \/>\n<a href=\"https:\/\/blogger.googleusercontent.com\/img\/b\/R29vZ2xl\/AVvXsEj935L_WTx_qTbcHd2E7XmqrxMgHw2Oz3I7YINmUmbI3pDK8Q6o8vzGZ44haQtigSSzVXwg74iR1DG-UUYt1CxwUMzGr5RmhK9-udX3Axyctwk9gFXgIwaw2UJuKzSC3XdBqfaMXyQIbFitf-ue9C03IBTdSbsdglTww6bs5i5BEVX-faTQD1FUWLGlZQA\/s1073\/IMG-20240611-WA0052.jpg\"><img decoding=\"async\" data-src=\"https:\/\/blogger.googleusercontent.com\/img\/b\/R29vZ2xl\/AVvXsEj935L_WTx_qTbcHd2E7XmqrxMgHw2Oz3I7YINmUmbI3pDK8Q6o8vzGZ44haQtigSSzVXwg74iR1DG-UUYt1CxwUMzGr5RmhK9-udX3Axyctwk9gFXgIwaw2UJuKzSC3XdBqfaMXyQIbFitf-ue9C03IBTdSbsdglTww6bs5i5BEVX-faTQD1FUWLGlZQA\/s1600\/IMG-20240611-WA0052.jpg\" border=\"0\" src=\"data:image\/svg+xml;base64,PHN2ZyB3aWR0aD0iMSIgaGVpZ2h0PSIxIiB4bWxucz0iaHR0cDovL3d3dy53My5vcmcvMjAwMC9zdmciPjwvc3ZnPg==\" class=\"lazyload\" \/><\/a><br \/>\n<a href=\"https:\/\/blogger.googleusercontent.com\/img\/b\/R29vZ2xl\/AVvXsEjrxyXUEqFuI0NNPvkAshtxsf0Xieis0fx-58ZeEhUBfPc_GzLfHBpxpvVraJZJT_OS7i3Fwaq7mtOvE-KFFYPMfx0-4O9kwtf1bIn4yLCOAIvI8gU93hhZySusg1tj96VRJD5nYBUbFyxG0q8mWPii-SdtkKrNfcWhPL1_HdgvNlXRbfy_7siQuM9s7bk\/s1280\/IMG-20240611-WA0053.jpg\"><img decoding=\"async\" data-src=\"https:\/\/blogger.googleusercontent.com\/img\/b\/R29vZ2xl\/AVvXsEjrxyXUEqFuI0NNPvkAshtxsf0Xieis0fx-58ZeEhUBfPc_GzLfHBpxpvVraJZJT_OS7i3Fwaq7mtOvE-KFFYPMfx0-4O9kwtf1bIn4yLCOAIvI8gU93hhZySusg1tj96VRJD5nYBUbFyxG0q8mWPii-SdtkKrNfcWhPL1_HdgvNlXRbfy_7siQuM9s7bk\/s1600\/IMG-20240611-WA0053.jpg\" border=\"0\" src=\"data:image\/svg+xml;base64,PHN2ZyB3aWR0aD0iMSIgaGVpZ2h0PSIxIiB4bWxucz0iaHR0cDovL3d3dy53My5vcmcvMjAwMC9zdmciPjwvc3ZnPg==\" class=\"lazyload\" \/><\/a><\/div>\n<div><\/div>\n<div class=\"post-body entry-content\" style=\"text-align: justify;\">De su lado la vicepresidenta, doctora Shaylin Guzm\u00e1n Dur\u00e1n, dijo que \u201cestamos felices porque fue un \u00e9xito y agradecidos de todas las personas que asistieron y nos colaboraron\u201d.<\/div>\n<div><\/div>\n<div class=\"post-body entry-content\" style=\"text-align: justify;\">La fundaci\u00f3n cont\u00f3 con el apoyo de la Presidencia de la Rep\u00fablica,la empresa, Pl\u00e1sticos la Primera, Coopinfa, entre otras.<\/div>\n<\/div>\n<\/div>\n<\/div>\n<div><\/div>\n<\/div>\n<div><\/div>\n<\/div>\n<\/div>\n<\/div>\n<\/div>\n<\/div>\n<\/div>\n<\/div>\n<\/div>\n","protected":false},"excerpt":{"rendered":"<p>Guayub\u00edn, Montecristi, RD. &#8211;\u00a0La Fundaci\u00f3n Filantr\u00f3pica Promesa de Dios (FUFPRODIOS), realiz\u00f3 un operativo m\u00e9dico de<\/p>\n","protected":false},"author":2,"featured_media":0,"comment_status":"open","ping_status":"open","sticky":false,"template":"","format":"standard","meta":{"footnotes":""},"categories":[7],"tags":[],"class_list":["post-18224","post","type-post","status-publish","format-standard","hentry","category-nacionales"],"_links":{"self":[{"href":"https:\/\/defrentealaverdad.com\/index.php\/wp-json\/wp\/v2\/posts\/18224","targetHints":{"allow":["GET"]}}],"collection":[{"href":"https:\/\/defrentealaverdad.com\/index.php\/wp-json\/wp\/v2\/posts"}],"about":[{"href":"https:\/\/defrentealaverdad.com\/index.php\/wp-json\/wp\/v2\/types\/post"}],"author":[{"embeddable":true,"href":"https:\/\/defrentealaverdad.com\/index.php\/wp-json\/wp\/v2\/users\/2"}],"replies":[{"embeddable":true,"href":"https:\/\/defrentealaverdad.com\/index.php\/wp-json\/wp\/v2\/comments?post=18224"}],"version-history":[{"count":2,"href":"https:\/\/defrentealaverdad.com\/index.php\/wp-json\/wp\/v2\/posts\/18224\/revisions"}],"predecessor-version":[{"id":18226,"href":"https:\/\/defrentealaverdad.com\/index.php\/wp-json\/wp\/v2\/posts\/18224\/revisions\/18226"}],"wp:attachment":[{"href":"https:\/\/defrentealaverdad.com\/index.php\/wp-json\/wp\/v2\/media?parent=18224"}],"wp:term":[{"taxonomy":"category","embeddable":true,"href":"https:\/\/defrentealaverdad.com\/index.php\/wp-json\/wp\/v2\/categories?post=18224"},{"taxonomy":"post_tag","embeddable":true,"href":"https:\/\/defrentealaverdad.com\/index.php\/wp-json\/wp\/v2\/tags?post=18224"}],"curies":[{"name":"wp","href":"https:\/\/api.w.org\/{rel}","templated":true}]}}