{"id":18218,"date":"2024-06-12T12:36:55","date_gmt":"2024-06-12T12:36:55","guid":{"rendered":"https:\/\/defrentealaverdad.com\/?p=18218"},"modified":"2024-06-12T12:36:55","modified_gmt":"2024-06-12T12:36:55","slug":"bid-apoyara-estructuracion-de-proyectos-app-para-la-gestion-sostenible-de-activos-ambientales-subnacionales-en-la-amazonia-brasilena","status":"publish","type":"post","link":"https:\/\/defrentealaverdad.com\/index.php\/2024\/06\/12\/bid-apoyara-estructuracion-de-proyectos-app-para-la-gestion-sostenible-de-activos-ambientales-subnacionales-en-la-amazonia-brasilena\/","title":{"rendered":"BID apoyar\u00e1 estructuraci\u00f3n de proyectos APP para la gesti\u00f3n sostenible de activos ambientales subnacionales en la Amazon\u00eda brasile\u00f1a"},"content":{"rendered":"<section class=\" idb-section-wrapper section-background--blue extra-classes--default \">\n<section class=\" section-header section-header--alignment-center \">\n<p class=\" outline-text idb-text--2xl idb-font--semibold style-override--undefined \" style=\"text-align: justify;\"><span style=\"font-size: 16px;\">MANAOS, Brasil &#8211; El Banco Interamericano de Desarrollo (BID) anunci\u00f3 hoy una <\/span>cooperaci\u00f3n t\u00e9cnica<span style=\"font-size: 16px;\">\u00a0para el Servicio Forestal Brasile\u00f1o (SFB) y el Banco Nacional de Desarrollo Econ\u00f3mico y Social (BNDES) con el prop\u00f3sito de apoyar la estructuraci\u00f3n de proyectos de asociaciones p\u00fablico-privadas (APP) en la gesti\u00f3n sostenible de activos ambientales subnacionales en la Amazon\u00eda brasile\u00f1a.\u00a0<\/span><\/p>\n<\/section>\n<\/section>\n<section class=\"px-12\">\n<div class=\" narrow--fluid \">\n<div class=\" narrow--fluid \">\n<p class=\"text-align-justify\" style=\"text-align: justify;\">La cooperaci\u00f3n t\u00e9cnica no reembolsable de US$1 mill\u00f3n es financiada por el Fondo Verde para el Clima (GCF) a trav\u00e9s de la iniciativa\u00a0Amazon\u00eda Siempre\u00a0del BID. El programa apoyar\u00e1 la estructuraci\u00f3n de proyectos APP subnacionales para la conservaci\u00f3n forestal y la recuperaci\u00f3n de \u00e1reas degradadas, e incluye el desarrollo de estudios de perfil, prefactibilidad y factibilidad, y la redacci\u00f3n y estructuraci\u00f3n de documentos de licitaci\u00f3n y contratos.<\/p>\n<blockquote>\n<p class=\"text-align-justify\" style=\"text-align: justify;\">\u201cEsta cooperaci\u00f3n t\u00e9cnica dar\u00e1 continuidad a la estrecha colaboraci\u00f3n que ya existe entre las tres entidades, aprovechando las lecciones aprendidas en la estructuraci\u00f3n de proyectos para la restauraci\u00f3n y mantenimiento de \u00e1reas claves como el Bosque Nacional de Bom Futuro, destac\u00f3 Renato Rosenberg, director de concesi\u00f3n y monitoreo del SFB.<\/p>\n<\/blockquote>\n<p class=\"text-align-justify\" style=\"text-align: justify;\">Gast\u00f3n Astesiano, jefe de la Ventanilla \u00danica APP del BID, dijo:<\/p>\n<blockquote>\n<p class=\"text-align-justify\" style=\"text-align: justify;\">\u201cel cambio legal en 2023 en la ley de gesti\u00f3n de bosques p\u00fablicos para la producci\u00f3n sostenible en Brasil permite el pago por servicios ambientales en concesiones forestales, lo que representa una oportunidad \u00fanica para incentivar la participaci\u00f3n de la iniciativa privada en proyectos de restauraci\u00f3n de bosques\u201d.<\/p>\n<\/blockquote>\n<p class=\"text-align-justify\" style=\"text-align: justify;\">Este modelo de concesiones forestales podr\u00eda generar inversiones de hasta R$60.000 millones (aproximadamente US$12.000 millones) en los pr\u00f3ximos a\u00f1os, desarrollando una nueva cadena productiva para el cuidado y la regeneraci\u00f3n de \u00e1reas degradadas en el pa\u00eds.<\/p>\n<p class=\"text-align-justify\" style=\"text-align: justify;\">El enfoque subnacional de este proyecto permitir\u00e1 recuperar vegetaci\u00f3n en zonas degradas de la Amazon\u00eda, mejorar la gesti\u00f3n del suelo e implementar pr\u00e1cticas forestales sostenibles e innovadoras. Adem\u00e1s, se pretende fomentar el desarrollo de bionegocios y la provisi\u00f3n de servicios ambientales que se alinean con el programa\u00a0Amazon\u00eda Siempre\u00a0del BID, poniendo foco en el desarrollo sostenible e inclusivo en la regi\u00f3n.<\/p>\n<blockquote>\n<p class=\"text-align-justify\" style=\"text-align: justify;\">\u201cEl Grupo BID\u00a0destina equipo, recursos y esfuerzos para la estructuraci\u00f3n de concesiones para la gesti\u00f3n de activos ambientales en Am\u00e9rica Latina y el Caribe, apoyando proyectos que buscan reducir la deforestaci\u00f3n, promover la restauraci\u00f3n forestal y mejorar las condiciones de vida de las comunidades locales. Estamos convencidos de que las asociaciones p\u00fablico-privadas son un instrumento poderoso para permitir el manejo sostenible del medio ambiente y generar beneficios directos para las comunidades\u201d, indic\u00f3 el representante del BID en Brasil, Morgan Doyle.<\/p>\n<\/blockquote>\n<p class=\"text-align-justify\" style=\"text-align: justify;\">El anuncio se dio en el marco del evento\u00a0<em>Concesiones Forestales en Brasil: Construyendo sinergias para la conservaci\u00f3n de la Amazon\u00eda<\/em>, celebrado en Manaos de forma paralela a la\u00a0<em>Semana de la Sostenibilidad 2024,\u00a0<\/em>organizada por BID Invest, el brazo del sector privado del Grupo BID. Este es considerado el evento de sostenibilidad de mayor transcendencia para el sector privado de Latinoam\u00e9rica y el Caribe.<\/p>\n<p class=\"text-align-justify\" style=\"text-align: justify;\"><strong>Sobre Amazon\u00eda Siempre<\/strong><\/p>\n<p class=\"text-align-justify\" style=\"text-align: justify;\">Amazon\u00eda Siempre es un programa paraguas y hol\u00edstico que tiene como objetivo proteger la biodiversidad y acelerar el desarrollo sostenible desde tres frentes de acci\u00f3n: ampliar financiamiento, impulsar el intercambio de conocimiento y facilitar la coordinaci\u00f3n regional entre los ocho pa\u00edses amaz\u00f3nicos. El Programa se basa en cinco pilares: (i) Lucha contra la deforestaci\u00f3n y fortalecimiento del control y la seguridad medioambientales en el contexto de los gobiernos nacionales); (ii) Bioeconom\u00eda y econom\u00eda creativa, a trav\u00e9s del fomento de actividades econ\u00f3micas alternativas y sostenibles; (iii) Personas, con el objetivo de lograr un acceso adecuado a la educaci\u00f3n, atenci\u00f3n m\u00e9dica y empleo; (iv) Ciudades e infraestructura sostenibles y conectividad; y (v) Agricultura, ganader\u00eda y silvicultura sostenibles y bajas en carbono. Adem\u00e1s, el programa se centra en promover la inclusi\u00f3n de las mujeres, los pueblos ind\u00edgenas, los afrodescendientes y las comunidades locales; la conservaci\u00f3n del clima, la biodiversidad y los bosques; y el fortalecimiento de las capacidades institucionales y el Estado de Derecho.<\/p>\n<p class=\"text-align-justify\" style=\"text-align: justify;\"><strong>Sobre el BID<\/strong><\/p>\n<p class=\"text-align-justify\" style=\"text-align: justify;\">El Grupo del Banco Interamericano de Desarrollo (Grupo BID) es la principal fuente de financiamiento para el desarrollo sostenible e inclusivo en Am\u00e9rica Latina y el Caribe. Con oficinas en 26 pa\u00edses de la regi\u00f3n, est\u00e1 enfocado en mejorar vidas a trav\u00e9s de soluciones financieras y conocimiento relevante y de vanguardia. El Grupo BID est\u00e1 compuesto por el BID, BID Invest y BID Lab, que tienen un impacto positivo en la regi\u00f3n por su trabajo junto a los gobiernos, el sector privado y emprendedores innovadores, respectivamente.<\/p>\n<\/div>\n<p>Fuente: Prensa BID<\/p>\n<div class=\" narrow--fluid \">\n<p class=\"text-align-justify\" style=\"text-align: justify;\">\n<\/div>\n<\/div>\n<\/section>\n","protected":false},"excerpt":{"rendered":"<p>MANAOS, Brasil &#8211; El Banco Interamericano de Desarrollo (BID) anunci\u00f3 hoy una cooperaci\u00f3n t\u00e9cnica\u00a0para el<\/p>\n","protected":false},"author":2,"featured_media":0,"comment_status":"open","ping_status":"open","sticky":false,"template":"","format":"standard","meta":{"footnotes":""},"categories":[2,16],"tags":[],"class_list":["post-18218","post","type-post","status-publish","format-standard","hentry","category-economicas","category-internacionales"],"_links":{"self":[{"href":"https:\/\/defrentealaverdad.com\/index.php\/wp-json\/wp\/v2\/posts\/18218","targetHints":{"allow":["GET"]}}],"collection":[{"href":"https:\/\/defrentealaverdad.com\/index.php\/wp-json\/wp\/v2\/posts"}],"about":[{"href":"https:\/\/defrentealaverdad.com\/index.php\/wp-json\/wp\/v2\/types\/post"}],"author":[{"embeddable":true,"href":"https:\/\/defrentealaverdad.com\/index.php\/wp-json\/wp\/v2\/users\/2"}],"replies":[{"embeddable":true,"href":"https:\/\/defrentealaverdad.com\/index.php\/wp-json\/wp\/v2\/comments?post=18218"}],"version-history":[{"count":1,"href":"https:\/\/defrentealaverdad.com\/index.php\/wp-json\/wp\/v2\/posts\/18218\/revisions"}],"predecessor-version":[{"id":18219,"href":"https:\/\/defrentealaverdad.com\/index.php\/wp-json\/wp\/v2\/posts\/18218\/revisions\/18219"}],"wp:attachment":[{"href":"https:\/\/defrentealaverdad.com\/index.php\/wp-json\/wp\/v2\/media?parent=18218"}],"wp:term":[{"taxonomy":"category","embeddable":true,"href":"https:\/\/defrentealaverdad.com\/index.php\/wp-json\/wp\/v2\/categories?post=18218"},{"taxonomy":"post_tag","embeddable":true,"href":"https:\/\/defrentealaverdad.com\/index.php\/wp-json\/wp\/v2\/tags?post=18218"}],"curies":[{"name":"wp","href":"https:\/\/api.w.org\/{rel}","templated":true}]}}