{"id":18214,"date":"2024-06-11T23:53:52","date_gmt":"2024-06-11T23:53:52","guid":{"rendered":"https:\/\/defrentealaverdad.com\/?p=18214"},"modified":"2024-06-11T23:53:52","modified_gmt":"2024-06-11T23:53:52","slug":"la-colonial-obtiene-premio-best-performer-en-zurich-network-partner-conference","status":"publish","type":"post","link":"https:\/\/defrentealaverdad.com\/index.php\/2024\/06\/11\/la-colonial-obtiene-premio-best-performer-en-zurich-network-partner-conference\/","title":{"rendered":"La Colonial obtiene premio \u2018Best Performer\u2019 en Zurich Network Partner Conference"},"content":{"rendered":"<p style=\"text-align: justify;\"><img decoding=\"async\" class=\"size-medium wp-image-18215 alignleft lazyload\" data-src=\"https:\/\/defrentealaverdad.com\/wp-content\/uploads\/2024\/06\/IMG-20240611-WA0182-300x200.jpg\" alt=\"\" width=\"300\" height=\"200\" data-srcset=\"https:\/\/defrentealaverdad.com\/wp-content\/uploads\/2024\/06\/IMG-20240611-WA0182-300x200.jpg 300w, https:\/\/defrentealaverdad.com\/wp-content\/uploads\/2024\/06\/IMG-20240611-WA0182-1024x683.jpg 1024w, https:\/\/defrentealaverdad.com\/wp-content\/uploads\/2024\/06\/IMG-20240611-WA0182-768x512.jpg 768w, https:\/\/defrentealaverdad.com\/wp-content\/uploads\/2024\/06\/IMG-20240611-WA0182.jpg 1080w\" data-sizes=\"(max-width: 300px) 100vw, 300px\" src=\"data:image\/svg+xml;base64,PHN2ZyB3aWR0aD0iMSIgaGVpZ2h0PSIxIiB4bWxucz0iaHR0cDovL3d3dy53My5vcmcvMjAwMC9zdmciPjwvc3ZnPg==\" style=\"--smush-placeholder-width: 300px; --smush-placeholder-aspect-ratio: 300\/200;\" \/><\/p>\n<p style=\"text-align: justify;\">Fue galardonada como la aseguradora con mejor desempe\u00f1o en su red global de representantes, con lo que no s\u00f3lo enorgullece a la compa\u00f1\u00eda, sino que posiciona en buen puesto a Rep\u00fablica Dominicana en tema de seguros.<\/p>\n<p style=\"text-align: justify;\">\u00a0La Colonial, compa\u00f1\u00eda de seguros acaba de alzarse con el premio \u2018Best Performer\u2019 como aseguradora con mejor desempe\u00f1o en su red global de representantes. La distinci\u00f3n le fue entregada a Robert Fern\u00e1ndez, vicepresidente t\u00e9cnico, quien asisti\u00f3 en representaci\u00f3n de la entidad, a la \u2018Zurich Network Partner Conference 2024\u2019, realizada en la ciudad de Zurich, Suiza.<\/p>\n<p style=\"text-align: justify;\">Este galard\u00f3n, no s\u00f3lo llena de orgullo a la familia La Colonial, sino que deja muy bien parada a Rep\u00fablica Dominicana en el tema de seguros. \u201cSin duda alguna, esta distinci\u00f3n internacional nos estimula a seguir trabajando con la calidad que nos caracteriza, y nos compromete a mantenernos a la vanguardia de las novedades que los nuevos tiempos ponen en nuestras manos para brindar un mejor servicio\u201d, sostuvo Luis Manuel Aguil\u00f3, vicepresidente ejecutivo de la empresa.<\/p>\n<p style=\"text-align: justify;\">Resalta que es un honor para ellos haber sido escogidos como la aseguradora con mejor desempe\u00f1o en su red global de representantes en una actividad que, precisamente desarrolla Zurich, la aseguradora l\u00edder en programas internacionales y una de las m\u00e1s grandes del mundo.<\/p>\n<p style=\"text-align: justify;\">Fue dentro de la referida conferencia que \u2018Zurich Insurance\u2019, a quienes La Colonial de Seguros representa de manera exclusiva en Rep\u00fablica Dominicana, que la firma internacional aprovech\u00f3 para entregar algunos reconocimientos a sus socios y representantes.<\/p>\n<blockquote>\n<p style=\"text-align: justify;\">\u201cEs bueno resaltar que nosotros hemos mantenido exclusividad en la relaci\u00f3n con Zurich por m\u00e1s de dos d\u00e9cadas, lo cual ha aportado positivamente a nuestra fortaleza e implementaci\u00f3n continua de mejores pr\u00e1cticas\u201d, dijo Aguil\u00f3, a la vez que mostr\u00f3 su satisfacci\u00f3n con el premio al \u2018Best Performer\u2019, por considerar que es el resultado del trabajo en equipo que se hace en la compa\u00f1\u00eda, hoy reconocida como la oficina con mejor desempe\u00f1o en su red global de representantes.<\/p>\n<\/blockquote>\n<p style=\"text-align: justify;\"><strong>La conferencia<\/strong><\/p>\n<p style=\"text-align: justify;\">\u2018Zurich Network Partner Conference 2024\u2019, realizada en la ciudad de Zurich, Suiza, del 27 al 30 de mayo, reuni\u00f3 a sus socios, representantes, clientes y l\u00edderes globales para compartir conocimientos y mejores pr\u00e1cticas, as\u00ed como para discutir los retos y oportunidades claves que m\u00e1s est\u00e1n impactando a los clientes y a a la industria.<\/p>\n<p style=\"text-align: justify;\">\u00a0La agenda incluy\u00f3 temas como pron\u00f3sticos econ\u00f3micos, tendencias en protecci\u00f3n y resiliencia, globalizaci\u00f3n, digitalizaci\u00f3n e inteligencia artificial.<\/p>\n<p style=\"text-align: justify;\">Fuente: La Colonial<\/p>\n","protected":false},"excerpt":{"rendered":"<p>Fue galardonada como la aseguradora con mejor desempe\u00f1o en su red global de representantes, con<\/p>\n","protected":false},"author":2,"featured_media":0,"comment_status":"open","ping_status":"open","sticky":false,"template":"","format":"standard","meta":{"footnotes":""},"categories":[7],"tags":[],"class_list":["post-18214","post","type-post","status-publish","format-standard","hentry","category-nacionales"],"_links":{"self":[{"href":"https:\/\/defrentealaverdad.com\/index.php\/wp-json\/wp\/v2\/posts\/18214","targetHints":{"allow":["GET"]}}],"collection":[{"href":"https:\/\/defrentealaverdad.com\/index.php\/wp-json\/wp\/v2\/posts"}],"about":[{"href":"https:\/\/defrentealaverdad.com\/index.php\/wp-json\/wp\/v2\/types\/post"}],"author":[{"embeddable":true,"href":"https:\/\/defrentealaverdad.com\/index.php\/wp-json\/wp\/v2\/users\/2"}],"replies":[{"embeddable":true,"href":"https:\/\/defrentealaverdad.com\/index.php\/wp-json\/wp\/v2\/comments?post=18214"}],"version-history":[{"count":1,"href":"https:\/\/defrentealaverdad.com\/index.php\/wp-json\/wp\/v2\/posts\/18214\/revisions"}],"predecessor-version":[{"id":18216,"href":"https:\/\/defrentealaverdad.com\/index.php\/wp-json\/wp\/v2\/posts\/18214\/revisions\/18216"}],"wp:attachment":[{"href":"https:\/\/defrentealaverdad.com\/index.php\/wp-json\/wp\/v2\/media?parent=18214"}],"wp:term":[{"taxonomy":"category","embeddable":true,"href":"https:\/\/defrentealaverdad.com\/index.php\/wp-json\/wp\/v2\/categories?post=18214"},{"taxonomy":"post_tag","embeddable":true,"href":"https:\/\/defrentealaverdad.com\/index.php\/wp-json\/wp\/v2\/tags?post=18214"}],"curies":[{"name":"wp","href":"https:\/\/api.w.org\/{rel}","templated":true}]}}