{"id":18211,"date":"2024-06-11T23:51:43","date_gmt":"2024-06-11T23:51:43","guid":{"rendered":"https:\/\/defrentealaverdad.com\/?p=18211"},"modified":"2024-06-11T23:51:43","modified_gmt":"2024-06-11T23:51:43","slug":"aumentan-precio-del-pasaje-en-ruta-del-almirante-hasta-la-duarte","status":"publish","type":"post","link":"https:\/\/defrentealaverdad.com\/index.php\/2024\/06\/11\/aumentan-precio-del-pasaje-en-ruta-del-almirante-hasta-la-duarte\/","title":{"rendered":"Aumentan precio del pasaje en ruta del Almirante hasta la Duarte"},"content":{"rendered":"<blockquote>\n<p style=\"text-align: justify;\">Los pasajeros se quejan de que en ning\u00fan momento se hizo aviso previo al aumento.<\/p>\n<\/blockquote>\n<p style=\"text-align: justify;\">Santo Domingo Este.- El aumento del pasaje de la Ruta 101 de la filial FENATRAN que cubre el trayecto de El Almirante hasta la avenida Duarte.<\/p>\n<p><img decoding=\"async\" class=\"size-medium wp-image-18212 alignleft lazyload\" data-src=\"https:\/\/defrentealaverdad.com\/wp-content\/uploads\/2024\/06\/IMG-20240611-WA0232-300x164.jpg\" alt=\"\" width=\"300\" height=\"164\" data-srcset=\"https:\/\/defrentealaverdad.com\/wp-content\/uploads\/2024\/06\/IMG-20240611-WA0232-300x164.jpg 300w, https:\/\/defrentealaverdad.com\/wp-content\/uploads\/2024\/06\/IMG-20240611-WA0232-768x419.jpg 768w, https:\/\/defrentealaverdad.com\/wp-content\/uploads\/2024\/06\/IMG-20240611-WA0232.jpg 974w\" data-sizes=\"(max-width: 300px) 100vw, 300px\" src=\"data:image\/svg+xml;base64,PHN2ZyB3aWR0aD0iMSIgaGVpZ2h0PSIxIiB4bWxucz0iaHR0cDovL3d3dy53My5vcmcvMjAwMC9zdmciPjwvc3ZnPg==\" style=\"--smush-placeholder-width: 300px; --smush-placeholder-aspect-ratio: 300\/164;\" \/><\/p>\n<p style=\"text-align: justify;\">Los pasajeros se han quejado porque de manera sorpresiva uno de los choferes de la ruta hizo el anuncio a medida de que los pasajeros abordaban el veh\u00edculo, para transportarlos hacia sus respectivos destinos.<\/p>\n<p style=\"text-align: justify;\">Todo el que pagaba 35 ahora pasa a pagar 40 y el que pagaba 40 ahora debe pagar 50 pesos.<\/p>\n<p style=\"text-align: justify;\">A medida de que se habla de la implementaci\u00f3n de una nueva reforma fiscal, para luego discutirla a trav\u00e9s de un debate como lo dijo el presidente de la Rep\u00fablica Dominicana Luis Abinader, ha sido una sorpresa para los que toman diariamente este transporte.<\/p>\n<p>Fuente: Brita Feliz<\/p>\n","protected":false},"excerpt":{"rendered":"<p>Los pasajeros se quejan de que en ning\u00fan momento se hizo aviso previo al aumento.<\/p>\n","protected":false},"author":2,"featured_media":0,"comment_status":"open","ping_status":"open","sticky":false,"template":"","format":"standard","meta":{"footnotes":""},"categories":[7],"tags":[],"class_list":["post-18211","post","type-post","status-publish","format-standard","hentry","category-nacionales"],"_links":{"self":[{"href":"https:\/\/defrentealaverdad.com\/index.php\/wp-json\/wp\/v2\/posts\/18211","targetHints":{"allow":["GET"]}}],"collection":[{"href":"https:\/\/defrentealaverdad.com\/index.php\/wp-json\/wp\/v2\/posts"}],"about":[{"href":"https:\/\/defrentealaverdad.com\/index.php\/wp-json\/wp\/v2\/types\/post"}],"author":[{"embeddable":true,"href":"https:\/\/defrentealaverdad.com\/index.php\/wp-json\/wp\/v2\/users\/2"}],"replies":[{"embeddable":true,"href":"https:\/\/defrentealaverdad.com\/index.php\/wp-json\/wp\/v2\/comments?post=18211"}],"version-history":[{"count":1,"href":"https:\/\/defrentealaverdad.com\/index.php\/wp-json\/wp\/v2\/posts\/18211\/revisions"}],"predecessor-version":[{"id":18213,"href":"https:\/\/defrentealaverdad.com\/index.php\/wp-json\/wp\/v2\/posts\/18211\/revisions\/18213"}],"wp:attachment":[{"href":"https:\/\/defrentealaverdad.com\/index.php\/wp-json\/wp\/v2\/media?parent=18211"}],"wp:term":[{"taxonomy":"category","embeddable":true,"href":"https:\/\/defrentealaverdad.com\/index.php\/wp-json\/wp\/v2\/categories?post=18211"},{"taxonomy":"post_tag","embeddable":true,"href":"https:\/\/defrentealaverdad.com\/index.php\/wp-json\/wp\/v2\/tags?post=18211"}],"curies":[{"name":"wp","href":"https:\/\/api.w.org\/{rel}","templated":true}]}}