{"id":1812,"date":"2022-09-25T12:04:34","date_gmt":"2022-09-25T12:04:34","guid":{"rendered":"https:\/\/defrentealaverdad.com\/?p=1812"},"modified":"2022-09-27T16:47:58","modified_gmt":"2022-09-27T16:47:58","slug":"1812","status":"publish","type":"post","link":"https:\/\/defrentealaverdad.com\/index.php\/2022\/09\/25\/1812\/","title":{"rendered":"Soldados de la FARD trabajan en la Zona Este luego de Fiona"},"content":{"rendered":"<p><img decoding=\"async\" class=\"alignnone size-medium wp-image-1813 lazyload\" data-src=\"https:\/\/defrentealaverdad.com\/wp-content\/uploads\/2022\/09\/Foto-de-Esmil-De-la-Cruz-300x168.jpg\" alt=\"\" width=\"300\" height=\"168\" data-srcset=\"https:\/\/defrentealaverdad.com\/wp-content\/uploads\/2022\/09\/Foto-de-Esmil-De-la-Cruz-300x168.jpg 300w, https:\/\/defrentealaverdad.com\/wp-content\/uploads\/2022\/09\/Foto-de-Esmil-De-la-Cruz-1024x572.jpg 1024w, https:\/\/defrentealaverdad.com\/wp-content\/uploads\/2022\/09\/Foto-de-Esmil-De-la-Cruz-768x429.jpg 768w, https:\/\/defrentealaverdad.com\/wp-content\/uploads\/2022\/09\/Foto-de-Esmil-De-la-Cruz-800x450.jpg 800w, https:\/\/defrentealaverdad.com\/wp-content\/uploads\/2022\/09\/Foto-de-Esmil-De-la-Cruz.jpg 1080w\" data-sizes=\"(max-width: 300px) 100vw, 300px\" src=\"data:image\/svg+xml;base64,PHN2ZyB3aWR0aD0iMSIgaGVpZ2h0PSIxIiB4bWxucz0iaHR0cDovL3d3dy53My5vcmcvMjAwMC9zdmciPjwvc3ZnPg==\" style=\"--smush-placeholder-width: 300px; --smush-placeholder-aspect-ratio: 300\/168;\" \/><\/p>\n<p>Por Felix Rubio :<\/p>\n<p>Santo Domingo (Rep\u00fablica Dominicana).- Soldados de la Fuerza A\u00e9rea de Rep\u00fablica Dominicana (FARD) se sumaron a las acciones de las diferentes entidades gubernamentales en los municipios Sabana de la Mar, Hato Mayor y Miches, en El Seibo para restaurarla tras el paso del hurac\u00e1n Fiona.<\/p>\n<p>Liderados por el comandante general, mayor general t\u00e9cnico de aviaci\u00f3n Carlos Febrillet Rodr\u00edguez, ingenieros, maestros constructores, alba\u00f1iles, plomeros y carpinteros trabajan en la reparaci\u00f3n de las viviendas afectadas por el fen\u00f3meno atmosf\u00e9rico.<\/p>\n<p>Febrillet Rodr\u00edguez recorri\u00f3 las localidades llevando las instrucciones del presidente Lu\u00eds Abinader Corona, a trav\u00e9s del ministro de Defensa, teniente general Carlos L. D\u00edaz Morfa, a los soldados para que la misi\u00f3n asignada sea cumplida en tiempo r\u00e9cord.<\/p>\n<p>\u201cHoy muchas viviendas quedaron en avanzado estado de reconstrucci\u00f3n y remodelaci\u00f3n ya que contamos con personal profesional y t\u00e9cnico que trabajan para lograr el objetivo\u201d, precis\u00f3 el comandante general FARD.<\/p>\n<p>El Jerarca militar dijo que, adem\u00e1s, se despleg\u00f3 el personal en todas las \u00e1reas afectadas con misiones espec\u00edficas para mejorar las condiciones de vida de los afectados por el fen\u00f3meno atmosf\u00e9rico.<\/p>\n","protected":false},"excerpt":{"rendered":"<p>Por Felix Rubio : Santo Domingo (Rep\u00fablica Dominicana).- Soldados de la Fuerza A\u00e9rea de Rep\u00fablica<\/p>\n","protected":false},"author":4,"featured_media":0,"comment_status":"open","ping_status":"open","sticky":false,"template":"","format":"standard","meta":{"footnotes":""},"categories":[7],"tags":[],"class_list":["post-1812","post","type-post","status-publish","format-standard","hentry","category-nacionales"],"_links":{"self":[{"href":"https:\/\/defrentealaverdad.com\/index.php\/wp-json\/wp\/v2\/posts\/1812","targetHints":{"allow":["GET"]}}],"collection":[{"href":"https:\/\/defrentealaverdad.com\/index.php\/wp-json\/wp\/v2\/posts"}],"about":[{"href":"https:\/\/defrentealaverdad.com\/index.php\/wp-json\/wp\/v2\/types\/post"}],"author":[{"embeddable":true,"href":"https:\/\/defrentealaverdad.com\/index.php\/wp-json\/wp\/v2\/users\/4"}],"replies":[{"embeddable":true,"href":"https:\/\/defrentealaverdad.com\/index.php\/wp-json\/wp\/v2\/comments?post=1812"}],"version-history":[{"count":3,"href":"https:\/\/defrentealaverdad.com\/index.php\/wp-json\/wp\/v2\/posts\/1812\/revisions"}],"predecessor-version":[{"id":1834,"href":"https:\/\/defrentealaverdad.com\/index.php\/wp-json\/wp\/v2\/posts\/1812\/revisions\/1834"}],"wp:attachment":[{"href":"https:\/\/defrentealaverdad.com\/index.php\/wp-json\/wp\/v2\/media?parent=1812"}],"wp:term":[{"taxonomy":"category","embeddable":true,"href":"https:\/\/defrentealaverdad.com\/index.php\/wp-json\/wp\/v2\/categories?post=1812"},{"taxonomy":"post_tag","embeddable":true,"href":"https:\/\/defrentealaverdad.com\/index.php\/wp-json\/wp\/v2\/tags?post=1812"}],"curies":[{"name":"wp","href":"https:\/\/api.w.org\/{rel}","templated":true}]}}