{"id":18112,"date":"2024-06-10T16:26:22","date_gmt":"2024-06-10T16:26:22","guid":{"rendered":"https:\/\/defrentealaverdad.com\/?p=18112"},"modified":"2024-06-10T16:26:22","modified_gmt":"2024-06-10T16:26:22","slug":"la-sociedad-dominicana-de-medios-digitales-sodomedi-se-expande-a-estados-unidos-con-la-creacion-de-una-nueva-seccional-en-nueva-york","status":"publish","type":"post","link":"https:\/\/defrentealaverdad.com\/index.php\/2024\/06\/10\/la-sociedad-dominicana-de-medios-digitales-sodomedi-se-expande-a-estados-unidos-con-la-creacion-de-una-nueva-seccional-en-nueva-york\/","title":{"rendered":"La Sociedad Dominicana de Medios Digitales SODOMEDI se expande a Estados Unidos con la creaci\u00f3n de una nueva seccional en Nueva York"},"content":{"rendered":"<p style=\"text-align: justify;\"><img decoding=\"async\" class=\"size-medium wp-image-18113 alignleft lazyload\" data-src=\"https:\/\/defrentealaverdad.com\/wp-content\/uploads\/2024\/06\/IMG-20240609-WA01561-300x169.jpg\" alt=\"\" width=\"300\" height=\"169\" data-srcset=\"https:\/\/defrentealaverdad.com\/wp-content\/uploads\/2024\/06\/IMG-20240609-WA01561-300x169.jpg 300w, https:\/\/defrentealaverdad.com\/wp-content\/uploads\/2024\/06\/IMG-20240609-WA01561-1024x576.jpg 1024w, https:\/\/defrentealaverdad.com\/wp-content\/uploads\/2024\/06\/IMG-20240609-WA01561-768x432.jpg 768w, https:\/\/defrentealaverdad.com\/wp-content\/uploads\/2024\/06\/IMG-20240609-WA01561-1536x864.jpg 1536w, https:\/\/defrentealaverdad.com\/wp-content\/uploads\/2024\/06\/IMG-20240609-WA01561-2048x1152.jpg 2048w, https:\/\/defrentealaverdad.com\/wp-content\/uploads\/2024\/06\/IMG-20240609-WA01561-800x450.jpg 800w\" data-sizes=\"(max-width: 300px) 100vw, 300px\" src=\"data:image\/svg+xml;base64,PHN2ZyB3aWR0aD0iMSIgaGVpZ2h0PSIxIiB4bWxucz0iaHR0cDovL3d3dy53My5vcmcvMjAwMC9zdmciPjwvc3ZnPg==\" style=\"--smush-placeholder-width: 300px; --smush-placeholder-aspect-ratio: 300\/169;\" \/><\/p>\n<p style=\"text-align: justify;\">Bronx, New York.- La Sociedad Dominicana de Medios Digitales SODOMEDI ha dado un paso importante en su expansi\u00f3n internacional al inaugurar una nueva seccional en Estados Unidos, espec\u00edficamente en la ciudad de Nueva York. Este domingo, se llev\u00f3 a cabo la juramentaci\u00f3n de la directiva que estar\u00e1 a cargo de esta filial, siendo Amado Khoury el presidente electo para liderar esta nueva etapa en la organizaci\u00f3n.<\/p>\n<p style=\"text-align: justify;\">Ante miembros de la direcci\u00f3n nacional de SODOMEDI, la plancha \u201cLA NUEVA ERA DIGITAL\u201d qued\u00f3 presidida por el comunicador y empresario Manuel Amado Khoury, secretario general; Karina Rivera, Secretaria de Finanzas; Tony Olivares, secretario de Organizaci\u00f3n y Capacitaci\u00f2n; Jos\u00e8 Ortiz, secretario Recreaci\u00f2n y Cultura; Jos\u00e8 Ventura, Secretario de Asuntos Regionales; Tambi\u00e9n forman parte de la filial Yary Nin, Juan Corniel, Jorge Nieto, Richard Montilla y Leopoldo D\u00ecaz como vocales quienes mostraron su disposici\u00f3n de trabajar con ah\u00ednco por el gremio.<\/p>\n<p style=\"text-align: justify;\"><img decoding=\"async\" class=\"size-medium wp-image-18114 alignright lazyload\" data-src=\"https:\/\/defrentealaverdad.com\/wp-content\/uploads\/2024\/06\/IMG-20240609-WA01541-300x169.jpg\" alt=\"\" width=\"300\" height=\"169\" data-srcset=\"https:\/\/defrentealaverdad.com\/wp-content\/uploads\/2024\/06\/IMG-20240609-WA01541-300x169.jpg 300w, https:\/\/defrentealaverdad.com\/wp-content\/uploads\/2024\/06\/IMG-20240609-WA01541-1024x576.jpg 1024w, https:\/\/defrentealaverdad.com\/wp-content\/uploads\/2024\/06\/IMG-20240609-WA01541-768x432.jpg 768w, https:\/\/defrentealaverdad.com\/wp-content\/uploads\/2024\/06\/IMG-20240609-WA01541-1536x864.jpg 1536w, https:\/\/defrentealaverdad.com\/wp-content\/uploads\/2024\/06\/IMG-20240609-WA01541-2048x1152.jpg 2048w, https:\/\/defrentealaverdad.com\/wp-content\/uploads\/2024\/06\/IMG-20240609-WA01541-800x450.jpg 800w\" data-sizes=\"(max-width: 300px) 100vw, 300px\" src=\"data:image\/svg+xml;base64,PHN2ZyB3aWR0aD0iMSIgaGVpZ2h0PSIxIiB4bWxucz0iaHR0cDovL3d3dy53My5vcmcvMjAwMC9zdmciPjwvc3ZnPg==\" style=\"--smush-placeholder-width: 300px; --smush-placeholder-aspect-ratio: 300\/169;\" \/><\/p>\n<p style=\"text-align: justify;\">Amado Khoury es un reconocido comunicador y experto en medios digitales, con varios diplomados en marketing digital. Con su experiencia y liderazgo, Khoury se ha destacado por su compromiso con la verdad y la transparencia en la informaci\u00f3n, valores fundamentales que guiar\u00e1n su gesti\u00f3n junto a su equipo al frente de la Sociedad Dominicana de Medios Digitales en Nueva York, del cual ha sido miembro de SODOMEDI por m\u00e1s de 2 a\u00f1os.<\/p>\n<p style=\"text-align: justify;\">La actividad desarrollada v\u00eda Zoom y estuvo encabezada por el presidente de SODOMEDI Ram\u00f2n Ch\u00e1vez, Rita P\u00e9rez, Vicepresidente; Elizabet Guti\u00e9rrez, Secretaria General, tambi\u00e9n hablaron Omar Rivera, Director Internacional, entre otros.<\/p>\n<p style=\"text-align: justify;\">La creaci\u00f3n de esta seccional en Nueva York representa un importante avance para SODOMEDI, ya que permitir\u00e1 fortalecer la presencia de la organizaci\u00f3n en el mercado estadounidense y ampliar su alcance en la comunidad dominicana en el exterior. Entre los principales objetivos de esta nueva filial se encuentran promover la \u00e9tica y la calidad en el periodismo digital, as\u00ed como fomentar la colaboraci\u00f3n entre los profesionales de los medios de comunicaci\u00f3n en Estados Unidos.<\/p>\n<blockquote>\n<p style=\"text-align: justify;\">\u00danete a SODOMEDI y s\u00e9 parte del cambio, puedes llenar el formulario a trav\u00e9s de nuestra web sodomedinyc.com\/site\/<\/p>\n<\/blockquote>\n<p style=\"text-align: justify;\">Si eres un profesional de los medios digitales o simplemente te interesa apoyar la labor de la Sociedad Dominicana de Medios Digitales, te invitamos a unirte a nuestra organizaci\u00f3n y ser parte del cambio en el periodismo digital. Juntos, podemos trabajar para promover la verdad, la transparencia y la excelencia en los medios de comunicacion, SODOMEDI SOMOS TODOS!<\/p>\n<p style=\"text-align: justify;\">Fuente: Prensa SODOMEDI<\/p>\n","protected":false},"excerpt":{"rendered":"<p>Bronx, New York.- La Sociedad Dominicana de Medios Digitales SODOMEDI ha dado un paso importante<\/p>\n","protected":false},"author":4,"featured_media":0,"comment_status":"open","ping_status":"open","sticky":false,"template":"","format":"standard","meta":{"footnotes":""},"categories":[7],"tags":[],"class_list":["post-18112","post","type-post","status-publish","format-standard","hentry","category-nacionales"],"_links":{"self":[{"href":"https:\/\/defrentealaverdad.com\/index.php\/wp-json\/wp\/v2\/posts\/18112","targetHints":{"allow":["GET"]}}],"collection":[{"href":"https:\/\/defrentealaverdad.com\/index.php\/wp-json\/wp\/v2\/posts"}],"about":[{"href":"https:\/\/defrentealaverdad.com\/index.php\/wp-json\/wp\/v2\/types\/post"}],"author":[{"embeddable":true,"href":"https:\/\/defrentealaverdad.com\/index.php\/wp-json\/wp\/v2\/users\/4"}],"replies":[{"embeddable":true,"href":"https:\/\/defrentealaverdad.com\/index.php\/wp-json\/wp\/v2\/comments?post=18112"}],"version-history":[{"count":1,"href":"https:\/\/defrentealaverdad.com\/index.php\/wp-json\/wp\/v2\/posts\/18112\/revisions"}],"predecessor-version":[{"id":18115,"href":"https:\/\/defrentealaverdad.com\/index.php\/wp-json\/wp\/v2\/posts\/18112\/revisions\/18115"}],"wp:attachment":[{"href":"https:\/\/defrentealaverdad.com\/index.php\/wp-json\/wp\/v2\/media?parent=18112"}],"wp:term":[{"taxonomy":"category","embeddable":true,"href":"https:\/\/defrentealaverdad.com\/index.php\/wp-json\/wp\/v2\/categories?post=18112"},{"taxonomy":"post_tag","embeddable":true,"href":"https:\/\/defrentealaverdad.com\/index.php\/wp-json\/wp\/v2\/tags?post=18112"}],"curies":[{"name":"wp","href":"https:\/\/api.w.org\/{rel}","templated":true}]}}