{"id":18005,"date":"2024-06-08T16:54:18","date_gmt":"2024-06-08T16:54:18","guid":{"rendered":"https:\/\/defrentealaverdad.com\/?p=18005"},"modified":"2024-06-08T16:54:18","modified_gmt":"2024-06-08T16:54:18","slug":"mide-presenta-la-edicion-especial-no-382-de-la-revista-de-las-ff-aa","status":"publish","type":"post","link":"https:\/\/defrentealaverdad.com\/index.php\/2024\/06\/08\/mide-presenta-la-edicion-especial-no-382-de-la-revista-de-las-ff-aa\/","title":{"rendered":"MIDE presenta la edici\u00f3n especial No. 382 de la Revista de las FF.AA."},"content":{"rendered":"<p style=\"text-align: justify;\">Por F\u00e9lix Rubio<\/p>\n<p style=\"text-align: justify;\"><img decoding=\"async\" class=\"size-medium wp-image-18006 alignright lazyload\" data-src=\"https:\/\/defrentealaverdad.com\/wp-content\/uploads\/2024\/06\/Screenshot_2024-06-08_131446-300x198.png\" alt=\"\" width=\"300\" height=\"198\" data-srcset=\"https:\/\/defrentealaverdad.com\/wp-content\/uploads\/2024\/06\/Screenshot_2024-06-08_131446-300x198.png 300w, https:\/\/defrentealaverdad.com\/wp-content\/uploads\/2024\/06\/Screenshot_2024-06-08_131446-768x508.png 768w, https:\/\/defrentealaverdad.com\/wp-content\/uploads\/2024\/06\/Screenshot_2024-06-08_131446.png 951w\" data-sizes=\"(max-width: 300px) 100vw, 300px\" src=\"data:image\/svg+xml;base64,PHN2ZyB3aWR0aD0iMSIgaGVpZ2h0PSIxIiB4bWxucz0iaHR0cDovL3d3dy53My5vcmcvMjAwMC9zdmciPjwvc3ZnPg==\" style=\"--smush-placeholder-width: 300px; --smush-placeholder-aspect-ratio: 300\/198;\" \/><\/p>\n<p style=\"text-align: justify;\">SANTO DOMINGO.-El Ministerio de Defensa (MIDE) present\u00f3 la edici\u00f3n No. 382 de la Revista de las Fuerzas Armadas, una publicaci\u00f3n que compila contenidos noticiosos sobre el quehacer de las instituciones militares y de los hombres y mujeres de uniforme, mediante reportajes y art\u00edculos informativos con historias inspiradoras elaboradas por la pluma de colaboradores civiles y militares.<\/p>\n<p style=\"text-align: justify;\">En esta edici\u00f3n especial, se destaca la exitosa participaci\u00f3n de soldados criollos en la Competencia Multinacional de Operaciones Especiales \u00abFuerzas Comando 2023\u00bb; entrevistas especiales a las autoridades del Comando Sur de los Estados Unidos de Am\u00e9rica y la celebraci\u00f3n de la XLIX Reuni\u00f3n Ordinaria del Consejo Superior de la Conferencia de Fuerzas Armadas Centroamericanas (CFAC), celebrada en Guatemala.<\/p>\n<p style=\"text-align: justify;\">Tambi\u00e9n se podr\u00e1n apreciar trabajos especiales sobre las operaciones militares de apoyo a las autoridades civiles, en materia de seguridad ciudadana durante la gesti\u00f3n del ministro de Defensa teniente general Carlos Luciano D\u00edaz Morfa, ERD., quien ha mostrado preocupaci\u00f3n por enaltecer los valores patrios junto a la Asociaci\u00f3n Dominicana de Esposas de Oficiales de las Fuerzas Armadas (ADEOFA), con mini conciertos en el Mes de la Patria.<\/p>\n<p style=\"text-align: justify;\"><img decoding=\"async\" class=\"size-medium wp-image-18007 alignright lazyload\" data-src=\"https:\/\/defrentealaverdad.com\/wp-content\/uploads\/2024\/06\/Screenshot_2024-06-08_131426-300x202.png\" alt=\"\" width=\"300\" height=\"202\" data-srcset=\"https:\/\/defrentealaverdad.com\/wp-content\/uploads\/2024\/06\/Screenshot_2024-06-08_131426-300x202.png 300w, https:\/\/defrentealaverdad.com\/wp-content\/uploads\/2024\/06\/Screenshot_2024-06-08_131426-768x516.png 768w, https:\/\/defrentealaverdad.com\/wp-content\/uploads\/2024\/06\/Screenshot_2024-06-08_131426.png 951w\" data-sizes=\"(max-width: 300px) 100vw, 300px\" src=\"data:image\/svg+xml;base64,PHN2ZyB3aWR0aD0iMSIgaGVpZ2h0PSIxIiB4bWxucz0iaHR0cDovL3d3dy53My5vcmcvMjAwMC9zdmciPjwvc3ZnPg==\" style=\"--smush-placeholder-width: 300px; --smush-placeholder-aspect-ratio: 300\/202;\" \/><\/p>\n<p style=\"text-align: justify;\">De igual manera, se resaltan an\u00e1lisis sobre seguridad y desarrollo, en documentos de valor hist\u00f3rico y biogr\u00e1ficos del general Ces\u00e1reo Guillermo y Bastardo, a trav\u00e9s de las Cartas del general Ulises Heureaux, militar y pol\u00edtico dominicano, tres veces presidente de la Rep\u00fablica.<\/p>\n<p style=\"text-align: justify;\">Temas de actualidad como la ciberdefensa, an\u00e1lisis de las se\u00f1ales digitales en la guerra electr\u00f3nica, la incursi\u00f3n con las recientes aplicaciones de la Inteligencia Artificial, son algunos de los contenidos de inter\u00e9s, en esta revista disponible tambi\u00e9n en formato digital a trav\u00e9s de la web del MIDE www.mide.gob.do.<\/p>\n<p style=\"text-align: justify;\">El editor encargado de la revista, asimilado militar Carlos Jos\u00e9 Bueno Mart\u00ednez, ERD, explic\u00f3 que la misma refleja el avance acelerado e ininterrumpido de las naciones, cuyas Fuerzas Armadas no permanecen ajenas a este crecimiento, \u201cy donde el papel del soldado valiente es cada vez m\u00e1s crucial como parte vital del desarrollo social, pol\u00edtico y econ\u00f3mico de cada pa\u00eds\u201d.<\/p>\n<p style=\"text-align: justify;\"><img decoding=\"async\" class=\"size-medium wp-image-18008 alignright lazyload\" data-src=\"https:\/\/defrentealaverdad.com\/wp-content\/uploads\/2024\/06\/Screenshot_2024-06-08_131411-300x200.png\" alt=\"\" width=\"300\" height=\"200\" data-srcset=\"https:\/\/defrentealaverdad.com\/wp-content\/uploads\/2024\/06\/Screenshot_2024-06-08_131411-300x200.png 300w, https:\/\/defrentealaverdad.com\/wp-content\/uploads\/2024\/06\/Screenshot_2024-06-08_131411-768x511.png 768w, https:\/\/defrentealaverdad.com\/wp-content\/uploads\/2024\/06\/Screenshot_2024-06-08_131411.png 804w\" data-sizes=\"(max-width: 300px) 100vw, 300px\" src=\"data:image\/svg+xml;base64,PHN2ZyB3aWR0aD0iMSIgaGVpZ2h0PSIxIiB4bWxucz0iaHR0cDovL3d3dy53My5vcmcvMjAwMC9zdmciPjwvc3ZnPg==\" style=\"--smush-placeholder-width: 300px; --smush-placeholder-aspect-ratio: 300\/200;\" \/><\/p>\n<p style=\"text-align: justify;\">Se\u00f1ala que \u201cComo ente activo en cada proceso de crecimiento, el soldado aporta en cada espacio que ocupa su alta capacidad de ejecuci\u00f3n, su resiliencia, su dispuesta y f\u00e9rrea voluntad de crecimiento, aportes que han adquirido niveles considerables y de suma val\u00eda en todas y cada una de las naciones desarrolladas del mundo\u201d.<\/p>\n<p style=\"text-align: justify;\">Se refiere, adem\u00e1s, al rol de las FF.AA. mucho m\u00e1s robustas, m\u00e1s firmes, capacitadas, altamente motivadas y m\u00e1s equipadas que nunca en la historia de la Rep\u00fablica, soldados que demuestran, sin duda alguna, una listeza operacional impresionante. Unas Fuerzas Armadas que solo respiran el aire vital y puro que les proporciona el fundamento de poseer una alta moral.<\/p>\n<p style=\"text-align: justify;\">\n<p style=\"text-align: justify;\">Fuente: Informaciones a Nivel<\/p>\n","protected":false},"excerpt":{"rendered":"<p>Por F\u00e9lix Rubio SANTO DOMINGO.-El Ministerio de Defensa (MIDE) present\u00f3 la edici\u00f3n No. 382 de<\/p>\n","protected":false},"author":1,"featured_media":0,"comment_status":"open","ping_status":"open","sticky":false,"template":"","format":"standard","meta":{"footnotes":""},"categories":[7],"tags":[],"class_list":["post-18005","post","type-post","status-publish","format-standard","hentry","category-nacionales"],"_links":{"self":[{"href":"https:\/\/defrentealaverdad.com\/index.php\/wp-json\/wp\/v2\/posts\/18005","targetHints":{"allow":["GET"]}}],"collection":[{"href":"https:\/\/defrentealaverdad.com\/index.php\/wp-json\/wp\/v2\/posts"}],"about":[{"href":"https:\/\/defrentealaverdad.com\/index.php\/wp-json\/wp\/v2\/types\/post"}],"author":[{"embeddable":true,"href":"https:\/\/defrentealaverdad.com\/index.php\/wp-json\/wp\/v2\/users\/1"}],"replies":[{"embeddable":true,"href":"https:\/\/defrentealaverdad.com\/index.php\/wp-json\/wp\/v2\/comments?post=18005"}],"version-history":[{"count":1,"href":"https:\/\/defrentealaverdad.com\/index.php\/wp-json\/wp\/v2\/posts\/18005\/revisions"}],"predecessor-version":[{"id":18009,"href":"https:\/\/defrentealaverdad.com\/index.php\/wp-json\/wp\/v2\/posts\/18005\/revisions\/18009"}],"wp:attachment":[{"href":"https:\/\/defrentealaverdad.com\/index.php\/wp-json\/wp\/v2\/media?parent=18005"}],"wp:term":[{"taxonomy":"category","embeddable":true,"href":"https:\/\/defrentealaverdad.com\/index.php\/wp-json\/wp\/v2\/categories?post=18005"},{"taxonomy":"post_tag","embeddable":true,"href":"https:\/\/defrentealaverdad.com\/index.php\/wp-json\/wp\/v2\/tags?post=18005"}],"curies":[{"name":"wp","href":"https:\/\/api.w.org\/{rel}","templated":true}]}}