{"id":17972,"date":"2024-06-07T16:05:27","date_gmt":"2024-06-07T16:05:27","guid":{"rendered":"https:\/\/defrentealaverdad.com\/?p=17972"},"modified":"2024-06-08T16:05:41","modified_gmt":"2024-06-08T16:05:41","slug":"comandante-ejercito-realiza-recorrido-fronterizo-y-reinaugura-destacamento-tierra-nueva","status":"publish","type":"post","link":"https:\/\/defrentealaverdad.com\/index.php\/2024\/06\/07\/comandante-ejercito-realiza-recorrido-fronterizo-y-reinaugura-destacamento-tierra-nueva\/","title":{"rendered":"Comandante Ej\u00e9rcito realiza recorrido fronterizo y reinaugura destacamento \u201cTierra Nueva\u201d"},"content":{"rendered":"<p style=\"text-align: justify;\">Por Felix Rubio<\/p>\n<p style=\"text-align: justify;\">\u00a0<img decoding=\"async\" class=\"size-medium wp-image-17974 alignleft lazyload\" data-src=\"https:\/\/defrentealaverdad.com\/wp-content\/uploads\/2024\/06\/Screenshot_2024-06-08_122550-300x216.png\" alt=\"\" width=\"300\" height=\"216\" data-srcset=\"https:\/\/defrentealaverdad.com\/wp-content\/uploads\/2024\/06\/Screenshot_2024-06-08_122550-300x216.png 300w, https:\/\/defrentealaverdad.com\/wp-content\/uploads\/2024\/06\/Screenshot_2024-06-08_122550-768x553.png 768w, https:\/\/defrentealaverdad.com\/wp-content\/uploads\/2024\/06\/Screenshot_2024-06-08_122550.png 864w\" data-sizes=\"(max-width: 300px) 100vw, 300px\" src=\"data:image\/svg+xml;base64,PHN2ZyB3aWR0aD0iMSIgaGVpZ2h0PSIxIiB4bWxucz0iaHR0cDovL3d3dy53My5vcmcvMjAwMC9zdmciPjwvc3ZnPg==\" style=\"--smush-placeholder-width: 300px; --smush-placeholder-aspect-ratio: 300\/216;\" \/>El Comandante General del Ej\u00e9rcito, Mayor General Carlos Antonio Fern\u00e1ndez Onofre, realiz\u00f3 un recorrido de inspecci\u00f3n por el \u00e1rea de responsabilidad de la 5ta. Brigada de Infanter\u00eda, ERD., con el objetivo de verificar las instalaciones y la listeza operacional de los soldados que prestan servicio en estos lugares.<\/p>\n<p style=\"text-align: justify;\"><img decoding=\"async\" class=\"size-medium wp-image-17975 alignright lazyload\" data-src=\"https:\/\/defrentealaverdad.com\/wp-content\/uploads\/2024\/06\/Screenshot_2024-06-08_122537-300x224.png\" alt=\"\" width=\"300\" height=\"224\" data-srcset=\"https:\/\/defrentealaverdad.com\/wp-content\/uploads\/2024\/06\/Screenshot_2024-06-08_122537-300x224.png 300w, https:\/\/defrentealaverdad.com\/wp-content\/uploads\/2024\/06\/Screenshot_2024-06-08_122537-768x574.png 768w, https:\/\/defrentealaverdad.com\/wp-content\/uploads\/2024\/06\/Screenshot_2024-06-08_122537-720x540.png 720w, https:\/\/defrentealaverdad.com\/wp-content\/uploads\/2024\/06\/Screenshot_2024-06-08_122537.png 865w\" data-sizes=\"(max-width: 300px) 100vw, 300px\" src=\"data:image\/svg+xml;base64,PHN2ZyB3aWR0aD0iMSIgaGVpZ2h0PSIxIiB4bWxucz0iaHR0cDovL3d3dy53My5vcmcvMjAwMC9zdmciPjwvc3ZnPg==\" style=\"--smush-placeholder-width: 300px; --smush-placeholder-aspect-ratio: 300\/224;\" \/><\/p>\n<p style=\"text-align: justify;\">El recorrido inici\u00f3 con una visita a la Fortaleza Militar \u201cEl Rodeo\u201d, sede del 14to. Batall\u00f3n de Infanter\u00eda, ubicada en el municipio Jiman\u00ed, provincia Independencia; y abarc\u00f3 todos los puestos del \u00e1rea de responsabilidad circundante al lago Azuey, haciendo una parada especial en el destacamento \u201cTierra Nueva\u201d, el cual dej\u00f3 en funcionamiento tras reinaugurar el remozamiento de las estructuras.<\/p>\n<blockquote>\n<p style=\"text-align: justify;\">\u201cEste destacamento est\u00e1 ubicado en una zona de alto valor estrat\u00e9gico, posee varias avenidas de aproximaci\u00f3n desde el lago Azuey, el cual hace frontera con localidades del vecino pa\u00eds Hait\u00ed\u201d. Tambi\u00e9n resalt\u00f3 que el pasado domingo llegaron m\u00e1s tropas a prestar servicio en estas unidades. \u201cNuestra misi\u00f3n es garantizar la seguridad y la paz al pueblo dominicano\u201d, expres\u00f3 el Mayor General Fern\u00e1ndez Onofre.<\/p>\n<\/blockquote>\n<p style=\"text-align: justify;\">Adem\u00e1s, agreg\u00f3 que la remozada unidad ser\u00e1 utilizada como centro de operaciones t\u00e1cticas, de donde saldr\u00e1n patrullas de corto y largo alcance para contrarrestar los actos il\u00edcitos que se registran en esta zona.<\/p>\n<blockquote>\n<p style=\"text-align: justify;\">\u201cEstamos entregando unos cuarteles totalmente remozados, con nuevos ba\u00f1os, cocina, verja perimetral, oficina para el comandante y sistema de video vigilancia, entre otras comodidades, todo esto en busca de mejorar las condiciones de los soldados en servicio, fortaleciendo a la vez, la capacidad operativa de la instituci\u00f3n\u201d, precis\u00f3 Fern\u00e1ndez Onofre.<\/p>\n<\/blockquote>\n<p style=\"text-align: justify;\">El Comandante concluy\u00f3 su recorrido en el destacamento militar \u201cLa 40\u201d, donde al igual que en los lugares anteriores, supervis\u00f3 las instalaciones y areng\u00f3 a las tropas, agradeciendo su labor y dirigi\u00e9ndole palabras de motivaci\u00f3n para que contin\u00faen desempe\u00f1ando sus funciones en beneficio de la Patria.<\/p>\n<p style=\"text-align: justify;\"><img decoding=\"async\" class=\"size-medium wp-image-17973 alignleft lazyload\" data-src=\"https:\/\/defrentealaverdad.com\/wp-content\/uploads\/2024\/06\/Screenshot_2024-06-08_122603-300x172.png\" alt=\"\" width=\"300\" height=\"172\" data-srcset=\"https:\/\/defrentealaverdad.com\/wp-content\/uploads\/2024\/06\/Screenshot_2024-06-08_122603-300x172.png 300w, https:\/\/defrentealaverdad.com\/wp-content\/uploads\/2024\/06\/Screenshot_2024-06-08_122603-768x441.png 768w, https:\/\/defrentealaverdad.com\/wp-content\/uploads\/2024\/06\/Screenshot_2024-06-08_122603.png 936w\" data-sizes=\"(max-width: 300px) 100vw, 300px\" src=\"data:image\/svg+xml;base64,PHN2ZyB3aWR0aD0iMSIgaGVpZ2h0PSIxIiB4bWxucz0iaHR0cDovL3d3dy53My5vcmcvMjAwMC9zdmciPjwvc3ZnPg==\" style=\"--smush-placeholder-width: 300px; --smush-placeholder-aspect-ratio: 300\/172;\" \/><\/p>\n<p style=\"text-align: justify;\">Estuvo acompa\u00f1ado del Comandante de la 5ta. Brigada de Infanter\u00eda, as\u00ed como de miembros del Estado Mayor Coordinador y Especial de la instituci\u00f3n.<\/p>\n<p style=\"text-align: justify;\">Fuente: Informaciones a nivel<\/p>\n","protected":false},"excerpt":{"rendered":"<p>Por Felix Rubio \u00a0El Comandante General del Ej\u00e9rcito, Mayor General Carlos Antonio Fern\u00e1ndez Onofre, realiz\u00f3<\/p>\n","protected":false},"author":1,"featured_media":0,"comment_status":"open","ping_status":"open","sticky":false,"template":"","format":"standard","meta":{"footnotes":""},"categories":[7],"tags":[],"class_list":["post-17972","post","type-post","status-publish","format-standard","hentry","category-nacionales"],"_links":{"self":[{"href":"https:\/\/defrentealaverdad.com\/index.php\/wp-json\/wp\/v2\/posts\/17972","targetHints":{"allow":["GET"]}}],"collection":[{"href":"https:\/\/defrentealaverdad.com\/index.php\/wp-json\/wp\/v2\/posts"}],"about":[{"href":"https:\/\/defrentealaverdad.com\/index.php\/wp-json\/wp\/v2\/types\/post"}],"author":[{"embeddable":true,"href":"https:\/\/defrentealaverdad.com\/index.php\/wp-json\/wp\/v2\/users\/1"}],"replies":[{"embeddable":true,"href":"https:\/\/defrentealaverdad.com\/index.php\/wp-json\/wp\/v2\/comments?post=17972"}],"version-history":[{"count":2,"href":"https:\/\/defrentealaverdad.com\/index.php\/wp-json\/wp\/v2\/posts\/17972\/revisions"}],"predecessor-version":[{"id":17977,"href":"https:\/\/defrentealaverdad.com\/index.php\/wp-json\/wp\/v2\/posts\/17972\/revisions\/17977"}],"wp:attachment":[{"href":"https:\/\/defrentealaverdad.com\/index.php\/wp-json\/wp\/v2\/media?parent=17972"}],"wp:term":[{"taxonomy":"category","embeddable":true,"href":"https:\/\/defrentealaverdad.com\/index.php\/wp-json\/wp\/v2\/categories?post=17972"},{"taxonomy":"post_tag","embeddable":true,"href":"https:\/\/defrentealaverdad.com\/index.php\/wp-json\/wp\/v2\/tags?post=17972"}],"curies":[{"name":"wp","href":"https:\/\/api.w.org\/{rel}","templated":true}]}}