{"id":17938,"date":"2024-06-07T00:33:26","date_gmt":"2024-06-07T00:33:26","guid":{"rendered":"https:\/\/defrentealaverdad.com\/?p=17938"},"modified":"2024-06-08T00:33:39","modified_gmt":"2024-06-08T00:33:39","slug":"manoclinic-realiza-exitoso-reimplante-de-dedo-en-nino-de-8-anos-con-anestesia-local","status":"publish","type":"post","link":"https:\/\/defrentealaverdad.com\/index.php\/2024\/06\/07\/manoclinic-realiza-exitoso-reimplante-de-dedo-en-nino-de-8-anos-con-anestesia-local\/","title":{"rendered":"Manoclinic realiza exitoso reimplante de dedo en ni\u00f1o de 8 a\u00f1os con anestesia local"},"content":{"rendered":"<p><img decoding=\"async\" class=\"size-medium wp-image-17939 alignleft lazyload\" data-src=\"https:\/\/defrentealaverdad.com\/wp-content\/uploads\/2024\/06\/IMG-20240607-WA0158-300x225.jpg\" alt=\"\" width=\"300\" height=\"225\" data-srcset=\"https:\/\/defrentealaverdad.com\/wp-content\/uploads\/2024\/06\/IMG-20240607-WA0158-300x225.jpg 300w, https:\/\/defrentealaverdad.com\/wp-content\/uploads\/2024\/06\/IMG-20240607-WA0158-1024x768.jpg 1024w, https:\/\/defrentealaverdad.com\/wp-content\/uploads\/2024\/06\/IMG-20240607-WA0158-768x576.jpg 768w, https:\/\/defrentealaverdad.com\/wp-content\/uploads\/2024\/06\/IMG-20240607-WA0158-1536x1152.jpg 1536w, https:\/\/defrentealaverdad.com\/wp-content\/uploads\/2024\/06\/IMG-20240607-WA0158-720x540.jpg 720w, https:\/\/defrentealaverdad.com\/wp-content\/uploads\/2024\/06\/IMG-20240607-WA0158.jpg 1600w\" data-sizes=\"(max-width: 300px) 100vw, 300px\" src=\"data:image\/svg+xml;base64,PHN2ZyB3aWR0aD0iMSIgaGVpZ2h0PSIxIiB4bWxucz0iaHR0cDovL3d3dy53My5vcmcvMjAwMC9zdmciPjwvc3ZnPg==\" style=\"--smush-placeholder-width: 300px; --smush-placeholder-aspect-ratio: 300\/225;\" \/><\/p>\n<p style=\"text-align: justify;\">Manoclinic, centro de cirug\u00eda de mano y microcirug\u00eda l\u00edder en el pa\u00eds, se enorgullece en anunciar el exitoso reimplante del dedo anular izquierdo de un ni\u00f1o de 8 a\u00f1os, realizada \u00fanicamente con anestesia local, procedimiento de alta complejidad que representa un hito m\u00e9dico debido a la dificultad y las circunstancias bajo las cuales se desarroll\u00f3.<img decoding=\"async\" class=\"size-medium wp-image-17941 alignright lazyload\" data-src=\"https:\/\/defrentealaverdad.com\/wp-content\/uploads\/2024\/06\/IMG-20240607-WA0159-210x300.jpg\" alt=\"\" width=\"210\" height=\"300\" data-srcset=\"https:\/\/defrentealaverdad.com\/wp-content\/uploads\/2024\/06\/IMG-20240607-WA0159-210x300.jpg 210w, https:\/\/defrentealaverdad.com\/wp-content\/uploads\/2024\/06\/IMG-20240607-WA0159-718x1024.jpg 718w, https:\/\/defrentealaverdad.com\/wp-content\/uploads\/2024\/06\/IMG-20240607-WA0159-768x1096.jpg 768w, https:\/\/defrentealaverdad.com\/wp-content\/uploads\/2024\/06\/IMG-20240607-WA0159-1076x1536.jpg 1076w, https:\/\/defrentealaverdad.com\/wp-content\/uploads\/2024\/06\/IMG-20240607-WA0159.jpg 1096w\" data-sizes=\"(max-width: 210px) 100vw, 210px\" src=\"data:image\/svg+xml;base64,PHN2ZyB3aWR0aD0iMSIgaGVpZ2h0PSIxIiB4bWxucz0iaHR0cDovL3d3dy53My5vcmcvMjAwMC9zdmciPjwvc3ZnPg==\" style=\"--smush-placeholder-width: 210px; --smush-placeholder-aspect-ratio: 210\/300;\" \/><\/p>\n<p style=\"text-align: justify;\">El doctor Otoniel D\u00edaz, cirujano de mano y experto en microcirug\u00eda, encabez\u00f3 la operaci\u00f3n junto con los doctores Abel Herrera y Rub\u00e9n Mena, y un equipo de enfermeras especializadas. La doctora Mercedes Reyes, anestesi\u00f3loga pedi\u00e1trica, estuvo a cargo de monitorear las condiciones vitales del ni\u00f1o durante la intervenci\u00f3n.<\/p>\n<p><img decoding=\"async\" class=\"size-medium wp-image-17940 alignleft lazyload\" data-src=\"https:\/\/defrentealaverdad.com\/wp-content\/uploads\/2024\/06\/IMG-20240607-WA0160-300x225.jpg\" alt=\"\" width=\"300\" height=\"225\" data-srcset=\"https:\/\/defrentealaverdad.com\/wp-content\/uploads\/2024\/06\/IMG-20240607-WA0160-300x225.jpg 300w, https:\/\/defrentealaverdad.com\/wp-content\/uploads\/2024\/06\/IMG-20240607-WA0160-1024x768.jpg 1024w, https:\/\/defrentealaverdad.com\/wp-content\/uploads\/2024\/06\/IMG-20240607-WA0160-768x576.jpg 768w, https:\/\/defrentealaverdad.com\/wp-content\/uploads\/2024\/06\/IMG-20240607-WA0160-1536x1152.jpg 1536w, https:\/\/defrentealaverdad.com\/wp-content\/uploads\/2024\/06\/IMG-20240607-WA0160-720x540.jpg 720w, https:\/\/defrentealaverdad.com\/wp-content\/uploads\/2024\/06\/IMG-20240607-WA0160.jpg 1600w\" data-sizes=\"(max-width: 300px) 100vw, 300px\" src=\"data:image\/svg+xml;base64,PHN2ZyB3aWR0aD0iMSIgaGVpZ2h0PSIxIiB4bWxucz0iaHR0cDovL3d3dy53My5vcmcvMjAwMC9zdmciPjwvc3ZnPg==\" style=\"--smush-placeholder-width: 300px; --smush-placeholder-aspect-ratio: 300\/225;\" \/><\/p>\n<p style=\"text-align: justify;\">El procedimiento comenz\u00f3 a las 5:00 pm y finaliz\u00f3 a las 12:30 am, con la restauraci\u00f3n exitosa del flujo sangu\u00edneo al dedo a las 8:43 pm. La madre del ni\u00f1o estuvo presente en el quir\u00f3fano, brind\u00e1ndole apoyo emocional durante las siete horas y media de cirug\u00eda.<\/p>\n<blockquote>\n<p style=\"text-align: justify;\">\u201cLa cirug\u00eda consisti\u00f3 en identificar y reparar las arterias, venas, nervios, tendones y huesos del dedo. Realizar este procedimiento en un ni\u00f1o despierto con anestesia local es el grado m\u00e1ximo de dificultad, pero fue la \u00fanica opci\u00f3n segura debido a una infecci\u00f3n respiratoria aguda que hac\u00eda riesgosa la anestesia general\u201d, explic\u00f3 el doctor D\u00edaz.<\/p>\n<\/blockquote>\n<p style=\"text-align: justify;\">El \u00e9xito de esta cirug\u00eda no solo destaca la experiencia y habilidad del equipo de Manoclinic, sino tambi\u00e9n su capacidad para enfrentar y superar desaf\u00edos extremos.<\/p>\n<blockquote>\n<p style=\"text-align: justify;\">\u201cHoy, el paciente se encuentra en muy buen estado general y el dedo reimplantado es viable al 100%. Ver la felicidad en el rostro del ni\u00f1o y su familia es nuestra mayor satisfacci\u00f3n\u201d, a\u00f1adi\u00f3 D\u00edaz.<\/p>\n<\/blockquote>\n<p style=\"text-align: justify;\">Manoclinic reafirma as\u00ed su compromiso con la excelencia en la atenci\u00f3n m\u00e9dica y su posici\u00f3n como centro de referencia nacional para problemas de salud en las manos.<\/p>\n<p>Fuente: Prensa Manoclinic<\/p>\n","protected":false},"excerpt":{"rendered":"<p>Manoclinic, centro de cirug\u00eda de mano y microcirug\u00eda l\u00edder en el pa\u00eds, se enorgullece en<\/p>\n","protected":false},"author":4,"featured_media":0,"comment_status":"open","ping_status":"open","sticky":false,"template":"","format":"standard","meta":{"footnotes":""},"categories":[221],"tags":[],"class_list":["post-17938","post","type-post","status-publish","format-standard","hentry","category-salud"],"_links":{"self":[{"href":"https:\/\/defrentealaverdad.com\/index.php\/wp-json\/wp\/v2\/posts\/17938","targetHints":{"allow":["GET"]}}],"collection":[{"href":"https:\/\/defrentealaverdad.com\/index.php\/wp-json\/wp\/v2\/posts"}],"about":[{"href":"https:\/\/defrentealaverdad.com\/index.php\/wp-json\/wp\/v2\/types\/post"}],"author":[{"embeddable":true,"href":"https:\/\/defrentealaverdad.com\/index.php\/wp-json\/wp\/v2\/users\/4"}],"replies":[{"embeddable":true,"href":"https:\/\/defrentealaverdad.com\/index.php\/wp-json\/wp\/v2\/comments?post=17938"}],"version-history":[{"count":1,"href":"https:\/\/defrentealaverdad.com\/index.php\/wp-json\/wp\/v2\/posts\/17938\/revisions"}],"predecessor-version":[{"id":17942,"href":"https:\/\/defrentealaverdad.com\/index.php\/wp-json\/wp\/v2\/posts\/17938\/revisions\/17942"}],"wp:attachment":[{"href":"https:\/\/defrentealaverdad.com\/index.php\/wp-json\/wp\/v2\/media?parent=17938"}],"wp:term":[{"taxonomy":"category","embeddable":true,"href":"https:\/\/defrentealaverdad.com\/index.php\/wp-json\/wp\/v2\/categories?post=17938"},{"taxonomy":"post_tag","embeddable":true,"href":"https:\/\/defrentealaverdad.com\/index.php\/wp-json\/wp\/v2\/tags?post=17938"}],"curies":[{"name":"wp","href":"https:\/\/api.w.org\/{rel}","templated":true}]}}