{"id":17925,"date":"2024-06-07T00:17:31","date_gmt":"2024-06-07T00:17:31","guid":{"rendered":"https:\/\/defrentealaverdad.com\/?p=17925"},"modified":"2024-06-08T00:19:18","modified_gmt":"2024-06-08T00:19:18","slug":"colegio-de-periodistas-lamenta-deceso-de-ricardo-pineda-heredia","status":"publish","type":"post","link":"https:\/\/defrentealaverdad.com\/index.php\/2024\/06\/07\/colegio-de-periodistas-lamenta-deceso-de-ricardo-pineda-heredia\/","title":{"rendered":"Colegio de Periodistas lamenta deceso de Ricardo Pineda Heredia"},"content":{"rendered":"<p style=\"text-align: justify;\"><img decoding=\"async\" class=\"size-medium wp-image-17926 alignleft lazyload\" data-src=\"https:\/\/defrentealaverdad.com\/wp-content\/uploads\/2024\/06\/IMG-20240607-WA0134-300x190.jpg\" alt=\"\" width=\"300\" height=\"190\" data-srcset=\"https:\/\/defrentealaverdad.com\/wp-content\/uploads\/2024\/06\/IMG-20240607-WA0134-300x190.jpg 300w, https:\/\/defrentealaverdad.com\/wp-content\/uploads\/2024\/06\/IMG-20240607-WA0134.jpg 400w\" data-sizes=\"(max-width: 300px) 100vw, 300px\" src=\"data:image\/svg+xml;base64,PHN2ZyB3aWR0aD0iMSIgaGVpZ2h0PSIxIiB4bWxucz0iaHR0cDovL3d3dy53My5vcmcvMjAwMC9zdmciPjwvc3ZnPg==\" style=\"--smush-placeholder-width: 300px; --smush-placeholder-aspect-ratio: 300\/190;\" \/><\/p>\n<p style=\"text-align: justify;\">Barahona. \u2013 El Colegio Dominicano de Periodistas (CDP), lament\u00f3 el fallecimiento del exsecretario general de la filial Barahona, Ricardo Pineda Heredia (Pililo), quien expir\u00f3 la ma\u00f1ana de este viernes en el Hospital Regional Docente Universitario Jaime Mota (HRDUJM).<\/p>\n<p style=\"text-align: justify;\">A trav\u00e9s de una nota de prensa, el secretario general de la filial, Benny Rodr\u00edguez, dijo que el deceso de Pineda Heredia enluta a toda la comunidad period\u00edstica de la regi\u00f3n y del pa\u00eds.<\/p>\n<p style=\"text-align: justify;\">Ricardo Pineda Heredia (Pililo), sufri\u00f3 un primer evento en su salud hace algunos meses y el pasado mi\u00e9rcoles el mismo acudi\u00f3 a una cl\u00ednica privada, centro privado que lo refiri\u00f3 al Hospital Regional Docente Universitario Jaime Mota e ingresado a la Unidad de Cuidados Intensivos (UCI), en donde falleci\u00f3 esta ma\u00f1ana.<\/p>\n<p style=\"text-align: justify;\">Rodr\u00edguez, mediante una nota prensa, extendi\u00f3 sus condolencias a la familia del profesional del periodismo fallecido, a quien defini\u00f3 como un ciudadano ejemplar, que a trav\u00e9s de los medios de comunicaci\u00f3n hizo importantes aportes a la provincia sure\u00f1a, la regi\u00f3n el pa\u00eds.<\/p>\n<blockquote>\n<p style=\"text-align: justify;\">\u201cOfrecemos en nombre de la comunidad period\u00edstica de esta provincia nuestras condolencias a los familiares del colega Pineda Heredia, quien expir\u00f3 esta ma\u00f1ana en el hospital Jaime Mota por complicaciones en su salud\u201d, dijo Rodr\u00edguez.<\/p>\n<\/blockquote>\n<p style=\"text-align: justify;\">Record\u00f3 que a Ricardo Pineda Heredia se le gestionaba una pensi\u00f3n solidaria ante el Poder Ejecutivo<em>, \u00abpero no pudimos concretarlo en su favor y nos ha dejado\u00bb,<\/em> dijo el secretario general de la filial Barahona del CDP.<\/p>\n<p style=\"text-align: justify;\">Adem\u00e1s, de dirigir la filial Barahona del CDP, Pineda Heredia ejerci\u00f3 de periodista durante los 12 a\u00f1os de Balaguer y en el per\u00edodo 2016\/2020, fue regidor por este municipio, del entonces Partido de los Trabajadores Dominicanos (PTD).<\/p>\n<p style=\"text-align: justify;\">Fuente: CDP<\/p>\n","protected":false},"excerpt":{"rendered":"<p>Barahona. \u2013 El Colegio Dominicano de Periodistas (CDP), lament\u00f3 el fallecimiento del exsecretario general de<\/p>\n","protected":false},"author":1,"featured_media":0,"comment_status":"open","ping_status":"open","sticky":false,"template":"","format":"standard","meta":{"footnotes":""},"categories":[7],"tags":[],"class_list":["post-17925","post","type-post","status-publish","format-standard","hentry","category-nacionales"],"_links":{"self":[{"href":"https:\/\/defrentealaverdad.com\/index.php\/wp-json\/wp\/v2\/posts\/17925","targetHints":{"allow":["GET"]}}],"collection":[{"href":"https:\/\/defrentealaverdad.com\/index.php\/wp-json\/wp\/v2\/posts"}],"about":[{"href":"https:\/\/defrentealaverdad.com\/index.php\/wp-json\/wp\/v2\/types\/post"}],"author":[{"embeddable":true,"href":"https:\/\/defrentealaverdad.com\/index.php\/wp-json\/wp\/v2\/users\/1"}],"replies":[{"embeddable":true,"href":"https:\/\/defrentealaverdad.com\/index.php\/wp-json\/wp\/v2\/comments?post=17925"}],"version-history":[{"count":1,"href":"https:\/\/defrentealaverdad.com\/index.php\/wp-json\/wp\/v2\/posts\/17925\/revisions"}],"predecessor-version":[{"id":17927,"href":"https:\/\/defrentealaverdad.com\/index.php\/wp-json\/wp\/v2\/posts\/17925\/revisions\/17927"}],"wp:attachment":[{"href":"https:\/\/defrentealaverdad.com\/index.php\/wp-json\/wp\/v2\/media?parent=17925"}],"wp:term":[{"taxonomy":"category","embeddable":true,"href":"https:\/\/defrentealaverdad.com\/index.php\/wp-json\/wp\/v2\/categories?post=17925"},{"taxonomy":"post_tag","embeddable":true,"href":"https:\/\/defrentealaverdad.com\/index.php\/wp-json\/wp\/v2\/tags?post=17925"}],"curies":[{"name":"wp","href":"https:\/\/api.w.org\/{rel}","templated":true}]}}