{"id":17846,"date":"2024-06-07T00:22:20","date_gmt":"2024-06-07T00:22:20","guid":{"rendered":"https:\/\/defrentealaverdad.com\/?p=17846"},"modified":"2024-11-19T19:21:38","modified_gmt":"2024-11-19T19:21:38","slug":"grupo-de-empresas-de-transporte-mochotran-recibe-la-visita-de-ejecutivos-del-imtraff","status":"publish","type":"post","link":"https:\/\/defrentealaverdad.com\/index.php\/2024\/06\/07\/grupo-de-empresas-de-transporte-mochotran-recibe-la-visita-de-ejecutivos-del-imtraff\/","title":{"rendered":"Grupo de Empresas de Transporte Mochotran recibe la visita de ejecutivos del Imtraff"},"content":{"rendered":"<blockquote>\n<p style=\"text-align: justify;\">Muestran inter\u00e9s en implementar sistema de monitoreo en los corredores de la Winston Churchill y Charles de Gaulle<\/p>\n<\/blockquote>\n<p style=\"text-align: justify;\">Santo Domingo, RD.- Ejecutivos de la empresa Soluciones completas en Ingenier\u00eda de Trafico, Transporte y Geotecnolog\u00eda, Imtraff, realizaron la ma\u00f1ana de hoy una visita al Grupo de Empresas de Transporte Mochotran con el objetivo de compartir experiencia de Brasil y Rep\u00fablica Dominicana en materia de transporte, adem\u00e1s de presentar sus servicios<\/p>\n<p style=\"text-align: justify;\">\u00a0Los se\u00f1ores Frederico Rodr\u00edguez e Igor Souza, intercambiaron ideas y conocimientos con los miembros del Consejo de Mochotran encabezado por su presidente Alfredo Pulinario, Cambita.<\/p>\n<p style=\"text-align: justify;\">Souza y Rodr\u00edguez, quien tiene doctorado en ingeniar\u00eda de transportes, explicaron que forman parte de una compa\u00f1\u00eda que ofrece soluciones completas en las \u00e1reas de Movilidad, Ingenier\u00eda de Tr\u00e1nsito, Transporte y Geotecnolog\u00eda, buscando siempre promover mejores condiciones de movilidad y fomentar el desarrollo econ\u00f3mico y social en las regiones donde opera.<\/p>\n<p style=\"text-align: justify;\">Se\u00f1alaron que han estado presentes por alrededor de 15 a\u00f1os en muchos proyectos realizados por el gobierno dominicano, incluidos estudios de Movilidad Urbana Sostenible para el Gran Santo Domingo, sobre Fortalecimiento Institucional y Empresarial para el Sistema Integrado de Transporte P\u00fablico, adem\u00e1s en otros pa\u00edses del \u00e1rea y en m\u00e1s de 24 estados brasile\u00f1os.<\/p>\n<p style=\"text-align: justify;\">De igual manera, explicaron que el ImTraff se posiciona como uno de los l\u00edderes en Consultor\u00eda de Movilidad en Am\u00e9rica Latina y act\u00faa con procesos de Gesti\u00f3n, Software, Aplicaciones y metodolog\u00edas especializadas innovadores, estando presentes en todas las etapas del proyecto, desarrollando los mejores caminos hacia su destino.<\/p>\n<p style=\"text-align: justify;\">En su ponencia, los ingenieros Frederico e Igor, director e Ingeniero Regional del Caribe del Imtraff, respectivamente, presentaron a Mochotran nuevas tecnolog\u00edas para estudios de planeamiento y operaci\u00f3n de sistemas de transportes por autobuses, bien como varios proyectos desarrollados en varias partes del mundo.<\/p>\n<p style=\"text-align: justify;\">Refirieron tener la referencia del buen desempe\u00f1o de Mochotran en las operaciones de los corredores de las venidas Winston Churchill y Charles de Gaulle y que con su experiencia pueden ayudar enriquecer la planificaci\u00f3n de los trabajos del servicio que ofrecen y as\u00ed mejorar la vida de las personas y el pa\u00eds.<\/p>\n<p style=\"text-align: justify;\"><strong>Pulinario, Cambita<\/strong><\/p>\n<p style=\"text-align: justify;\">De su lado, Alfredo Pulinario, Cambita, explic\u00f3 que el grupo opera los corredores Churchill y Charles desde hace dos a\u00f1os con 141 autobuses de 90 pasajeros y alta tecnolog\u00eda, de los cuales un 20 por ciento posee rampas el\u00e9ctricas para facilitar as\u00ed la entrada y salida de los pasajeros en sillas de rueda, adem\u00e1s, dotados de alta tecnolog\u00eda.<\/p>\n<p style=\"text-align: justify;\">Expuso que cada uno de los autobuses son monitoreados, todo el tiempo, desde el Centro de Monitoreo de Control de Tr\u00e1fico, CTC, donde se puede ver la velocidad del mismo, la cantidad de pasajeros y su movimiento al ingresar y salida, igual que su detenci\u00f3n en cada parada.<\/p>\n<p style=\"text-align: justify;\">En los pormenores de su conversatorio, el empresario del transporte, detall\u00f3 su experiencia envuelta con m\u00e1s de 50 a\u00f1os en las directrices del transporte respaldado por 154 compa\u00f1\u00edas afiliadas que agrupa aproximadamente 30 mil conductores, y los contactos internacionales, incluyendo Brasil. Finalmente,<\/p>\n<p style=\"text-align: justify;\">Pulinario, al agradecerles la visita a la empresa y su inter\u00e9s por las operaciones de la misma, le indic\u00f3 conocer a Brasil:<\/p>\n<blockquote>\n<p style=\"text-align: justify;\">\u201ces un pa\u00eds muy avanzado, conocemos la empresa Mercedes Benz\u201d.<\/p>\n<\/blockquote>\n<p style=\"text-align: justify;\">Tras finalizar el encuentro, realizado en el sal\u00f3n de Conferencia de su Sede, en Terminar de Autobuses, ubicado en la avenida Jacobo Malluta, en el municipio Santo Domingo Norte, realizaron un recorrido por las instalaciones recibiendo las informaciones necesarias para su posterior encuentro.<\/p>\n<p>Fuente: Externa<\/p>\n","protected":false},"excerpt":{"rendered":"<p>Muestran inter\u00e9s en implementar sistema de monitoreo en los corredores de la Winston Churchill y<\/p>\n","protected":false},"author":1,"featured_media":0,"comment_status":"open","ping_status":"open","sticky":false,"template":"","format":"standard","meta":{"footnotes":""},"categories":[7],"tags":[],"class_list":["post-17846","post","type-post","status-publish","format-standard","hentry","category-nacionales"],"_links":{"self":[{"href":"https:\/\/defrentealaverdad.com\/index.php\/wp-json\/wp\/v2\/posts\/17846","targetHints":{"allow":["GET"]}}],"collection":[{"href":"https:\/\/defrentealaverdad.com\/index.php\/wp-json\/wp\/v2\/posts"}],"about":[{"href":"https:\/\/defrentealaverdad.com\/index.php\/wp-json\/wp\/v2\/types\/post"}],"author":[{"embeddable":true,"href":"https:\/\/defrentealaverdad.com\/index.php\/wp-json\/wp\/v2\/users\/1"}],"replies":[{"embeddable":true,"href":"https:\/\/defrentealaverdad.com\/index.php\/wp-json\/wp\/v2\/comments?post=17846"}],"version-history":[{"count":1,"href":"https:\/\/defrentealaverdad.com\/index.php\/wp-json\/wp\/v2\/posts\/17846\/revisions"}],"predecessor-version":[{"id":17847,"href":"https:\/\/defrentealaverdad.com\/index.php\/wp-json\/wp\/v2\/posts\/17846\/revisions\/17847"}],"wp:attachment":[{"href":"https:\/\/defrentealaverdad.com\/index.php\/wp-json\/wp\/v2\/media?parent=17846"}],"wp:term":[{"taxonomy":"category","embeddable":true,"href":"https:\/\/defrentealaverdad.com\/index.php\/wp-json\/wp\/v2\/categories?post=17846"},{"taxonomy":"post_tag","embeddable":true,"href":"https:\/\/defrentealaverdad.com\/index.php\/wp-json\/wp\/v2\/tags?post=17846"}],"curies":[{"name":"wp","href":"https:\/\/api.w.org\/{rel}","templated":true}]}}