{"id":1765,"date":"2022-09-16T19:56:12","date_gmt":"2022-09-16T19:56:12","guid":{"rendered":"https:\/\/defrentealaverdad.com\/?p=1765"},"modified":"2022-09-16T20:06:44","modified_gmt":"2022-09-16T20:06:44","slug":"abba-pater-worship-lanza-su-nuevo-sencillo-cielo-y-tierra","status":"publish","type":"post","link":"https:\/\/defrentealaverdad.com\/index.php\/2022\/09\/16\/abba-pater-worship-lanza-su-nuevo-sencillo-cielo-y-tierra\/","title":{"rendered":"Abba Pater Worship lanza su nuevo sencillo \u00abCielo y Tierra\u00bb"},"content":{"rendered":"<p>&nbsp;<\/p>\n<p style=\"text-align: justify;\"><img decoding=\"async\" class=\"size-medium wp-image-1768 aligncenter lazyload\" data-src=\"https:\/\/defrentealaverdad.com\/wp-content\/uploads\/2022\/09\/unnamed-300x169.png\" alt=\"\" width=\"300\" height=\"169\" data-srcset=\"https:\/\/defrentealaverdad.com\/wp-content\/uploads\/2022\/09\/unnamed-300x169.png 300w, https:\/\/defrentealaverdad.com\/wp-content\/uploads\/2022\/09\/unnamed.png 678w\" data-sizes=\"(max-width: 300px) 100vw, 300px\" src=\"data:image\/svg+xml;base64,PHN2ZyB3aWR0aD0iMSIgaGVpZ2h0PSIxIiB4bWxucz0iaHR0cDovL3d3dy53My5vcmcvMjAwMC9zdmciPjwvc3ZnPg==\" style=\"--smush-placeholder-width: 300px; --smush-placeholder-aspect-ratio: 300\/169;\" \/><\/p>\n<p style=\"text-align: justify;\">Arecibo, Puerto Rico \u201316 de septiembre de 2022\u2013 \u201cCielo y Tierra\u201d llega como una respuesta directa de Dios, as\u00ed como muchas veces cada persona ha tenido preguntas acerca de c\u00f3mo ser\u00e1 la eternidad, o como son las cosas en el cielo, as\u00ed mismo surgi\u00f3 la pregunta en Carlos Serrano \u00bfC\u00f3mo se adora en el cielo?.<\/p>\n<p style=\"text-align: justify;\">\u00abEsa noche le ped\u00ed a Dios que me mostrara, que me ense\u00f1ara ese sonido. Entonces fui a las escrituras y comenc\u00e9 a leer el libro de Apocalipsis cap\u00edtulo 4, en donde se relata c\u00f3mo Dios le muestra a trav\u00e9s de una visi\u00f3n al Ap\u00f3stol Juan como era la adoraci\u00f3n en el cielo. Fue entonces que al leer esto me inspir\u00e9 al momento de escribir \u201cCielo y Tierra\u201d\u00bb, expres\u00f3 Carlos de Abba Pater Worship.<\/p>\n<p style=\"text-align: justify;\">El video de la canci\u00f3n \u201cCielo y Tierra\u201d fue grabado en la Sala Experimental del Centro de Bellas Artes en San Juan, Puerto Rico. Aquel lugar dej\u00f3 de ser el Centro de Bellas Artes, y se volvi\u00f3 un altar de adoraci\u00f3n a Dios, donde todos los que estaban all\u00ed presente, se hicieron uno con el cielo y la tierra. El video fue dirigido por Danny Guti\u00e9rrez.<\/p>\n<p style=\"text-align: justify;\">Abba Pater Worship anhela que todo aquel que escuche \u201cCielo y Tierra\u201d, pueda establecer una v\u00eda de adoraci\u00f3n para entrar en la misma presencia del Padre, que se cree conciencia que la persona de Cristo fue, es y siempre seguir\u00e1 siendo exaltada por los siglos de los siglos. Abba Pater Worship extiende una invitaci\u00f3n a cada uno que escuche la canci\u00f3n a sentir un gozo y regocijo inolvidable, que pueda sentir entusiasmo porque la letra fue escrita y plasmada del coraz\u00f3n de Dios, \u201cCielo y Tierra\u201d manifiesta como todo ser viviente, toda raza, toda lengua en el cielo y en la tierra, y toda la creaci\u00f3n adoran a un solo Dios.<\/p>\n<p style=\"text-align: justify;\">\u201cCielo y Tierra\u201d est\u00e1 disponible en todas las plataformas digitales de Abba Pater Worship, esta canci\u00f3n es una producci\u00f3n de Jos\u00e9 A. Montijo Soler para Abba Pater Worship Records.<\/p>\n<p style=\"text-align: justify;\">Cabe destacar que cada uno de los que conforman el ministerio Abba Pater Worship, est\u00e1 siguiendo las directrices de Dios en las asignaciones que el Padre les est\u00e1 encomendando. Recientemente estuvieron participando en \u00abThe Wave\u00bb en Guatemala, una experiencia incre\u00edble para ellos, el poder unirse con un mismo prop\u00f3sito, ser la iglesia del \u00faltimo tiempo, respondiendo a ser un cuerpo. Dios coloc\u00f3 en los corazones de Abba Pater Worship un agradecimiento ardiente al Esp\u00edritu Santo por estar llam\u00e1ndolos en este tiempo, por tenerlos en cuenta, para los sue\u00f1os de Dios y por mirarlos confiables para desatar en los labios de Abba Pater Worship los sonidos que sonar\u00e1n en el gran avivamiento.<\/p>\n<p style=\"text-align: justify;\"><strong>Acerca de Abba Pater Worship<\/strong><\/p>\n<p style=\"text-align: justify;\">Abba Pater Worship es el grupo de adoraci\u00f3n de la iglesia evang\u00e9lica Abba Pater Church en Arecibo, Puerto Rico, la cual pastorea el Pastor Jos\u00e9 A. Montijo Soler y la Pastora Ana Lugo.\u00a0 Despu\u00e9s de muchos a\u00f1os de preparaci\u00f3n espiritual lleg\u00f3 el momento de exaltar y ministrar el coraz\u00f3n de Dios dando a conocer a otros lo que el mismo Padre deposit\u00f3 sobre sus adoradores. Todas las letras de las canciones de esta producci\u00f3n son de la autor\u00eda de los integrantes de Abba Pater Worship.<\/p>\n<p style=\"text-align: justify;\">A\u00f1os de estudios, ensayos, todos los temas propios de nuestros integrantes dando fe y certeza de la inspiraci\u00f3n misma del Esp\u00edritu Santo. Tambi\u00e9n hubo inspiraci\u00f3n con varios grupos de adoraci\u00f3n como Bethel y Hillsong. Cada integrante ejerciendo una funci\u00f3n en la que en conjunto se logr\u00f3 la composici\u00f3n y producci\u00f3n propia de m\u00fasica para exaltar y adorar a Dios.<\/p>\n<p style=\"text-align: justify;\">Cada uno tiene una historia, vivencia y testimonio en esta casa, en la que todas terminan en el comienzo de una vida llena de la paternidad de Dios, una vida llena de intimidad y profundidad en la presencia del Esp\u00edritu Santo. Son cuatro cantantes que vivieron procesos de arrepentimiento y transformaci\u00f3n en las manos del Padre. Cada tema encierra vivencias propias de sus escritores, vivencias a los pies de Jes\u00fas.<\/p>\n<p style=\"text-align: justify;\">Los vocalistas de esta producci\u00f3n de Abba Pater Worship son Isamar Vargas, Isamaris Torres, la Pastora Silvette Mirand y Carlos Serrano.<\/p>\n<p style=\"text-align: justify;\"><strong>Acerca de Abba Pater Church<\/strong><\/p>\n<p style=\"text-align: justify;\">La iglesia Abba Pater Church inici\u00f3 sin adoradores, Dios a su vez comenz\u00f3 a llevar hijos, quienes antes de entrar al ministerio de adoraci\u00f3n sirvieron en la casa, pasaron por una escuela de adoraci\u00f3n siendo formados por Dios, aprendiendo e internalizando el oficio de la adoraci\u00f3n. Por casi una d\u00e9cada el Esp\u00edritu Santo ha ido formando corazones de adoradores en esp\u00edritu y verdad. Vidas cautivas llevadas a la libertad y esencia de Dios.<\/p>\n<p style=\"text-align: justify;\">Vidas marcadas por el Esp\u00edritu Santo, testificando sus propias historias honrando y llevando el Nombre de Jes\u00fas en alto.<\/p>\n<p style=\"text-align: justify;\">Abba Pater Church es una casa en la que la asignaci\u00f3n principal es la ciudad de Arecibo, las almas, Dios d\u00e1ndoles una palabra, instrucciones precisas, los convirti\u00f3 en una casa llena de su presencia, en donde el motivo principal es ministrar su coraz\u00f3n, buscarlo a \u00c9l, en esp\u00edritu y verdad. \u00a1Su paternidad llenando cada hijo, cada coraz\u00f3n!<\/p>\n<p>&nbsp;<\/p>\n<p style=\"text-align: justify;\"><strong>Cr\u00e9ditos musicales<\/strong><\/p>\n<p style=\"text-align: justify;\">Letra: Carlos Serrano &#8211; Productor Musical: Marcos S\u00e1nchez &#8211; Co-Productor: Teddy Gonz\u00e1lez -Productor Vocal: Edgar Ramos &#8211; Director Musical: Teddy Gonz\u00e1lez &#8211; Bater\u00eda: Ra\u00fal Rosario &#8211; Bajo: Bengie Torres &#8211; Guitarras: Jos\u00e9 Rivera, Antonio \u00abShaka\u00bb Rivera, Allan Col\u00f3n &#8211; Pre-producci\u00f3n Guitarras: Jos\u00e9 Rivera, Jeriel N\u00fa\u00f1ez, Kristhian Rodr\u00edguez &#8211; Chelo: Keren Torres &#8211; Percusi\u00f3n: Ra\u00fal Rosario &#8211; Coros: Thamar Santos, Shirley Rojas, Nicole Gonz\u00e1lez, Iris Ramos, John Valderrama, Ivelisse Carri\u00f3n, Noelimar Mel\u00e9ndez &#8211; Piano, teclados: Teddy Gonz\u00e1lez &#8211; Ingeniero de grabaci\u00f3n: Yamil Mart\u00ednez &#8211; Edici\u00f3n, mezcla y masterizaci\u00f3n: Marcos S\u00e1nchez &#8211; Ingeniero de grabaci\u00f3n: Yamil Mart\u00ednez<\/p>\n<p>&nbsp;<\/p>\n<p>Fuente: Tatihana Pozo Puccini (<a href=\"mailto:tatihana@contextomediagroup.com\" target=\"_blank\" rel=\"noopener\">tatihana@contextomediagroup.<wbr \/>com)<\/a><\/p>\n","protected":false},"excerpt":{"rendered":"<p>&nbsp; Arecibo, Puerto Rico \u201316 de septiembre de 2022\u2013 \u201cCielo y Tierra\u201d llega como una<\/p>\n","protected":false},"author":2,"featured_media":0,"comment_status":"open","ping_status":"open","sticky":false,"template":"","format":"standard","meta":{"footnotes":""},"categories":[6,16],"tags":[],"class_list":["post-1765","post","type-post","status-publish","format-standard","hentry","category-espectaculos","category-internacionales"],"_links":{"self":[{"href":"https:\/\/defrentealaverdad.com\/index.php\/wp-json\/wp\/v2\/posts\/1765","targetHints":{"allow":["GET"]}}],"collection":[{"href":"https:\/\/defrentealaverdad.com\/index.php\/wp-json\/wp\/v2\/posts"}],"about":[{"href":"https:\/\/defrentealaverdad.com\/index.php\/wp-json\/wp\/v2\/types\/post"}],"author":[{"embeddable":true,"href":"https:\/\/defrentealaverdad.com\/index.php\/wp-json\/wp\/v2\/users\/2"}],"replies":[{"embeddable":true,"href":"https:\/\/defrentealaverdad.com\/index.php\/wp-json\/wp\/v2\/comments?post=1765"}],"version-history":[{"count":6,"href":"https:\/\/defrentealaverdad.com\/index.php\/wp-json\/wp\/v2\/posts\/1765\/revisions"}],"predecessor-version":[{"id":1772,"href":"https:\/\/defrentealaverdad.com\/index.php\/wp-json\/wp\/v2\/posts\/1765\/revisions\/1772"}],"wp:attachment":[{"href":"https:\/\/defrentealaverdad.com\/index.php\/wp-json\/wp\/v2\/media?parent=1765"}],"wp:term":[{"taxonomy":"category","embeddable":true,"href":"https:\/\/defrentealaverdad.com\/index.php\/wp-json\/wp\/v2\/categories?post=1765"},{"taxonomy":"post_tag","embeddable":true,"href":"https:\/\/defrentealaverdad.com\/index.php\/wp-json\/wp\/v2\/tags?post=1765"}],"curies":[{"name":"wp","href":"https:\/\/api.w.org\/{rel}","templated":true}]}}