{"id":1762,"date":"2022-09-15T21:34:08","date_gmt":"2022-09-15T21:34:08","guid":{"rendered":"https:\/\/defrentealaverdad.com\/?p=1762"},"modified":"2024-11-19T19:28:02","modified_gmt":"2024-11-19T19:28:02","slug":"1762","status":"publish","type":"post","link":"https:\/\/defrentealaverdad.com\/index.php\/2022\/09\/15\/1762\/","title":{"rendered":"Luis Abinader hablar\u00e1 esta tarde ante la OEA"},"content":{"rendered":"<p style=\"text-align: justify;\"><img decoding=\"async\" class=\"size-medium wp-image-1763 aligncenter lazyload\" data-src=\"https:\/\/defrentealaverdad.com\/wp-content\/uploads\/2022\/09\/WhatsApp-Image-2022-09-15-at-5.33.17-PM-300x187.jpeg\" alt=\"\" width=\"300\" height=\"187\" data-srcset=\"https:\/\/defrentealaverdad.com\/wp-content\/uploads\/2022\/09\/WhatsApp-Image-2022-09-15-at-5.33.17-PM-300x187.jpeg 300w, https:\/\/defrentealaverdad.com\/wp-content\/uploads\/2022\/09\/WhatsApp-Image-2022-09-15-at-5.33.17-PM-768x478.jpeg 768w, https:\/\/defrentealaverdad.com\/wp-content\/uploads\/2022\/09\/WhatsApp-Image-2022-09-15-at-5.33.17-PM.jpeg 944w\" data-sizes=\"(max-width: 300px) 100vw, 300px\" src=\"data:image\/svg+xml;base64,PHN2ZyB3aWR0aD0iMSIgaGVpZ2h0PSIxIiB4bWxucz0iaHR0cDovL3d3dy53My5vcmcvMjAwMC9zdmciPjwvc3ZnPg==\" style=\"--smush-placeholder-width: 300px; --smush-placeholder-aspect-ratio: 300\/187;\" \/><\/p>\n<p style=\"text-align: justify;\">Por Felix Rubio :<\/p>\n<p style=\"text-align: justify;\">Washington, DC.- El presidente Luis Abinader hablar\u00e1 esta tarde ante los miembros de la Sesi\u00f3n Permanente de la Organizaci\u00f3n de Estados Americanos (OEA), con sede en esta capital.<\/p>\n<p style=\"text-align: justify;\">El mandatario dominicano, agotar\u00e1 un turno de aproximadamente 25 minutos, para exponer ante los integrantes del organismo sobre diferentes t\u00f3picos, entre ellos la crisis en el vecino Hait\u00ed.<\/p>\n<p style=\"text-align: justify;\">El presidente Abinader tiene previsto arribar a la sede de la OEA a las 4:45 para una reuni\u00f3n previa con el secretario general Luis Almagro.<\/p>\n<p style=\"text-align: justify;\">Para las 5:00 de la tarde est\u00e1 programado el discurso del presidente dominicano que ser\u00e1 trasmitido por varios canales de televisi\u00f3n y las redes gubernamentales.<\/p>\n<p style=\"text-align: justify;\">Junto al presidente Abinader estar\u00e1n el canciller Roberto \u00c1lvarez, la embajadora en Washington, Sonia Guzm\u00e1n y el asesor en pol\u00edtica exterior Jos\u00e9 Singer.<\/p>\n","protected":false},"excerpt":{"rendered":"<p>Por Felix Rubio : Washington, DC.- El presidente Luis Abinader hablar\u00e1 esta tarde ante los<\/p>\n","protected":false},"author":4,"featured_media":0,"comment_status":"open","ping_status":"open","sticky":false,"template":"","format":"standard","meta":{"footnotes":""},"categories":[16],"tags":[],"class_list":["post-1762","post","type-post","status-publish","format-standard","hentry","category-internacionales"],"_links":{"self":[{"href":"https:\/\/defrentealaverdad.com\/index.php\/wp-json\/wp\/v2\/posts\/1762","targetHints":{"allow":["GET"]}}],"collection":[{"href":"https:\/\/defrentealaverdad.com\/index.php\/wp-json\/wp\/v2\/posts"}],"about":[{"href":"https:\/\/defrentealaverdad.com\/index.php\/wp-json\/wp\/v2\/types\/post"}],"author":[{"embeddable":true,"href":"https:\/\/defrentealaverdad.com\/index.php\/wp-json\/wp\/v2\/users\/4"}],"replies":[{"embeddable":true,"href":"https:\/\/defrentealaverdad.com\/index.php\/wp-json\/wp\/v2\/comments?post=1762"}],"version-history":[{"count":3,"href":"https:\/\/defrentealaverdad.com\/index.php\/wp-json\/wp\/v2\/posts\/1762\/revisions"}],"predecessor-version":[{"id":1774,"href":"https:\/\/defrentealaverdad.com\/index.php\/wp-json\/wp\/v2\/posts\/1762\/revisions\/1774"}],"wp:attachment":[{"href":"https:\/\/defrentealaverdad.com\/index.php\/wp-json\/wp\/v2\/media?parent=1762"}],"wp:term":[{"taxonomy":"category","embeddable":true,"href":"https:\/\/defrentealaverdad.com\/index.php\/wp-json\/wp\/v2\/categories?post=1762"},{"taxonomy":"post_tag","embeddable":true,"href":"https:\/\/defrentealaverdad.com\/index.php\/wp-json\/wp\/v2\/tags?post=1762"}],"curies":[{"name":"wp","href":"https:\/\/api.w.org\/{rel}","templated":true}]}}