{"id":1751,"date":"2022-09-14T14:39:21","date_gmt":"2022-09-14T14:39:21","guid":{"rendered":"https:\/\/defrentealaverdad.com\/?p=1751"},"modified":"2022-09-14T14:40:27","modified_gmt":"2022-09-14T14:40:27","slug":"comunicadora-dominicana-imparte-taller-de-locucion-en-universidad-evangelica-de-bolivia","status":"publish","type":"post","link":"https:\/\/defrentealaverdad.com\/index.php\/2022\/09\/14\/comunicadora-dominicana-imparte-taller-de-locucion-en-universidad-evangelica-de-bolivia\/","title":{"rendered":"Comunicadora dominicana imparte taller de locuci\u00f3n en Universidad Evang\u00e9lica de Bolivia"},"content":{"rendered":"<p style=\"text-align: justify;\"><img decoding=\"async\" class=\"size-medium wp-image-1752 aligncenter lazyload\" data-src=\"https:\/\/defrentealaverdad.com\/wp-content\/uploads\/2022\/09\/Angela-300x225.jpg\" alt=\"\" width=\"300\" height=\"225\" data-srcset=\"https:\/\/defrentealaverdad.com\/wp-content\/uploads\/2022\/09\/Angela-300x225.jpg 300w, https:\/\/defrentealaverdad.com\/wp-content\/uploads\/2022\/09\/Angela-1024x768.jpg 1024w, https:\/\/defrentealaverdad.com\/wp-content\/uploads\/2022\/09\/Angela-768x576.jpg 768w, https:\/\/defrentealaverdad.com\/wp-content\/uploads\/2022\/09\/Angela-720x540.jpg 720w, https:\/\/defrentealaverdad.com\/wp-content\/uploads\/2022\/09\/Angela.jpg 1280w\" data-sizes=\"(max-width: 300px) 100vw, 300px\" src=\"data:image\/svg+xml;base64,PHN2ZyB3aWR0aD0iMSIgaGVpZ2h0PSIxIiB4bWxucz0iaHR0cDovL3d3dy53My5vcmcvMjAwMC9zdmciPjwvc3ZnPg==\" style=\"--smush-placeholder-width: 300px; --smush-placeholder-aspect-ratio: 300\/225;\" \/><\/p>\n<p style=\"text-align: justify;\">Rep\u00fablica Dominicana. 13 de septiembre de 2022.\u00a0Desde la Rep\u00fablica Dominicana la comunicadora, y locutora radial \u00c1ngela Rodr\u00edguez lleg\u00f3 a la ciudad de Santa Cruz, Bolivia, para compartir junto a la Universidad Evang\u00e9lica Boliviana y los principales medios de comunicaci\u00f3n de la ciudad el taller internacional: Herramientas de locuci\u00f3n para comunicadores.<\/p>\n<p style=\"text-align: justify;\">\n<p style=\"text-align: justify;\"><b>\u00abLa comunicaci\u00f3n es un ejercicio que se eleva cuando nos preparamos y actualizamos a las exigencias de los tiempos. Las t\u00e9cnicas siguen siendo las mismas pero las herramientas han cambiado y ahora tenemos el reto de que nuestros proyectos tengan cada vez m\u00e1s calidad y relevancia.\u00bb Afirma \u00c1ngela Rodr\u00edguez,\u00a0<\/b>quien fue la disertante de los talleres que se impartieron los d\u00edas 8, 9 y 10 de septiembre en el Auditorio de Artes de la UEB.\u00a0<b>\u201d<\/b>\u00a0Herramientas de locuci\u00f3n para comunicadores\u201d m\u00e1s que un taller te\u00f3rico fue una experiencia cargada de pr\u00e1cticas que hicieron del taller un contenido de valor para los comunicadores cruce\u00f1os que se dieron cita. Temas como: La Voz, usos y cuidados, as\u00ed como, maestr\u00edas de ceremonias y herramientas de producci\u00f3n para Radio, TV y P\u00f3dcast fueron los ejes principales de esta jornada de 3 d\u00edas para los m\u00e1s de 200 asistentes.<\/p>\n<p style=\"text-align: justify;\"><b> <img decoding=\"async\" class=\"size-medium wp-image-1753 aligncenter lazyload\" data-src=\"https:\/\/defrentealaverdad.com\/wp-content\/uploads\/2022\/09\/Estudiantes-300x225.jpg\" alt=\"\" width=\"300\" height=\"225\" data-srcset=\"https:\/\/defrentealaverdad.com\/wp-content\/uploads\/2022\/09\/Estudiantes-300x225.jpg 300w, https:\/\/defrentealaverdad.com\/wp-content\/uploads\/2022\/09\/Estudiantes-1024x768.jpg 1024w, https:\/\/defrentealaverdad.com\/wp-content\/uploads\/2022\/09\/Estudiantes-768x576.jpg 768w, https:\/\/defrentealaverdad.com\/wp-content\/uploads\/2022\/09\/Estudiantes-720x540.jpg 720w, https:\/\/defrentealaverdad.com\/wp-content\/uploads\/2022\/09\/Estudiantes.jpg 1280w\" data-sizes=\"(max-width: 300px) 100vw, 300px\" src=\"data:image\/svg+xml;base64,PHN2ZyB3aWR0aD0iMSIgaGVpZ2h0PSIxIiB4bWxucz0iaHR0cDovL3d3dy53My5vcmcvMjAwMC9zdmciPjwvc3ZnPg==\" style=\"--smush-placeholder-width: 300px; --smush-placeholder-aspect-ratio: 300\/225;\" \/><\/b><\/p>\n<p style=\"text-align: justify;\">Bajo la coordinaci\u00f3n de la Lic. Roxana Romero, directora de Radio Educativa 100.3 FM perteneciente a la alta casa de estudios Boliviana y el apoyo de la Federaci\u00f3n sindical de Trabajadores de la Prensa de Santa Cruz en la persona de su director Jos\u00e9 Luis Patuy, el Colegio de comunicadores sociales, destacando tambi\u00e9n el apoyo de figuras de la comunicaci\u00f3n Boliviana que hicieron presencia en marcado apoyo al desarrollo profesional de los bolivianos, entre ellos el presentador de eventos multitudinarios Reyes Seleme, la modelo, comunicadora e influencers Desir\u00e9 Duran y la comunicadora Linda Gonz\u00e1lez.<\/p>\n<p style=\"text-align: justify;\">\n<p style=\"text-align: justify;\"><b>Sobre\u00a0<\/b><b>\u00c1ngela Rodr\u00edguez<\/b><\/p>\n<p style=\"text-align: justify;\">Comunicadora, Locutora y productora radial, facilitadora de talleres y conferencias internacionales, Asesora Corporativa y Relacionista P\u00fablica, Presidente de la Asociaci\u00f3n Dominicana de Comunicadores Cristianos (ADOCOC) filial La Altagracia, Sec. De Educaci\u00f3n y asuntos culturales de ADOCOC Nacional, miembro de la Confederaci\u00f3n Iberoamericana de Comunicadoras Hispanas y miembro de la Comisi\u00f3n Nacional de Espect\u00e1culos P\u00fablicos y Radiofon\u00eda.<\/p>\n<p style=\"text-align: justify;\">\n<p style=\"text-align: justify;\">Ha trabajado en la asesor\u00eda corporativa de un sinn\u00famero de Startup en la Rep\u00fablica Dominicana, adem\u00e1s de colaborar en programas de emprendimiento a trav\u00e9s de Radio FUNGLODE, radica en la ciudad de Hig\u00fcey, Provincia La Altagracia, Rep\u00fablica Dominicana.<\/p>\n<p style=\"text-align: justify;\">\n<p style=\"text-align: justify;\">Desde el a\u00f1o 2019 trabaja en la representaci\u00f3n y promoci\u00f3n de artistas y escritores internacionalmente, su propuesta Radial O\u00edr de Fe, la cual se transmite en Radio La Voz De La Luz 88.7 FM y KS Radio nominada y ganadora en m\u00faltiples ocasiones en los premios El Galard\u00f3n, m\u00e1ximo reconocimiento a la comunicaci\u00f3n y arte Cristiano de la Rep\u00fablica Dominicana.<\/p>\n<p>&nbsp;<\/p>\n<div class=\"yj6qo\" style=\"text-align: justify;\">Fuente: Admirable Group Agency<\/div>\n<div class=\"adL\"><\/div>\n","protected":false},"excerpt":{"rendered":"<p>Rep\u00fablica Dominicana. 13 de septiembre de 2022.\u00a0Desde la Rep\u00fablica Dominicana la comunicadora, y locutora radial<\/p>\n","protected":false},"author":2,"featured_media":0,"comment_status":"open","ping_status":"open","sticky":false,"template":"","format":"standard","meta":{"footnotes":""},"categories":[6,16],"tags":[],"class_list":["post-1751","post","type-post","status-publish","format-standard","hentry","category-espectaculos","category-internacionales"],"_links":{"self":[{"href":"https:\/\/defrentealaverdad.com\/index.php\/wp-json\/wp\/v2\/posts\/1751","targetHints":{"allow":["GET"]}}],"collection":[{"href":"https:\/\/defrentealaverdad.com\/index.php\/wp-json\/wp\/v2\/posts"}],"about":[{"href":"https:\/\/defrentealaverdad.com\/index.php\/wp-json\/wp\/v2\/types\/post"}],"author":[{"embeddable":true,"href":"https:\/\/defrentealaverdad.com\/index.php\/wp-json\/wp\/v2\/users\/2"}],"replies":[{"embeddable":true,"href":"https:\/\/defrentealaverdad.com\/index.php\/wp-json\/wp\/v2\/comments?post=1751"}],"version-history":[{"count":3,"href":"https:\/\/defrentealaverdad.com\/index.php\/wp-json\/wp\/v2\/posts\/1751\/revisions"}],"predecessor-version":[{"id":1756,"href":"https:\/\/defrentealaverdad.com\/index.php\/wp-json\/wp\/v2\/posts\/1751\/revisions\/1756"}],"wp:attachment":[{"href":"https:\/\/defrentealaverdad.com\/index.php\/wp-json\/wp\/v2\/media?parent=1751"}],"wp:term":[{"taxonomy":"category","embeddable":true,"href":"https:\/\/defrentealaverdad.com\/index.php\/wp-json\/wp\/v2\/categories?post=1751"},{"taxonomy":"post_tag","embeddable":true,"href":"https:\/\/defrentealaverdad.com\/index.php\/wp-json\/wp\/v2\/tags?post=1751"}],"curies":[{"name":"wp","href":"https:\/\/api.w.org\/{rel}","templated":true}]}}