{"id":17508,"date":"2024-05-27T23:41:49","date_gmt":"2024-05-27T23:41:49","guid":{"rendered":"https:\/\/defrentealaverdad.com\/?p=17508"},"modified":"2024-06-02T23:43:09","modified_gmt":"2024-06-02T23:43:09","slug":"rd-va-rumbo-a-11-millones-de-turistas-en-2024","status":"publish","type":"post","link":"https:\/\/defrentealaverdad.com\/index.php\/2024\/05\/27\/rd-va-rumbo-a-11-millones-de-turistas-en-2024\/","title":{"rendered":"RD va rumbo a 11 millones de turistas en 2024"},"content":{"rendered":"<div class=\"td_block_wrap tdb_single_author tdi_58 td-pb-border-top td_block_template_1 tdb-post-meta\" data-td-block-uid=\"tdi_58\"><\/div>\n<div class=\"td_block_wrap tdb_single_post_share tdi_62 td-pb-border-top td_block_template_1\" data-td-block-uid=\"tdi_62\">\n<div id=\"tdi_62\" class=\"td-post-sharing tdb-block td-ps-bg td-ps-padding td-post-sharing-style2 \">\n<div class=\"td-post-sharing-visible\">\n<div class=\"td-social-but-text\" style=\"text-align: justify;\"><\/div>\n<\/div>\n<\/div>\n<\/div>\n<div class=\"td_block_wrap tdb_single_featured_image tdi_63 tdb-content-horiz-left td-pb-border-top td_block_template_1\" style=\"text-align: justify;\" data-td-block-uid=\"tdi_63\">\n<div class=\"tdb-block-inner td-fix-index\"><img decoding=\"async\" class=\"entry-thumb aligncenter lazyload\" title=\"IMG_2119\" data-src=\"https:\/\/i0.wp.com\/pinceldigital.do\/wp-content\/uploads\/2024\/05\/IMG_2119.jpeg?resize=696%2C522&amp;ssl=1\" data-sizes=\"(max-width: 696px) 100vw, 696px\" data-srcset=\"https:\/\/i0.wp.com\/pinceldigital.do\/wp-content\/uploads\/2024\/05\/IMG_2119.jpeg?w=1920&amp;ssl=1 1920w, https:\/\/i0.wp.com\/pinceldigital.do\/wp-content\/uploads\/2024\/05\/IMG_2119.jpeg?resize=300%2C225&amp;ssl=1 300w, https:\/\/i0.wp.com\/pinceldigital.do\/wp-content\/uploads\/2024\/05\/IMG_2119.jpeg?resize=1024%2C768&amp;ssl=1 1024w, https:\/\/i0.wp.com\/pinceldigital.do\/wp-content\/uploads\/2024\/05\/IMG_2119.jpeg?resize=768%2C576&amp;ssl=1 768w, https:\/\/i0.wp.com\/pinceldigital.do\/wp-content\/uploads\/2024\/05\/IMG_2119.jpeg?resize=1536%2C1152&amp;ssl=1 1536w, https:\/\/i0.wp.com\/pinceldigital.do\/wp-content\/uploads\/2024\/05\/IMG_2119.jpeg?resize=696%2C522&amp;ssl=1 696w, https:\/\/i0.wp.com\/pinceldigital.do\/wp-content\/uploads\/2024\/05\/IMG_2119.jpeg?resize=1068%2C801&amp;ssl=1 1068w, https:\/\/i0.wp.com\/pinceldigital.do\/wp-content\/uploads\/2024\/05\/IMG_2119.jpeg?resize=560%2C420&amp;ssl=1 560w, https:\/\/i0.wp.com\/pinceldigital.do\/wp-content\/uploads\/2024\/05\/IMG_2119.jpeg?resize=80%2C60&amp;ssl=1 80w, https:\/\/i0.wp.com\/pinceldigital.do\/wp-content\/uploads\/2024\/05\/IMG_2119.jpeg?resize=265%2C198&amp;ssl=1 265w, https:\/\/i0.wp.com\/pinceldigital.do\/wp-content\/uploads\/2024\/05\/IMG_2119.jpeg?w=1392&amp;ssl=1 1392w\" alt=\"\" width=\"696\" height=\"522\" src=\"data:image\/svg+xml;base64,PHN2ZyB3aWR0aD0iMSIgaGVpZ2h0PSIxIiB4bWxucz0iaHR0cDovL3d3dy53My5vcmcvMjAwMC9zdmciPjwvc3ZnPg==\" style=\"--smush-placeholder-width: 696px; --smush-placeholder-aspect-ratio: 696\/522;\" \/>El ministro de Turismo inform\u00f3 que en los primeros 4 meses de este a\u00f1o el pa\u00eds alcanz\u00f3 la hist\u00f3rica cifra de 4,178,683 visitantes.<\/div>\n<\/div>\n<div class=\"td_block_wrap tdb_single_content tdi_64 td-pb-border-top td_block_template_1 td-post-content tagdiv-type\" data-td-block-uid=\"tdi_64\">\n<div class=\"tdb-block-inner td-fix-index\">\n<p style=\"text-align: justify;\">Santo Domingo.-El turismo Dominicano contin\u00faa con su crecimiento sostenible al alcanzar la hist\u00f3rica cifra de 4,178,683 visitantes, en los primeros 4 meses del a\u00f1o, lo que proyecta que este a\u00f1o se supere la llagada de m\u00e1s de 11 millones de visitantes.<\/p>\n<p style=\"text-align: justify;\">As\u00ed lo inform\u00f3 este lunes el ministro de Turismo, David Collado, en su tradicional conferencia de prensa donde da a conocer el comportamiento de la industria, que se llev\u00f3 a cabo en un hotel de la capital dominicana.<\/p>\n<p style=\"text-align: justify;\">El funcionario dijo que en los meses enero-abril el pa\u00eds recibi\u00f3 3,039,302 turistas por la v\u00eda a\u00e9rea, lo que representa un crecimiento un 10% con relaci\u00f3n al mismo per\u00edodo del 2023, 24% respecto al 2019 y un 30% en comparaci\u00f3n al 2018.<\/p>\n<p style=\"text-align: justify;\">Respecto a los cruceristas, Collado inform\u00f3 que en los primeros 4 meses de este a\u00f1o el pa\u00eds recibi\u00f3 1,139,381 visitantes por la v\u00eda mar\u00edtima, lo que representa un incremento de 15% respecto al 2023, 173% con relaci\u00f3n al 2022 y un 234% con frente al 2019.<\/p>\n<p style=\"text-align: justify;\">\u00abEsas llegadas nos dan el gran n\u00famero, 4,178,683 visitantes en los primeros cuatro meses de este a\u00f1o, otro r\u00e9cord m\u00e1s\u00bb, dijo el ministro de Turismo.<\/p>\n<p style=\"text-align: justify;\">La llegada de 4,178,683 visitantes representa un crecimiento de un 12% respecto al mismo per\u00edodo del 2023, 52% frente al 2022 y 43% con relaci\u00f3n al 2019.<\/p>\n<p style=\"text-align: justify;\">Indic\u00f3 que solo en abril el pa\u00eds recibi\u00f3 704,740 turistas, v\u00eda a\u00e9rea, lo que representa un crecimiento de 3% con relaci\u00f3n al mismo mes del 2023, 12% respecto 2022 y un 20% frente 2019.<\/p>\n<p style=\"text-align: justify;\">En abril la llegada cruceristas fue de 248,459, lo que significa un crecimiento de un 37% respecto al mismo mes del 2023, 175% frente al 2022 y un 234% con relaci\u00f3n al 2019, manifest\u00f3 el funcionario.<\/p>\n<p style=\"text-align: justify;\">Los tres pa\u00edses que m\u00e1s visitantes aportaron en el abril fueron Estados Unidos con un 53%, Canad\u00e1 con 18% y Colombia con un 3%.<\/p>\n<p>Fuente: Pincel Digital<\/p>\n<\/div>\n<\/div>\n","protected":false},"excerpt":{"rendered":"<p>El ministro de Turismo inform\u00f3 que en los primeros 4 meses de este a\u00f1o el<\/p>\n","protected":false},"author":4,"featured_media":0,"comment_status":"open","ping_status":"open","sticky":false,"template":"","format":"standard","meta":{"footnotes":""},"categories":[11],"tags":[],"class_list":["post-17508","post","type-post","status-publish","format-standard","hentry","category-turismo"],"_links":{"self":[{"href":"https:\/\/defrentealaverdad.com\/index.php\/wp-json\/wp\/v2\/posts\/17508","targetHints":{"allow":["GET"]}}],"collection":[{"href":"https:\/\/defrentealaverdad.com\/index.php\/wp-json\/wp\/v2\/posts"}],"about":[{"href":"https:\/\/defrentealaverdad.com\/index.php\/wp-json\/wp\/v2\/types\/post"}],"author":[{"embeddable":true,"href":"https:\/\/defrentealaverdad.com\/index.php\/wp-json\/wp\/v2\/users\/4"}],"replies":[{"embeddable":true,"href":"https:\/\/defrentealaverdad.com\/index.php\/wp-json\/wp\/v2\/comments?post=17508"}],"version-history":[{"count":2,"href":"https:\/\/defrentealaverdad.com\/index.php\/wp-json\/wp\/v2\/posts\/17508\/revisions"}],"predecessor-version":[{"id":17510,"href":"https:\/\/defrentealaverdad.com\/index.php\/wp-json\/wp\/v2\/posts\/17508\/revisions\/17510"}],"wp:attachment":[{"href":"https:\/\/defrentealaverdad.com\/index.php\/wp-json\/wp\/v2\/media?parent=17508"}],"wp:term":[{"taxonomy":"category","embeddable":true,"href":"https:\/\/defrentealaverdad.com\/index.php\/wp-json\/wp\/v2\/categories?post=17508"},{"taxonomy":"post_tag","embeddable":true,"href":"https:\/\/defrentealaverdad.com\/index.php\/wp-json\/wp\/v2\/tags?post=17508"}],"curies":[{"name":"wp","href":"https:\/\/api.w.org\/{rel}","templated":true}]}}