{"id":1746,"date":"2022-09-13T22:01:01","date_gmt":"2022-09-13T22:01:01","guid":{"rendered":"https:\/\/defrentealaverdad.com\/?p=1746"},"modified":"2024-11-19T19:27:56","modified_gmt":"2024-11-19T19:27:56","slug":"1746","status":"publish","type":"post","link":"https:\/\/defrentealaverdad.com\/index.php\/2022\/09\/13\/1746\/","title":{"rendered":"El Mayor General Fern\u00e1ndez Onofre, realiza recorrido de supervisi\u00f3n por la Fortaleza Enriquillo"},"content":{"rendered":"<p><img decoding=\"async\" class=\"alignnone size-medium wp-image-1747 lazyload\" data-src=\"https:\/\/defrentealaverdad.com\/wp-content\/uploads\/2022\/09\/WhatsApp-Image-2022-09-13-at-5.57.20-PM-1-300x200.jpeg\" alt=\"\" width=\"300\" height=\"200\" data-srcset=\"https:\/\/defrentealaverdad.com\/wp-content\/uploads\/2022\/09\/WhatsApp-Image-2022-09-13-at-5.57.20-PM-1-300x200.jpeg 300w, https:\/\/defrentealaverdad.com\/wp-content\/uploads\/2022\/09\/WhatsApp-Image-2022-09-13-at-5.57.20-PM-1-1024x682.jpeg 1024w, https:\/\/defrentealaverdad.com\/wp-content\/uploads\/2022\/09\/WhatsApp-Image-2022-09-13-at-5.57.20-PM-1-768x512.jpeg 768w, https:\/\/defrentealaverdad.com\/wp-content\/uploads\/2022\/09\/WhatsApp-Image-2022-09-13-at-5.57.20-PM-1-1536x1023.jpeg 1536w, https:\/\/defrentealaverdad.com\/wp-content\/uploads\/2022\/09\/WhatsApp-Image-2022-09-13-at-5.57.20-PM-1.jpeg 1600w\" data-sizes=\"(max-width: 300px) 100vw, 300px\" src=\"data:image\/svg+xml;base64,PHN2ZyB3aWR0aD0iMSIgaGVpZ2h0PSIxIiB4bWxucz0iaHR0cDovL3d3dy53My5vcmcvMjAwMC9zdmciPjwvc3ZnPg==\" style=\"--smush-placeholder-width: 300px; --smush-placeholder-aspect-ratio: 300\/200;\" \/><img decoding=\"async\" class=\"alignnone size-medium wp-image-1748 lazyload\" data-src=\"https:\/\/defrentealaverdad.com\/wp-content\/uploads\/2022\/09\/WhatsApp-Image-2022-09-13-at-5.57.20-PM-300x200.jpeg\" alt=\"\" width=\"300\" height=\"200\" data-srcset=\"https:\/\/defrentealaverdad.com\/wp-content\/uploads\/2022\/09\/WhatsApp-Image-2022-09-13-at-5.57.20-PM-300x200.jpeg 300w, https:\/\/defrentealaverdad.com\/wp-content\/uploads\/2022\/09\/WhatsApp-Image-2022-09-13-at-5.57.20-PM-1024x682.jpeg 1024w, https:\/\/defrentealaverdad.com\/wp-content\/uploads\/2022\/09\/WhatsApp-Image-2022-09-13-at-5.57.20-PM-768x512.jpeg 768w, https:\/\/defrentealaverdad.com\/wp-content\/uploads\/2022\/09\/WhatsApp-Image-2022-09-13-at-5.57.20-PM-1536x1023.jpeg 1536w, https:\/\/defrentealaverdad.com\/wp-content\/uploads\/2022\/09\/WhatsApp-Image-2022-09-13-at-5.57.20-PM.jpeg 1600w\" data-sizes=\"(max-width: 300px) 100vw, 300px\" src=\"data:image\/svg+xml;base64,PHN2ZyB3aWR0aD0iMSIgaGVpZ2h0PSIxIiB4bWxucz0iaHR0cDovL3d3dy53My5vcmcvMjAwMC9zdmciPjwvc3ZnPg==\" style=\"--smush-placeholder-width: 300px; --smush-placeholder-aspect-ratio: 300\/200;\" \/><\/p>\n<p>Por Felix Rubio :<\/p>\n<p style=\"text-align: justify;\">El Comandante General del Ej\u00e9rcito, Mayor General Carlos Antonio Fern\u00e1ndez Onofre, realiz\u00f3 un recorrido de supervisi\u00f3n por la Fortaleza Enriquillo, en Pedernales, sede del 16to. Batall\u00f3n de la 5ta. Brigada de Infanter\u00eda, con el fin de supervisar la listeza operacional de los soldados en la zona, as\u00ed como comprobar las condiciones de las infraestructuras para identificar oportunidades de mejora que permitan fortalecer las capacidades operativas de los miembros de la instituci\u00f3n, y elevar los niveles de seguridad de la regi\u00f3n.<\/p>\n<p style=\"text-align: justify;\">Visit\u00f3 adem\u00e1s la puerta de cruce formal, en Pedernales, que da acceso a la Rep\u00fablica de Hait\u00ed, as\u00ed como los destacamentos y puestos de chequeo del Embalse, Paso Sena, Cabo Rojo, Arrollo Dulce, Oviedo y Capit\u00e1n Inoa Nina, instalaciones que son de importancia en la zona ante los proyectos de inversi\u00f3n y desarrollo de esa provincia.<\/p>\n<p style=\"text-align: justify;\">El Comandante General del Ej\u00e9rcito aprovech\u00f3 esta visita para reunirse con la gobernadora provincial de Pedernales, la Se\u00f1ora Altagracia Miriam Brea de Gonz\u00e1lez, con la finalidad de estrechar relaciones y proporcionar una l\u00ednea directa que pueda contribuir a un mejor desempe\u00f1o de las unidades del Ej\u00e9rcito en la regi\u00f3n.<\/p>\n<p style=\"text-align: justify;\">Durante el recorrido le acompa\u00f1aron los Generales de Brigada Enrique Aguilera Trujillo, Jorge Luis Morel De Dios y Luis Alberto Coronado Abreu, Comandante de la 5ta Brigada de Infanter\u00eda, Oficial Auxiliar de Inteligencia G-2 y Supervisor General de los trabajos de construcci\u00f3n del muro fronterizo, respectivamente, as\u00ed como otros miembros del Estado Mayor de la instituci\u00f3n.<\/p>\n","protected":false},"excerpt":{"rendered":"<p>Por Felix Rubio : El Comandante General del Ej\u00e9rcito, Mayor General Carlos Antonio Fern\u00e1ndez Onofre,<\/p>\n","protected":false},"author":4,"featured_media":0,"comment_status":"open","ping_status":"open","sticky":false,"template":"","format":"standard","meta":{"footnotes":""},"categories":[7],"tags":[],"class_list":["post-1746","post","type-post","status-publish","format-standard","hentry","category-nacionales"],"_links":{"self":[{"href":"https:\/\/defrentealaverdad.com\/index.php\/wp-json\/wp\/v2\/posts\/1746","targetHints":{"allow":["GET"]}}],"collection":[{"href":"https:\/\/defrentealaverdad.com\/index.php\/wp-json\/wp\/v2\/posts"}],"about":[{"href":"https:\/\/defrentealaverdad.com\/index.php\/wp-json\/wp\/v2\/types\/post"}],"author":[{"embeddable":true,"href":"https:\/\/defrentealaverdad.com\/index.php\/wp-json\/wp\/v2\/users\/4"}],"replies":[{"embeddable":true,"href":"https:\/\/defrentealaverdad.com\/index.php\/wp-json\/wp\/v2\/comments?post=1746"}],"version-history":[{"count":3,"href":"https:\/\/defrentealaverdad.com\/index.php\/wp-json\/wp\/v2\/posts\/1746\/revisions"}],"predecessor-version":[{"id":1777,"href":"https:\/\/defrentealaverdad.com\/index.php\/wp-json\/wp\/v2\/posts\/1746\/revisions\/1777"}],"wp:attachment":[{"href":"https:\/\/defrentealaverdad.com\/index.php\/wp-json\/wp\/v2\/media?parent=1746"}],"wp:term":[{"taxonomy":"category","embeddable":true,"href":"https:\/\/defrentealaverdad.com\/index.php\/wp-json\/wp\/v2\/categories?post=1746"},{"taxonomy":"post_tag","embeddable":true,"href":"https:\/\/defrentealaverdad.com\/index.php\/wp-json\/wp\/v2\/tags?post=1746"}],"curies":[{"name":"wp","href":"https:\/\/api.w.org\/{rel}","templated":true}]}}