{"id":1733,"date":"2022-09-13T14:54:23","date_gmt":"2022-09-13T14:54:23","guid":{"rendered":"https:\/\/defrentealaverdad.com\/?p=1733"},"modified":"2022-09-13T14:54:32","modified_gmt":"2022-09-13T14:54:32","slug":"codia-higuey-apoya-declaraciones-del-presidente-nacional-sobre-salarios-de-profesionales-del-gremio","status":"publish","type":"post","link":"https:\/\/defrentealaverdad.com\/index.php\/2022\/09\/13\/codia-higuey-apoya-declaraciones-del-presidente-nacional-sobre-salarios-de-profesionales-del-gremio\/","title":{"rendered":"CODIA Hig\u00fcey apoya declaraciones del Presidente Nacional sobre salarios de profesionales del gremio."},"content":{"rendered":"<p style=\"text-align: justify;\"><img decoding=\"async\" class=\"alignnone size-medium wp-image-1734 lazyload\" data-src=\"https:\/\/defrentealaverdad.com\/wp-content\/uploads\/2022\/09\/WhatsApp-Image-2022-09-13-at-09.33.30-217x300.jpeg\" alt=\"\" width=\"217\" height=\"300\" data-srcset=\"https:\/\/defrentealaverdad.com\/wp-content\/uploads\/2022\/09\/WhatsApp-Image-2022-09-13-at-09.33.30-217x300.jpeg 217w, https:\/\/defrentealaverdad.com\/wp-content\/uploads\/2022\/09\/WhatsApp-Image-2022-09-13-at-09.33.30.jpeg 277w\" data-sizes=\"(max-width: 217px) 100vw, 217px\" src=\"data:image\/svg+xml;base64,PHN2ZyB3aWR0aD0iMSIgaGVpZ2h0PSIxIiB4bWxucz0iaHR0cDovL3d3dy53My5vcmcvMjAwMC9zdmciPjwvc3ZnPg==\" style=\"--smush-placeholder-width: 217px; --smush-placeholder-aspect-ratio: 217\/300;\" \/><\/p>\n<p style=\"text-align: justify;\">Rep\u00fablica Dominicana. 12 de septiembre 2022. El presidente del CODIA Hig\u00fcey, <strong>Ing. Iv\u00e1n Castr<\/strong>o, declaro a la opini\u00f3n p\u00fablica su apoyo a las declaraciones del presidente nacional del CODIA, <strong>Ing. Cristian Rojas,<\/strong> en materia de los bajos salarios que devengan muchos de los profesionales que re\u00fane este gremio, y mostr\u00f3 esperanzas de que pronto se pueda lograr una soluci\u00f3n digna a tan justo reclamo.<\/p>\n<p style=\"text-align: justify;\">El Ing. Castro, de igual forma, hace referencias a la necesidad de que no solo el Estado se comprometa y ayude a erradicar el sueldo cebolla en los profesionales de la construcci\u00f3n, sino que tambi\u00e9n el empresariado nacional d\u00e9 los pasos correspondientes para que, dadas las circunstancias globales de los precios y el costo de vida, nuestros colegiados logren alcanzar sueldos dignos del nivel profesional que requieren los que construyen el futuro de la naci\u00f3n.<\/p>\n<p style=\"text-align: justify;\">Castro explic\u00f3 que se hace necesario establecer formas de acercamiento entre el CODIA, los empresarios del sector y el Estado, para lograr avanzar en materia de cumplir con lo estipulado por la ley sobre la defensa del ejercicio profesional, la transparencia del cobro de las tasas profesionales y el cumplimiento del debido proceso por parte de todo aquel que requiera ejecutar una obra de construcci\u00f3n en el territorio Nacional, y as\u00ed lograr, de manera mancomunada y efectiva (CODIA-EMPRESARIOS-GOBIERNO) la erradicaci\u00f3n de las obras ilegales a nivel nacional. Adem\u00e1s, dijo que se hace necesario una modernizaci\u00f3n y actualizaci\u00f3n de las leyes org\u00e1nicas del <strong>Colegio Dominicano de Ingenieros, Arquitectos y Agrimensores,<\/strong> 6200 y 6160, que datan de principios de la d\u00e9cada de los 60, y que requiere ser adaptada a la actualidad local y mundial.<\/p>\n<p style=\"text-align: justify;\"><strong>Sobre el CODIA delegaci\u00f3n HIGUEY <\/strong><\/p>\n<p style=\"text-align: justify;\"><img decoding=\"async\" class=\"alignnone size-medium wp-image-1735 lazyload\" data-src=\"https:\/\/defrentealaverdad.com\/wp-content\/uploads\/2022\/09\/WhatsApp-Image-2022-09-13-at-09.33.30-1-300x172.jpeg\" alt=\"\" width=\"300\" height=\"172\" data-srcset=\"https:\/\/defrentealaverdad.com\/wp-content\/uploads\/2022\/09\/WhatsApp-Image-2022-09-13-at-09.33.30-1-300x172.jpeg 300w, https:\/\/defrentealaverdad.com\/wp-content\/uploads\/2022\/09\/WhatsApp-Image-2022-09-13-at-09.33.30-1-768x442.jpeg 768w, https:\/\/defrentealaverdad.com\/wp-content\/uploads\/2022\/09\/WhatsApp-Image-2022-09-13-at-09.33.30-1.jpeg 774w\" data-sizes=\"(max-width: 300px) 100vw, 300px\" src=\"data:image\/svg+xml;base64,PHN2ZyB3aWR0aD0iMSIgaGVpZ2h0PSIxIiB4bWxucz0iaHR0cDovL3d3dy53My5vcmcvMjAwMC9zdmciPjwvc3ZnPg==\" style=\"--smush-placeholder-width: 300px; --smush-placeholder-aspect-ratio: 300\/172;\" \/><\/p>\n<p style=\"text-align: justify;\">El pasado 27 de agosto del presente 2022 el Colegio Dominicano de Ingenieros, Arquitectos y Agrimensores de la delegaci\u00f3n Higuey juramento una nueva directiva bajo la presidencia del<\/p>\n<p style=\"text-align: justify;\">Ing. Civil Iv\u00e1n Castro y un equipo de hombres y mujeres que est\u00e1n dispuestos a dar los pasos de lugar para lograr las metas que esta directiva se ha propuesto con el apoyo de profesionales que apoyan la gesti\u00f3n, entre los que se encuentran los directivos actuales y los expresidentes de la pujante Delegaci\u00f3n del CODIA HIGUEY: Arq. Ana Richiez, Arq. Viviana Del Rosario, Ing. Luis Bastardo, el IEM Genner Garrido, Agrim. Jos\u00e9 Luis S\u00e1nchez, el Ing. Agr\u00f3nomo Piro \u00c1vila, Ing. Manuel Alejandro Castillo, Agrim. Anderson Japa, ing. Agri. William Villegas, IEM Cesar Esterlin Caraballo, el Agrimensor Oquelis Montero, el Ingeniero Agr\u00f3nomo, Marcos Rodr\u00edguez, Agri. Cesar Nu\u00f1ez, Arq. Denis Mercedes, el Ing. Reinaldo Mota, entre otros.<\/p>\n","protected":false},"excerpt":{"rendered":"<p>Rep\u00fablica Dominicana. 12 de septiembre 2022. El presidente del CODIA Hig\u00fcey, Ing. Iv\u00e1n Castro, declaro<\/p>\n","protected":false},"author":1,"featured_media":0,"comment_status":"open","ping_status":"open","sticky":false,"template":"","format":"standard","meta":{"footnotes":""},"categories":[7],"tags":[],"class_list":["post-1733","post","type-post","status-publish","format-standard","hentry","category-nacionales"],"_links":{"self":[{"href":"https:\/\/defrentealaverdad.com\/index.php\/wp-json\/wp\/v2\/posts\/1733","targetHints":{"allow":["GET"]}}],"collection":[{"href":"https:\/\/defrentealaverdad.com\/index.php\/wp-json\/wp\/v2\/posts"}],"about":[{"href":"https:\/\/defrentealaverdad.com\/index.php\/wp-json\/wp\/v2\/types\/post"}],"author":[{"embeddable":true,"href":"https:\/\/defrentealaverdad.com\/index.php\/wp-json\/wp\/v2\/users\/1"}],"replies":[{"embeddable":true,"href":"https:\/\/defrentealaverdad.com\/index.php\/wp-json\/wp\/v2\/comments?post=1733"}],"version-history":[{"count":4,"href":"https:\/\/defrentealaverdad.com\/index.php\/wp-json\/wp\/v2\/posts\/1733\/revisions"}],"predecessor-version":[{"id":1739,"href":"https:\/\/defrentealaverdad.com\/index.php\/wp-json\/wp\/v2\/posts\/1733\/revisions\/1739"}],"wp:attachment":[{"href":"https:\/\/defrentealaverdad.com\/index.php\/wp-json\/wp\/v2\/media?parent=1733"}],"wp:term":[{"taxonomy":"category","embeddable":true,"href":"https:\/\/defrentealaverdad.com\/index.php\/wp-json\/wp\/v2\/categories?post=1733"},{"taxonomy":"post_tag","embeddable":true,"href":"https:\/\/defrentealaverdad.com\/index.php\/wp-json\/wp\/v2\/tags?post=1733"}],"curies":[{"name":"wp","href":"https:\/\/api.w.org\/{rel}","templated":true}]}}