{"id":1728,"date":"2022-09-11T04:16:34","date_gmt":"2022-09-11T04:16:34","guid":{"rendered":"https:\/\/defrentealaverdad.com\/?p=1728"},"modified":"2022-09-16T20:23:16","modified_gmt":"2022-09-16T20:23:16","slug":"1728","status":"publish","type":"post","link":"https:\/\/defrentealaverdad.com\/index.php\/2022\/09\/11\/1728\/","title":{"rendered":"Alcalde presenta Plan de Desarrollo y Ordenamiento Territorial de Peralvillo"},"content":{"rendered":"<p><img decoding=\"async\" class=\"alignnone size-medium wp-image-1729 lazyload\" data-src=\"https:\/\/defrentealaverdad.com\/wp-content\/uploads\/2022\/09\/WhatsApp-Image-2022-09-11-at-12.08.22-AM-225x300.jpeg\" alt=\"\" width=\"225\" height=\"300\" data-srcset=\"https:\/\/defrentealaverdad.com\/wp-content\/uploads\/2022\/09\/WhatsApp-Image-2022-09-11-at-12.08.22-AM-225x300.jpeg 225w, https:\/\/defrentealaverdad.com\/wp-content\/uploads\/2022\/09\/WhatsApp-Image-2022-09-11-at-12.08.22-AM-768x1024.jpeg 768w, https:\/\/defrentealaverdad.com\/wp-content\/uploads\/2022\/09\/WhatsApp-Image-2022-09-11-at-12.08.22-AM-1152x1536.jpeg 1152w, https:\/\/defrentealaverdad.com\/wp-content\/uploads\/2022\/09\/WhatsApp-Image-2022-09-11-at-12.08.22-AM-450x600.jpeg 450w, https:\/\/defrentealaverdad.com\/wp-content\/uploads\/2022\/09\/WhatsApp-Image-2022-09-11-at-12.08.22-AM.jpeg 1200w\" data-sizes=\"(max-width: 225px) 100vw, 225px\" src=\"data:image\/svg+xml;base64,PHN2ZyB3aWR0aD0iMSIgaGVpZ2h0PSIxIiB4bWxucz0iaHR0cDovL3d3dy53My5vcmcvMjAwMC9zdmciPjwvc3ZnPg==\" style=\"--smush-placeholder-width: 225px; --smush-placeholder-aspect-ratio: 225\/300;\" \/> <img decoding=\"async\" class=\"alignnone size-medium wp-image-1730 lazyload\" data-src=\"https:\/\/defrentealaverdad.com\/wp-content\/uploads\/2022\/09\/WhatsApp-Image-2022-09-11-at-12.08.21-AM-225x300.jpeg\" alt=\"\" width=\"225\" height=\"300\" data-srcset=\"https:\/\/defrentealaverdad.com\/wp-content\/uploads\/2022\/09\/WhatsApp-Image-2022-09-11-at-12.08.21-AM-225x300.jpeg 225w, https:\/\/defrentealaverdad.com\/wp-content\/uploads\/2022\/09\/WhatsApp-Image-2022-09-11-at-12.08.21-AM-768x1024.jpeg 768w, https:\/\/defrentealaverdad.com\/wp-content\/uploads\/2022\/09\/WhatsApp-Image-2022-09-11-at-12.08.21-AM-1152x1536.jpeg 1152w, https:\/\/defrentealaverdad.com\/wp-content\/uploads\/2022\/09\/WhatsApp-Image-2022-09-11-at-12.08.21-AM-450x600.jpeg 450w, https:\/\/defrentealaverdad.com\/wp-content\/uploads\/2022\/09\/WhatsApp-Image-2022-09-11-at-12.08.21-AM.jpeg 1200w\" data-sizes=\"(max-width: 225px) 100vw, 225px\" src=\"data:image\/svg+xml;base64,PHN2ZyB3aWR0aD0iMSIgaGVpZ2h0PSIxIiB4bWxucz0iaHR0cDovL3d3dy53My5vcmcvMjAwMC9zdmciPjwvc3ZnPg==\" style=\"--smush-placeholder-width: 225px; --smush-placeholder-aspect-ratio: 225\/300;\" \/><\/p>\n<p style=\"text-align: justify;\">\nPeralvillo (Monte Plata).- El alcalde municipal de Peralvillo, Juan Francisco Manzueta, sentenci\u00f3 que el 8 de septiembre de 2022 inici\u00f3 el desarrollo de esa demarcaci\u00f3n.Al presentar el Plan de Desarrollo y Ordenamiento Territorial 2021-2025 (PMD-0T), el edil dijo que desde su declaraci\u00f3n como municipio en 2004 no hab\u00eda cambiado nada en esa localidad<em> \u201ccapital del turismo verde, tierra del cacao y las aguas clara\u201d.<\/em><\/p>\n<p style=\"text-align: justify;\">\nDijo que el plan es la obra maestra del pueblo, ya que en el mismo participaron todos los sectores que representan las 30 mil personas que habitan en sus 164 kil\u00f3metros cuadrados. <em>\u201c &#8230; es un documento de profundo contenido y un gran esfuerzo, donde el Gobierno Dominicano present\u00f3 su mejora para acompa\u00f1ar al alcalde, a la vicealcaldesa, a sus cinco regidores, dem\u00e1s autoridades municipales y al pueblo de Peralvillo\u201d,<\/em> dijo.<\/p>\n<p style=\"text-align: justify;\">Al recordar la esencia cristiana de los habitantes del municipio, Manzueta enfatiz\u00f3 en que la ejecuci\u00f3n del PMD-0T es la \u00fanica manera de lograr el desarrollo integrar para acabar con la pobreza en esa parte del territorio dominicano. El alcalde de Peralvillo record\u00f3 que la arquitecta Magdelin Urbaez, al describir el PMD-0T, expres\u00f3: \u00abEsta es una planificaci\u00f3n de abajo hacia arriba, del municipio y sus habitantes hacia el Gobierno\u201d. La presentaci\u00f3n del plan cont\u00f3 con la presencia de la gobernadora provincial de Monte Plata, Rafaela Javier Gomera, quien represent\u00f3 al presidente Luis Abinader en la actividad.<\/p>\n<p>Fuente: Felix Rubio<\/p>\n","protected":false},"excerpt":{"rendered":"<p>Peralvillo (Monte Plata).- El alcalde municipal de Peralvillo, Juan Francisco Manzueta, sentenci\u00f3 que el 8<\/p>\n","protected":false},"author":4,"featured_media":0,"comment_status":"open","ping_status":"open","sticky":false,"template":"","format":"standard","meta":{"footnotes":""},"categories":[7],"tags":[],"class_list":["post-1728","post","type-post","status-publish","format-standard","hentry","category-nacionales"],"_links":{"self":[{"href":"https:\/\/defrentealaverdad.com\/index.php\/wp-json\/wp\/v2\/posts\/1728","targetHints":{"allow":["GET"]}}],"collection":[{"href":"https:\/\/defrentealaverdad.com\/index.php\/wp-json\/wp\/v2\/posts"}],"about":[{"href":"https:\/\/defrentealaverdad.com\/index.php\/wp-json\/wp\/v2\/types\/post"}],"author":[{"embeddable":true,"href":"https:\/\/defrentealaverdad.com\/index.php\/wp-json\/wp\/v2\/users\/4"}],"replies":[{"embeddable":true,"href":"https:\/\/defrentealaverdad.com\/index.php\/wp-json\/wp\/v2\/comments?post=1728"}],"version-history":[{"count":3,"href":"https:\/\/defrentealaverdad.com\/index.php\/wp-json\/wp\/v2\/posts\/1728\/revisions"}],"predecessor-version":[{"id":1787,"href":"https:\/\/defrentealaverdad.com\/index.php\/wp-json\/wp\/v2\/posts\/1728\/revisions\/1787"}],"wp:attachment":[{"href":"https:\/\/defrentealaverdad.com\/index.php\/wp-json\/wp\/v2\/media?parent=1728"}],"wp:term":[{"taxonomy":"category","embeddable":true,"href":"https:\/\/defrentealaverdad.com\/index.php\/wp-json\/wp\/v2\/categories?post=1728"},{"taxonomy":"post_tag","embeddable":true,"href":"https:\/\/defrentealaverdad.com\/index.php\/wp-json\/wp\/v2\/tags?post=1728"}],"curies":[{"name":"wp","href":"https:\/\/api.w.org\/{rel}","templated":true}]}}