{"id":17110,"date":"2024-05-28T22:13:22","date_gmt":"2024-05-28T22:13:22","guid":{"rendered":"https:\/\/defrentealaverdad.com\/?p=17110"},"modified":"2024-05-28T22:13:48","modified_gmt":"2024-05-28T22:13:48","slug":"max-puig-llama-a-mejorar-criterios-tecnicos-de-construccion-ante-efectos-del-cambio-climatico","status":"publish","type":"post","link":"https:\/\/defrentealaverdad.com\/index.php\/2024\/05\/28\/max-puig-llama-a-mejorar-criterios-tecnicos-de-construccion-ante-efectos-del-cambio-climatico\/","title":{"rendered":"Max Puig llama a mejorar criterios t\u00e9cnicos de construcci\u00f3n ante efectos del cambio clim\u00e1tico"},"content":{"rendered":"<blockquote>\n<p style=\"text-align: justify;\">Destac\u00f3 el apoyo de la India en el desarrollo de un mejor sistema de alerta temprana ante huracanes y tormentas, el desarrollo de infraestructuras m\u00e1s resilientes y el fortalecimiento del sistema nacional de observaci\u00f3n meteorol\u00f3gica<\/p>\n<\/blockquote>\n<p style=\"text-align: justify;\">Saint John, Antigua y Barbuda \u2013 \u201cComo peque\u00f1o Estado Insular en Desarrollo, ubicado adem\u00e1s en el centro del Mar Caribe, Rep\u00fablica Dominicana est\u00e1 obligada a mejorar los criterios t\u00e9cnicos de construcci\u00f3n de infraestructuras p\u00fablicas y privadas, a fin de mejorar la resistencia y la resiliencia de las edificaciones del pa\u00eds ante los efectos del cambio clim\u00e1tico\u201d.<\/p>\n<p style=\"text-align: justify;\"><img decoding=\"async\" class=\"size-medium wp-image-17112 alignleft lazyload\" data-src=\"https:\/\/defrentealaverdad.com\/wp-content\/uploads\/2024\/05\/IMG-20240528-WA0204-300x225.jpg\" alt=\"\" width=\"300\" height=\"225\" data-srcset=\"https:\/\/defrentealaverdad.com\/wp-content\/uploads\/2024\/05\/IMG-20240528-WA0204-300x225.jpg 300w, https:\/\/defrentealaverdad.com\/wp-content\/uploads\/2024\/05\/IMG-20240528-WA0204-1024x768.jpg 1024w, https:\/\/defrentealaverdad.com\/wp-content\/uploads\/2024\/05\/IMG-20240528-WA0204-768x576.jpg 768w, https:\/\/defrentealaverdad.com\/wp-content\/uploads\/2024\/05\/IMG-20240528-WA0204-1536x1152.jpg 1536w, https:\/\/defrentealaverdad.com\/wp-content\/uploads\/2024\/05\/IMG-20240528-WA0204-2048x1536.jpg 2048w, https:\/\/defrentealaverdad.com\/wp-content\/uploads\/2024\/05\/IMG-20240528-WA0204-720x540.jpg 720w\" data-sizes=\"(max-width: 300px) 100vw, 300px\" src=\"data:image\/svg+xml;base64,PHN2ZyB3aWR0aD0iMSIgaGVpZ2h0PSIxIiB4bWxucz0iaHR0cDovL3d3dy53My5vcmcvMjAwMC9zdmciPjwvc3ZnPg==\" style=\"--smush-placeholder-width: 300px; --smush-placeholder-aspect-ratio: 300\/225;\" \/>As\u00ed se expres\u00f3 el vicepresidente ejecutivo del Consejo Nacional para el Cambio Clim\u00e1tico y Mecanismo de Desarrollo Limpio (CNCCMDL), Max Puig, durante su participaci\u00f3n en el Panel de Acci\u00f3n por el Clima, Integraci\u00f3n de la Resiliencia y Refuerzo de los Datos para una Infraestructura Resiliente e Integradora, organizado por la Coalici\u00f3n para el Desarrollo de las Infraestructuras Resilientes (CDRI) que lidera la India.<\/p>\n<p style=\"text-align: justify;\">Durante su intervenci\u00f3n, Puig destac\u00f3 que Rep\u00fablica Dominicana ya est\u00e1 trabajando en<img decoding=\"async\" class=\"size-medium wp-image-17113 alignright lazyload\" data-src=\"https:\/\/defrentealaverdad.com\/wp-content\/uploads\/2024\/05\/IMG-20240528-WA0202-300x225.jpg\" alt=\"\" width=\"300\" height=\"225\" data-srcset=\"https:\/\/defrentealaverdad.com\/wp-content\/uploads\/2024\/05\/IMG-20240528-WA0202-300x225.jpg 300w, https:\/\/defrentealaverdad.com\/wp-content\/uploads\/2024\/05\/IMG-20240528-WA0202-768x576.jpg 768w, https:\/\/defrentealaverdad.com\/wp-content\/uploads\/2024\/05\/IMG-20240528-WA0202-720x540.jpg 720w, https:\/\/defrentealaverdad.com\/wp-content\/uploads\/2024\/05\/IMG-20240528-WA0202.jpg 1024w\" data-sizes=\"(max-width: 300px) 100vw, 300px\" src=\"data:image\/svg+xml;base64,PHN2ZyB3aWR0aD0iMSIgaGVpZ2h0PSIxIiB4bWxucz0iaHR0cDovL3d3dy53My5vcmcvMjAwMC9zdmciPjwvc3ZnPg==\" style=\"--smush-placeholder-width: 300px; --smush-placeholder-aspect-ratio: 300\/225;\" \/> esa direcci\u00f3n con la Asociaci\u00f3n Dominicana de Productores de Cemento(ADOCEM), el Ministerio de Obras P\u00fablicas y Comunicaciones (MOPC), y el Colegio Dominicano de Ingenieros y Agrimensores (CODIA), para que el pa\u00eds tenga \u201cnuevos c\u00f3digos de construcci\u00f3n adaptados a los efectos presentes y futuros del cambio clim\u00e1tico\u201d.<\/p>\n<p style=\"text-align: justify;\">\n<p style=\"text-align: justify;\">Tambi\u00e9n resalt\u00f3 el apoyo del CDRI para el desarrollo de un sistema nacional de alerta temprana en Rep\u00fablica Dominicana, y una regional de alertas para Hait\u00ed, Rep\u00fablica Dominicana y Cuba, dos proyectos que son financiados por esa Coalici\u00f3n que agrupa a m\u00e1s de 30 pa\u00edses, bancos de desarrollo multilaterales y organizaciones ambientalistas.<\/p>\n<p style=\"text-align: justify;\"><img decoding=\"async\" class=\"size-medium wp-image-17111 alignleft lazyload\" data-src=\"https:\/\/defrentealaverdad.com\/wp-content\/uploads\/2024\/05\/IMG-20240528-WA0201-300x225.jpg\" alt=\"\" width=\"300\" height=\"225\" data-srcset=\"https:\/\/defrentealaverdad.com\/wp-content\/uploads\/2024\/05\/IMG-20240528-WA0201-300x225.jpg 300w, https:\/\/defrentealaverdad.com\/wp-content\/uploads\/2024\/05\/IMG-20240528-WA0201-1024x768.jpg 1024w, https:\/\/defrentealaverdad.com\/wp-content\/uploads\/2024\/05\/IMG-20240528-WA0201-768x576.jpg 768w, https:\/\/defrentealaverdad.com\/wp-content\/uploads\/2024\/05\/IMG-20240528-WA0201-720x540.jpg 720w, https:\/\/defrentealaverdad.com\/wp-content\/uploads\/2024\/05\/IMG-20240528-WA0201.jpg 1280w\" data-sizes=\"(max-width: 300px) 100vw, 300px\" src=\"data:image\/svg+xml;base64,PHN2ZyB3aWR0aD0iMSIgaGVpZ2h0PSIxIiB4bWxucz0iaHR0cDovL3d3dy53My5vcmcvMjAwMC9zdmciPjwvc3ZnPg==\" style=\"--smush-placeholder-width: 300px; --smush-placeholder-aspect-ratio: 300\/225;\" \/><\/p>\n<p style=\"text-align: justify;\">Puig reconoci\u00f3 que la inminencia de los impactos del cambio clim\u00e1tico \u201cobligan a Rep\u00fablica Dominicana y a todos los Estados Insulares del mundo a repensar los est\u00e1ndares de construcci\u00f3n y a adoptar nuevos criterios para el desarrollo de la infraestructura p\u00fablica y privada, que prioricen la resiliencia para prevenir futuras p\u00e9rdidas y proteger a la poblaci\u00f3n\u201d.<\/p>\n<p style=\"text-align: justify;\">Este panel organizado por la CDRI se desarroll\u00f3 en la sede de la Universidad Americana de Antigua, en el marco de la Cuarta Conferencia de los Peque\u00f1os Estados Insulares en Desarrollo (PEID), que se desarrolla en Antigua y Barbuda.<\/p>\n<p style=\"text-align: justify;\">En el panel participaron personalidades como el director general de la CDRI, Amit Prothi; el ministro de Desarrollo Rural y Mar\u00edtimo y Gesti\u00f3n de Desastres de Fiji, SakiasiDitoka; la enviada de Reino Unido para los PEID, Rebecca Fabrizi; la canciller de Jamaica, Kamina Johnson Smith; el canciller de Antigua y Barbuda, Chet Greene; el embajador de Australia ante la ONU, James Larsen; el embajador de India ante CARICOM, Amit Telang; entre otros l\u00edderes.<\/p>\n<p style=\"text-align: justify;\">Fuente: CNCCMDL<\/p>\n","protected":false},"excerpt":{"rendered":"<p>Destac\u00f3 el apoyo de la India en el desarrollo de un mejor sistema de alerta<\/p>\n","protected":false},"author":1,"featured_media":0,"comment_status":"open","ping_status":"open","sticky":false,"template":"","format":"standard","meta":{"footnotes":""},"categories":[229,16],"tags":[],"class_list":["post-17110","post","type-post","status-publish","format-standard","hentry","category-clima","category-internacionales"],"_links":{"self":[{"href":"https:\/\/defrentealaverdad.com\/index.php\/wp-json\/wp\/v2\/posts\/17110","targetHints":{"allow":["GET"]}}],"collection":[{"href":"https:\/\/defrentealaverdad.com\/index.php\/wp-json\/wp\/v2\/posts"}],"about":[{"href":"https:\/\/defrentealaverdad.com\/index.php\/wp-json\/wp\/v2\/types\/post"}],"author":[{"embeddable":true,"href":"https:\/\/defrentealaverdad.com\/index.php\/wp-json\/wp\/v2\/users\/1"}],"replies":[{"embeddable":true,"href":"https:\/\/defrentealaverdad.com\/index.php\/wp-json\/wp\/v2\/comments?post=17110"}],"version-history":[{"count":2,"href":"https:\/\/defrentealaverdad.com\/index.php\/wp-json\/wp\/v2\/posts\/17110\/revisions"}],"predecessor-version":[{"id":17115,"href":"https:\/\/defrentealaverdad.com\/index.php\/wp-json\/wp\/v2\/posts\/17110\/revisions\/17115"}],"wp:attachment":[{"href":"https:\/\/defrentealaverdad.com\/index.php\/wp-json\/wp\/v2\/media?parent=17110"}],"wp:term":[{"taxonomy":"category","embeddable":true,"href":"https:\/\/defrentealaverdad.com\/index.php\/wp-json\/wp\/v2\/categories?post=17110"},{"taxonomy":"post_tag","embeddable":true,"href":"https:\/\/defrentealaverdad.com\/index.php\/wp-json\/wp\/v2\/tags?post=17110"}],"curies":[{"name":"wp","href":"https:\/\/api.w.org\/{rel}","templated":true}]}}