{"id":17090,"date":"2024-05-28T22:01:57","date_gmt":"2024-05-28T22:01:57","guid":{"rendered":"https:\/\/defrentealaverdad.com\/?p=17090"},"modified":"2024-05-28T22:02:10","modified_gmt":"2024-05-28T22:02:10","slug":"cesfront-realiza-rotacion-de-mandos-en-bases-de-operaciones-fronterizas","status":"publish","type":"post","link":"https:\/\/defrentealaverdad.com\/index.php\/2024\/05\/28\/cesfront-realiza-rotacion-de-mandos-en-bases-de-operaciones-fronterizas\/","title":{"rendered":"CESFronT realiza rotaci\u00f3n de mandos en bases de operaciones Fronterizas"},"content":{"rendered":"<p style=\"text-align: justify;\">Por Felix Rubio<\/p>\n<p style=\"text-align: justify;\"><img decoding=\"async\" class=\"size-medium wp-image-17092 alignleft lazyload\" data-src=\"https:\/\/defrentealaverdad.com\/wp-content\/uploads\/2024\/05\/IMG-20240528-WA0274-300x225.jpg\" alt=\"\" width=\"300\" height=\"225\" data-srcset=\"https:\/\/defrentealaverdad.com\/wp-content\/uploads\/2024\/05\/IMG-20240528-WA0274-300x225.jpg 300w, https:\/\/defrentealaverdad.com\/wp-content\/uploads\/2024\/05\/IMG-20240528-WA0274-1024x768.jpg 1024w, https:\/\/defrentealaverdad.com\/wp-content\/uploads\/2024\/05\/IMG-20240528-WA0274-768x576.jpg 768w, https:\/\/defrentealaverdad.com\/wp-content\/uploads\/2024\/05\/IMG-20240528-WA0274-1536x1152.jpg 1536w, https:\/\/defrentealaverdad.com\/wp-content\/uploads\/2024\/05\/IMG-20240528-WA0274-720x540.jpg 720w, https:\/\/defrentealaverdad.com\/wp-content\/uploads\/2024\/05\/IMG-20240528-WA0274.jpg 1600w\" data-sizes=\"(max-width: 300px) 100vw, 300px\" src=\"data:image\/svg+xml;base64,PHN2ZyB3aWR0aD0iMSIgaGVpZ2h0PSIxIiB4bWxucz0iaHR0cDovL3d3dy53My5vcmcvMjAwMC9zdmciPjwvc3ZnPg==\" style=\"--smush-placeholder-width: 300px; --smush-placeholder-aspect-ratio: 300\/225;\" \/><\/p>\n<p style=\"text-align: justify;\">Santo Domingo.-Por disposici\u00f3n del Ministro de Defensa, teniente general Carlos Luciano D\u00edaz Morfa, ERD, la direcci\u00f3n del Cuerpo Especializado de Seguridad Fronteriza Terrestre (CESFronT) realiz\u00f3 una rotaci\u00f3n en los mandos de las bases de operaciones fronterizas terrestres, con asiento en Pedernales, Jiman\u00ed, El\u00edas Pi\u00f1a, y Dajab\u00f3n.<\/p>\n<p style=\"text-align: justify;\"><img decoding=\"async\" class=\"size-medium wp-image-17094 alignright lazyload\" data-src=\"https:\/\/defrentealaverdad.com\/wp-content\/uploads\/2024\/05\/IMG-20240528-WA0272-300x225.jpg\" alt=\"\" width=\"300\" height=\"225\" data-srcset=\"https:\/\/defrentealaverdad.com\/wp-content\/uploads\/2024\/05\/IMG-20240528-WA0272-300x225.jpg 300w, https:\/\/defrentealaverdad.com\/wp-content\/uploads\/2024\/05\/IMG-20240528-WA0272-1024x768.jpg 1024w, https:\/\/defrentealaverdad.com\/wp-content\/uploads\/2024\/05\/IMG-20240528-WA0272-768x576.jpg 768w, https:\/\/defrentealaverdad.com\/wp-content\/uploads\/2024\/05\/IMG-20240528-WA0272-1536x1152.jpg 1536w, https:\/\/defrentealaverdad.com\/wp-content\/uploads\/2024\/05\/IMG-20240528-WA0272-720x540.jpg 720w, https:\/\/defrentealaverdad.com\/wp-content\/uploads\/2024\/05\/IMG-20240528-WA0272.jpg 1600w\" data-sizes=\"(max-width: 300px) 100vw, 300px\" src=\"data:image\/svg+xml;base64,PHN2ZyB3aWR0aD0iMSIgaGVpZ2h0PSIxIiB4bWxucz0iaHR0cDovL3d3dy53My5vcmcvMjAwMC9zdmciPjwvc3ZnPg==\" style=\"--smush-placeholder-width: 300px; --smush-placeholder-aspect-ratio: 300\/225;\" \/><\/p>\n<p style=\"text-align: justify;\">Los oficiales fueron asignados a sus nuevas funciones mediante un memor\u00e1ndum, que establece que el teniente coronel Jos\u00e9 Pimentel Mateo ERD, (DEM), dirigir\u00e1 la base de Dajab\u00f3n \u00abBatalla de Sabana Larga\u00bb, el teniente coronel Morlin Fabi\u00e1n Tolentino FARD, (DEM), ser\u00e1 el responsable de la Base de El\u00edas Pi\u00f1a, \u00abCoronel El\u00edas Pi\u00f1a\u00bb, en igual medida el teniente coronel Benjy Mejia Guerrero, ERD (DEM), la Base de Jiman\u00ed \u00abGeneral Juan Pablo Duarte y Diez\u00bb , mientras que el teniente coronel David de la Cruz Santana ERD, (DEM), estar\u00e1 en Pedernales, en la base \u00abGeneral Antonio Duverg\u00e9\u00bb.<\/p>\n<p style=\"text-align: justify;\">Al asumir sus funciones expresaron agradecimiento hacia al alto mando por depositar su confianza en ellos, al delegarles esta responsabilidad, y a su vez solicitaron al personal que tendr\u00e1n bajo su direcci\u00f3n, su entera colaboraci\u00f3n, para poder cumplir su misi\u00f3n, siempre en el correcto apego a las Leyes dominicanas y el respeto a los Derechos Humanos, haci\u00e9ndoles saber que ellos siempre estar\u00e1n mano a mano en el cumplimiento del deber.<\/p>\n<p style=\"text-align: justify;\"><img decoding=\"async\" class=\"size-medium wp-image-17093 alignleft lazyload\" data-src=\"https:\/\/defrentealaverdad.com\/wp-content\/uploads\/2024\/05\/IMG-20240528-WA0275-225x300.jpg\" alt=\"\" width=\"225\" height=\"300\" data-srcset=\"https:\/\/defrentealaverdad.com\/wp-content\/uploads\/2024\/05\/IMG-20240528-WA0275-225x300.jpg 225w, https:\/\/defrentealaverdad.com\/wp-content\/uploads\/2024\/05\/IMG-20240528-WA0275-768x1024.jpg 768w, https:\/\/defrentealaverdad.com\/wp-content\/uploads\/2024\/05\/IMG-20240528-WA0275-450x600.jpg 450w, https:\/\/defrentealaverdad.com\/wp-content\/uploads\/2024\/05\/IMG-20240528-WA0275.jpg 960w\" data-sizes=\"(max-width: 225px) 100vw, 225px\" src=\"data:image\/svg+xml;base64,PHN2ZyB3aWR0aD0iMSIgaGVpZ2h0PSIxIiB4bWxucz0iaHR0cDovL3d3dy53My5vcmcvMjAwMC9zdmciPjwvc3ZnPg==\" style=\"--smush-placeholder-width: 225px; --smush-placeholder-aspect-ratio: 225\/300;\" \/><\/p>\n<p style=\"text-align: justify;\">Los oficiales coordinadores fueron formalmente posicionados por el director de CESFronT, el general de brigada Freddy Rafael Soto Thormann, ERD., en una ceremonia militar, presenciada por miembros de las Fuerzas Armadas que componen las referidas unidades, donde se le transmiti\u00f3 la intenci\u00f3n del alto mando de que sean celosos y fieles protectores de la seguridad y los intereses del pueblo dominicano, haciendoles hincapi\u00e9 del momento en el que nos encontramos y del valor que conlleva el trabajo que estos realizan, siempre enfocados en nuestra prioridad de entregar todo por y para la Patria.<\/p>\n<p>Fuente: Cuerpo Especializado de Seguridad Fronteriza Terrestre (CESFronT)<\/p>\n","protected":false},"excerpt":{"rendered":"<p>Por Felix Rubio Santo Domingo.-Por disposici\u00f3n del Ministro de Defensa, teniente general Carlos Luciano D\u00edaz<\/p>\n","protected":false},"author":1,"featured_media":0,"comment_status":"open","ping_status":"open","sticky":false,"template":"","format":"standard","meta":{"footnotes":""},"categories":[7],"tags":[],"class_list":["post-17090","post","type-post","status-publish","format-standard","hentry","category-nacionales"],"_links":{"self":[{"href":"https:\/\/defrentealaverdad.com\/index.php\/wp-json\/wp\/v2\/posts\/17090","targetHints":{"allow":["GET"]}}],"collection":[{"href":"https:\/\/defrentealaverdad.com\/index.php\/wp-json\/wp\/v2\/posts"}],"about":[{"href":"https:\/\/defrentealaverdad.com\/index.php\/wp-json\/wp\/v2\/types\/post"}],"author":[{"embeddable":true,"href":"https:\/\/defrentealaverdad.com\/index.php\/wp-json\/wp\/v2\/users\/1"}],"replies":[{"embeddable":true,"href":"https:\/\/defrentealaverdad.com\/index.php\/wp-json\/wp\/v2\/comments?post=17090"}],"version-history":[{"count":2,"href":"https:\/\/defrentealaverdad.com\/index.php\/wp-json\/wp\/v2\/posts\/17090\/revisions"}],"predecessor-version":[{"id":17100,"href":"https:\/\/defrentealaverdad.com\/index.php\/wp-json\/wp\/v2\/posts\/17090\/revisions\/17100"}],"wp:attachment":[{"href":"https:\/\/defrentealaverdad.com\/index.php\/wp-json\/wp\/v2\/media?parent=17090"}],"wp:term":[{"taxonomy":"category","embeddable":true,"href":"https:\/\/defrentealaverdad.com\/index.php\/wp-json\/wp\/v2\/categories?post=17090"},{"taxonomy":"post_tag","embeddable":true,"href":"https:\/\/defrentealaverdad.com\/index.php\/wp-json\/wp\/v2\/tags?post=17090"}],"curies":[{"name":"wp","href":"https:\/\/api.w.org\/{rel}","templated":true}]}}