{"id":17077,"date":"2024-05-26T21:46:26","date_gmt":"2024-05-26T21:46:26","guid":{"rendered":"https:\/\/defrentealaverdad.com\/?p=17077"},"modified":"2024-05-28T21:50:58","modified_gmt":"2024-05-28T21:50:58","slug":"comercial-eduardo-s-r-l-entrega-regalos-a-las-madres-en-su-dia","status":"publish","type":"post","link":"https:\/\/defrentealaverdad.com\/index.php\/2024\/05\/26\/comercial-eduardo-s-r-l-entrega-regalos-a-las-madres-en-su-dia\/","title":{"rendered":"Comercial Eduardo S.R.L. entrega regalos a las madres en su d\u00eda"},"content":{"rendered":"<p style=\"text-align: justify;\">Por Felix Rubio<\/p>\n<p style=\"text-align: justify;\"><img decoding=\"async\" class=\"wp-image-17078 alignleft lazyload\" data-src=\"https:\/\/defrentealaverdad.com\/wp-content\/uploads\/2024\/05\/WhatsApp-Image-2024-05-26-at-12.56.50-1-225x300.jpeg\" alt=\"\" width=\"194\" height=\"259\" data-srcset=\"https:\/\/defrentealaverdad.com\/wp-content\/uploads\/2024\/05\/WhatsApp-Image-2024-05-26-at-12.56.50-1-225x300.jpeg 225w, https:\/\/defrentealaverdad.com\/wp-content\/uploads\/2024\/05\/WhatsApp-Image-2024-05-26-at-12.56.50-1-768x1024.jpeg 768w, https:\/\/defrentealaverdad.com\/wp-content\/uploads\/2024\/05\/WhatsApp-Image-2024-05-26-at-12.56.50-1-1152x1536.jpeg 1152w, https:\/\/defrentealaverdad.com\/wp-content\/uploads\/2024\/05\/WhatsApp-Image-2024-05-26-at-12.56.50-1-450x600.jpeg 450w, https:\/\/defrentealaverdad.com\/wp-content\/uploads\/2024\/05\/WhatsApp-Image-2024-05-26-at-12.56.50-1.jpeg 1200w\" data-sizes=\"(max-width: 194px) 100vw, 194px\" src=\"data:image\/svg+xml;base64,PHN2ZyB3aWR0aD0iMSIgaGVpZ2h0PSIxIiB4bWxucz0iaHR0cDovL3d3dy53My5vcmcvMjAwMC9zdmciPjwvc3ZnPg==\" style=\"--smush-placeholder-width: 194px; --smush-placeholder-aspect-ratio: 194\/259;\" \/><\/p>\n<p style=\"text-align: justify;\">Con motivo de celebrarse este domingo 26 de mayo, el d\u00eda de las Madres en Rep\u00fablica Dominicana, el Sr. Eduardo Cuevas Heredia,<img decoding=\"async\" class=\"wp-image-17080 alignright lazyload\" data-src=\"https:\/\/defrentealaverdad.com\/wp-content\/uploads\/2024\/05\/WhatsApp-Image-2024-05-26-at-12.56.50-225x300.jpeg\" alt=\"\" width=\"193\" height=\"257\" data-srcset=\"https:\/\/defrentealaverdad.com\/wp-content\/uploads\/2024\/05\/WhatsApp-Image-2024-05-26-at-12.56.50-225x300.jpeg 225w, https:\/\/defrentealaverdad.com\/wp-content\/uploads\/2024\/05\/WhatsApp-Image-2024-05-26-at-12.56.50-768x1024.jpeg 768w, https:\/\/defrentealaverdad.com\/wp-content\/uploads\/2024\/05\/WhatsApp-Image-2024-05-26-at-12.56.50-1152x1536.jpeg 1152w, https:\/\/defrentealaverdad.com\/wp-content\/uploads\/2024\/05\/WhatsApp-Image-2024-05-26-at-12.56.50-450x600.jpeg 450w, https:\/\/defrentealaverdad.com\/wp-content\/uploads\/2024\/05\/WhatsApp-Image-2024-05-26-at-12.56.50.jpeg 1200w\" data-sizes=\"(max-width: 193px) 100vw, 193px\" src=\"data:image\/svg+xml;base64,PHN2ZyB3aWR0aD0iMSIgaGVpZ2h0PSIxIiB4bWxucz0iaHR0cDovL3d3dy53My5vcmcvMjAwMC9zdmciPjwvc3ZnPg==\" style=\"--smush-placeholder-width: 193px; --smush-placeholder-aspect-ratio: 193\/257;\" \/> presidente del grupo comercial Eduardo S.R.L. entrega obsequios a las madres reconociendo su entrega y abnegaci\u00f3n en\u00a0favor de sus hijos, la comunidad y la sociedad.<\/p>\n<blockquote><p><em>\u00abLas madres son muy importantes y reconocer su labor no solo hoy, sino siempre es labor de todos\u00bb &#8211;<\/em> afirm\u00f3 el Sr. Cuevas.<\/p><\/blockquote>\n<p style=\"text-align: justify;\">La entrega de los obsequios se realiz\u00f3 en su peque\u00f1o establecimiento \u00abComercial Eduardo SRL\u00bb, y form\u00f3 parte del agradecimiento a todas aquellas damas que conforman esa gran clientela.<\/p>\n<p style=\"text-align: justify;\">Las madres dijeron sentirse felices con cada regalo recibido y cada palabra de aliento proferida por Don Eduardo al entregar los obsequios. Don Eduardo sostuvo que muchas de las mujeres que se han integrado al trabajo en la comunidad y su deseo hoy es reconocer su loable labor.<\/p>\n<blockquote><p>\u00abEs que me siento satisfecho con hacer esto, forma parte de mi formaci\u00f3n, empec\u00e9 temprano en la ma\u00f1ana y no pienso detenerme hasta la noche\u00bb, dijo<\/p><\/blockquote>\n<p style=\"text-align: justify;\">Durante las entregas fue notoria la alegr\u00eda de cada una de las progenitoras al recibir sus regalos de manos de Heredia, propietario <strong><img decoding=\"async\" class=\"wp-image-17079 alignleft lazyload\" data-src=\"https:\/\/defrentealaverdad.com\/wp-content\/uploads\/2024\/05\/WhatsApp-Image-2024-05-26-at-12.56.51-1-225x300.jpeg\" alt=\"\" width=\"161\" height=\"215\" data-srcset=\"https:\/\/defrentealaverdad.com\/wp-content\/uploads\/2024\/05\/WhatsApp-Image-2024-05-26-at-12.56.51-1-225x300.jpeg 225w, https:\/\/defrentealaverdad.com\/wp-content\/uploads\/2024\/05\/WhatsApp-Image-2024-05-26-at-12.56.51-1-768x1024.jpeg 768w, https:\/\/defrentealaverdad.com\/wp-content\/uploads\/2024\/05\/WhatsApp-Image-2024-05-26-at-12.56.51-1-1152x1536.jpeg 1152w, https:\/\/defrentealaverdad.com\/wp-content\/uploads\/2024\/05\/WhatsApp-Image-2024-05-26-at-12.56.51-1-450x600.jpeg 450w, https:\/\/defrentealaverdad.com\/wp-content\/uploads\/2024\/05\/WhatsApp-Image-2024-05-26-at-12.56.51-1.jpeg 1200w\" data-sizes=\"(max-width: 161px) 100vw, 161px\" src=\"data:image\/svg+xml;base64,PHN2ZyB3aWR0aD0iMSIgaGVpZ2h0PSIxIiB4bWxucz0iaHR0cDovL3d3dy53My5vcmcvMjAwMC9zdmciPjwvc3ZnPg==\" style=\"--smush-placeholder-width: 161px; --smush-placeholder-aspect-ratio: 161\/215;\" \/><\/strong>de Comercial Eduardo SRL, ubicado en el sector V Centenario, municipio Santo Domingo Este.<img decoding=\"async\" class=\"wp-image-17081 alignright lazyload\" data-src=\"https:\/\/defrentealaverdad.com\/wp-content\/uploads\/2024\/05\/WhatsApp-Image-2024-05-26-at-12.56.51-225x300.jpeg\" alt=\"\" width=\"160\" height=\"213\" data-srcset=\"https:\/\/defrentealaverdad.com\/wp-content\/uploads\/2024\/05\/WhatsApp-Image-2024-05-26-at-12.56.51-225x300.jpeg 225w, https:\/\/defrentealaverdad.com\/wp-content\/uploads\/2024\/05\/WhatsApp-Image-2024-05-26-at-12.56.51-768x1024.jpeg 768w, https:\/\/defrentealaverdad.com\/wp-content\/uploads\/2024\/05\/WhatsApp-Image-2024-05-26-at-12.56.51-1152x1536.jpeg 1152w, https:\/\/defrentealaverdad.com\/wp-content\/uploads\/2024\/05\/WhatsApp-Image-2024-05-26-at-12.56.51-450x600.jpeg 450w, https:\/\/defrentealaverdad.com\/wp-content\/uploads\/2024\/05\/WhatsApp-Image-2024-05-26-at-12.56.51.jpeg 1200w\" data-sizes=\"(max-width: 160px) 100vw, 160px\" src=\"data:image\/svg+xml;base64,PHN2ZyB3aWR0aD0iMSIgaGVpZ2h0PSIxIiB4bWxucz0iaHR0cDovL3d3dy53My5vcmcvMjAwMC9zdmciPjwvc3ZnPg==\" style=\"--smush-placeholder-width: 160px; --smush-placeholder-aspect-ratio: 160\/213;\" \/><\/p>\n<p style=\"text-align: justify;\">El Sr. Eduardo: teniente coronel Eduardo C. Heredia, ERD. quien form\u00f3 parte, durante muchos a\u00f1os,\u00a0 del personal de Asuntos Civiles del Estado Mayor Conjunto y Relaciones P\u00fablicas (J5), graduado de derecho, combina su tiempo libre para fomentar su vocaci\u00f3n comunitaria en su sector, \u00e1rea circundante al Hip\u00f3dromo V Centenario.<\/p>\n<p style=\"text-align: justify;\">A\u00f1adi\u00f3 que valora las acciones de cada una de las damas que se apersonaron al establecimiento ya que en ocasiones sacrifican tiempo en favor de sus hijos y familiares.<\/p>\n<p>&nbsp;<\/p>\n<p style=\"text-align: justify;\">Fuente: Equipo Comercial S.R.L.<\/p>\n","protected":false},"excerpt":{"rendered":"<p>Por Felix Rubio Con motivo de celebrarse este domingo 26 de mayo, el d\u00eda de<\/p>\n","protected":false},"author":1,"featured_media":0,"comment_status":"open","ping_status":"open","sticky":false,"template":"","format":"standard","meta":{"footnotes":""},"categories":[7],"tags":[],"class_list":["post-17077","post","type-post","status-publish","format-standard","hentry","category-nacionales"],"_links":{"self":[{"href":"https:\/\/defrentealaverdad.com\/index.php\/wp-json\/wp\/v2\/posts\/17077","targetHints":{"allow":["GET"]}}],"collection":[{"href":"https:\/\/defrentealaverdad.com\/index.php\/wp-json\/wp\/v2\/posts"}],"about":[{"href":"https:\/\/defrentealaverdad.com\/index.php\/wp-json\/wp\/v2\/types\/post"}],"author":[{"embeddable":true,"href":"https:\/\/defrentealaverdad.com\/index.php\/wp-json\/wp\/v2\/users\/1"}],"replies":[{"embeddable":true,"href":"https:\/\/defrentealaverdad.com\/index.php\/wp-json\/wp\/v2\/comments?post=17077"}],"version-history":[{"count":1,"href":"https:\/\/defrentealaverdad.com\/index.php\/wp-json\/wp\/v2\/posts\/17077\/revisions"}],"predecessor-version":[{"id":17082,"href":"https:\/\/defrentealaverdad.com\/index.php\/wp-json\/wp\/v2\/posts\/17077\/revisions\/17082"}],"wp:attachment":[{"href":"https:\/\/defrentealaverdad.com\/index.php\/wp-json\/wp\/v2\/media?parent=17077"}],"wp:term":[{"taxonomy":"category","embeddable":true,"href":"https:\/\/defrentealaverdad.com\/index.php\/wp-json\/wp\/v2\/categories?post=17077"},{"taxonomy":"post_tag","embeddable":true,"href":"https:\/\/defrentealaverdad.com\/index.php\/wp-json\/wp\/v2\/tags?post=17077"}],"curies":[{"name":"wp","href":"https:\/\/api.w.org\/{rel}","templated":true}]}}