{"id":17073,"date":"2024-05-26T21:42:22","date_gmt":"2024-05-26T21:42:22","guid":{"rendered":"https:\/\/defrentealaverdad.com\/?p=17073"},"modified":"2024-05-28T21:45:31","modified_gmt":"2024-05-28T21:45:31","slug":"ministerio-de-defensa-realiza-feria-de-las-madres-en-el-municipio-de-el-llano","status":"publish","type":"post","link":"https:\/\/defrentealaverdad.com\/index.php\/2024\/05\/26\/ministerio-de-defensa-realiza-feria-de-las-madres-en-el-municipio-de-el-llano\/","title":{"rendered":"Ministerio de Defensa realiza Feria de las Madres en el Municipio de El Llano\u00a0"},"content":{"rendered":"<p style=\"text-align: justify;\">Por Felix Rubio<\/p>\n<p style=\"text-align: justify;\"><img decoding=\"async\" class=\"size-medium wp-image-17074 alignleft lazyload\" data-src=\"https:\/\/defrentealaverdad.com\/wp-content\/uploads\/2024\/05\/WhatsApp-Image-2024-05-26-at-13.59.49-300x225.jpeg\" alt=\"\" width=\"300\" height=\"225\" data-srcset=\"https:\/\/defrentealaverdad.com\/wp-content\/uploads\/2024\/05\/WhatsApp-Image-2024-05-26-at-13.59.49-300x225.jpeg 300w, https:\/\/defrentealaverdad.com\/wp-content\/uploads\/2024\/05\/WhatsApp-Image-2024-05-26-at-13.59.49-1024x768.jpeg 1024w, https:\/\/defrentealaverdad.com\/wp-content\/uploads\/2024\/05\/WhatsApp-Image-2024-05-26-at-13.59.49-768x576.jpeg 768w, https:\/\/defrentealaverdad.com\/wp-content\/uploads\/2024\/05\/WhatsApp-Image-2024-05-26-at-13.59.49-720x540.jpeg 720w, https:\/\/defrentealaverdad.com\/wp-content\/uploads\/2024\/05\/WhatsApp-Image-2024-05-26-at-13.59.49.jpeg 1280w\" data-sizes=\"(max-width: 300px) 100vw, 300px\" src=\"data:image\/svg+xml;base64,PHN2ZyB3aWR0aD0iMSIgaGVpZ2h0PSIxIiB4bWxucz0iaHR0cDovL3d3dy53My5vcmcvMjAwMC9zdmciPjwvc3ZnPg==\" style=\"--smush-placeholder-width: 300px; --smush-placeholder-aspect-ratio: 300\/225;\" \/><\/p>\n<p style=\"text-align: justify;\">El Ministerio de Defensa a trav\u00e9s de la Direcci\u00f3n General de Comunidades Fronterizas y la Gobernaci\u00f3n Provincial de Elias Pi\u00f1a llev\u00f3 a cabo la Feria Agropecuaria con motivo del dia de las Madres por instrucciones del Ministro de Defensa Tte. General CARLOS LUCIANO D\u00cdAZ MORFA, para los habitantes de la zona, donde adem\u00e1s de hacer entrega de cientos de raciones alimenticias ofrecieron productos agropecuarios al m\u00e1s bajo costo, entre los cuales se destacan:<img decoding=\"async\" class=\"size-medium wp-image-17075 alignright lazyload\" data-src=\"https:\/\/defrentealaverdad.com\/wp-content\/uploads\/2024\/05\/WhatsApp-Image-2024-05-26-at-13.59.49-1-300x225.jpeg\" alt=\"\" width=\"300\" height=\"225\" data-srcset=\"https:\/\/defrentealaverdad.com\/wp-content\/uploads\/2024\/05\/WhatsApp-Image-2024-05-26-at-13.59.49-1-300x225.jpeg 300w, https:\/\/defrentealaverdad.com\/wp-content\/uploads\/2024\/05\/WhatsApp-Image-2024-05-26-at-13.59.49-1-1024x768.jpeg 1024w, https:\/\/defrentealaverdad.com\/wp-content\/uploads\/2024\/05\/WhatsApp-Image-2024-05-26-at-13.59.49-1-768x576.jpeg 768w, https:\/\/defrentealaverdad.com\/wp-content\/uploads\/2024\/05\/WhatsApp-Image-2024-05-26-at-13.59.49-1-720x540.jpeg 720w, https:\/\/defrentealaverdad.com\/wp-content\/uploads\/2024\/05\/WhatsApp-Image-2024-05-26-at-13.59.49-1.jpeg 1280w\" data-sizes=\"(max-width: 300px) 100vw, 300px\" src=\"data:image\/svg+xml;base64,PHN2ZyB3aWR0aD0iMSIgaGVpZ2h0PSIxIiB4bWxucz0iaHR0cDovL3d3dy53My5vcmcvMjAwMC9zdmciPjwvc3ZnPg==\" style=\"--smush-placeholder-width: 300px; --smush-placeholder-aspect-ratio: 300\/225;\" \/> pescados, gallinas criollas, pollos , conejos vivos y matados, huevos, miel, entre otros, entrega de mosquiteros y canastillas para embarazadas, tambi\u00e9n fueron rifados varios electrodom\u00e9sticos cortes\u00eda del Alcade Joseito del Rosario.<\/p>\n<p>En esta actividad hicieron acto de presencia La Se\u00f1ora Gobernadora Migdalis de los Santos, La Diputada electa Dra Millys Mart\u00ednez y el se\u00f1or Alcalde Joseito del Rosario.<\/p>\n<p style=\"text-align: justify;\">En dicha Feria los habitantes de la comunidad agradecieron al Presidente de la Rep\u00fablica LUIS ABINADER CORONA Y al Ministro de Defensa. Tte. Gral CARLOS LUCIANO DIAZ MORFA, ERD.<\/p>\n<p>&nbsp;<\/p>\n<p>Fuente: Comunicaciones MIDE<\/p>\n","protected":false},"excerpt":{"rendered":"<p>Por Felix Rubio El Ministerio de Defensa a trav\u00e9s de la Direcci\u00f3n General de Comunidades<\/p>\n","protected":false},"author":1,"featured_media":0,"comment_status":"open","ping_status":"open","sticky":false,"template":"","format":"standard","meta":{"footnotes":""},"categories":[7],"tags":[],"class_list":["post-17073","post","type-post","status-publish","format-standard","hentry","category-nacionales"],"_links":{"self":[{"href":"https:\/\/defrentealaverdad.com\/index.php\/wp-json\/wp\/v2\/posts\/17073","targetHints":{"allow":["GET"]}}],"collection":[{"href":"https:\/\/defrentealaverdad.com\/index.php\/wp-json\/wp\/v2\/posts"}],"about":[{"href":"https:\/\/defrentealaverdad.com\/index.php\/wp-json\/wp\/v2\/types\/post"}],"author":[{"embeddable":true,"href":"https:\/\/defrentealaverdad.com\/index.php\/wp-json\/wp\/v2\/users\/1"}],"replies":[{"embeddable":true,"href":"https:\/\/defrentealaverdad.com\/index.php\/wp-json\/wp\/v2\/comments?post=17073"}],"version-history":[{"count":1,"href":"https:\/\/defrentealaverdad.com\/index.php\/wp-json\/wp\/v2\/posts\/17073\/revisions"}],"predecessor-version":[{"id":17076,"href":"https:\/\/defrentealaverdad.com\/index.php\/wp-json\/wp\/v2\/posts\/17073\/revisions\/17076"}],"wp:attachment":[{"href":"https:\/\/defrentealaverdad.com\/index.php\/wp-json\/wp\/v2\/media?parent=17073"}],"wp:term":[{"taxonomy":"category","embeddable":true,"href":"https:\/\/defrentealaverdad.com\/index.php\/wp-json\/wp\/v2\/categories?post=17073"},{"taxonomy":"post_tag","embeddable":true,"href":"https:\/\/defrentealaverdad.com\/index.php\/wp-json\/wp\/v2\/tags?post=17073"}],"curies":[{"name":"wp","href":"https:\/\/api.w.org\/{rel}","templated":true}]}}