{"id":16975,"date":"2024-05-23T02:32:13","date_gmt":"2024-05-23T02:32:13","guid":{"rendered":"https:\/\/defrentealaverdad.com\/?p=16975"},"modified":"2024-05-24T02:33:23","modified_gmt":"2024-05-24T02:33:23","slug":"uasd-barahona-de-luto-por-muerte-de-su-primer-director","status":"publish","type":"post","link":"https:\/\/defrentealaverdad.com\/index.php\/2024\/05\/23\/uasd-barahona-de-luto-por-muerte-de-su-primer-director\/","title":{"rendered":"UASD Barahona de \u201cluto\u201d por muerte de su primer director"},"content":{"rendered":"<p style=\"text-align: justify;\"><img decoding=\"async\" class=\"size-medium wp-image-16976 alignright lazyload\" data-src=\"https:\/\/defrentealaverdad.com\/wp-content\/uploads\/2024\/05\/IMG-20240523-WA00391-300x201.jpg\" alt=\"\" width=\"300\" height=\"201\" data-srcset=\"https:\/\/defrentealaverdad.com\/wp-content\/uploads\/2024\/05\/IMG-20240523-WA00391-300x201.jpg 300w, https:\/\/defrentealaverdad.com\/wp-content\/uploads\/2024\/05\/IMG-20240523-WA00391-1024x687.jpg 1024w, https:\/\/defrentealaverdad.com\/wp-content\/uploads\/2024\/05\/IMG-20240523-WA00391-768x516.jpg 768w, https:\/\/defrentealaverdad.com\/wp-content\/uploads\/2024\/05\/IMG-20240523-WA00391-1536x1031.jpg 1536w, https:\/\/defrentealaverdad.com\/wp-content\/uploads\/2024\/05\/IMG-20240523-WA00391.jpg 1600w\" data-sizes=\"(max-width: 300px) 100vw, 300px\" src=\"data:image\/svg+xml;base64,PHN2ZyB3aWR0aD0iMSIgaGVpZ2h0PSIxIiB4bWxucz0iaHR0cDovL3d3dy53My5vcmcvMjAwMC9zdmciPjwvc3ZnPg==\" style=\"--smush-placeholder-width: 300px; --smush-placeholder-aspect-ratio: 300\/201;\" \/><\/p>\n<p style=\"text-align: justify;\">Barahona. \u2013\u00a0La Universidad Aut\u00f3noma de Santo Domingo (UASD), se encuentra de luto por el fallecimiento este jueves del Maestro Jes\u00fas de la Rosa, pero el mayor dolor por el deceso del merit\u00edsimo profesor, embarga al Recinto de la academia estatal en Barahona, unidad acad\u00e9mica de la que fue su primer director, tras su fundaci\u00f3n el 26 de febrero del a\u00f1o 1970, hace 54 a\u00f1os.<\/p>\n<p style=\"text-align: justify;\">El director general del Recinto UASD Barahona, Manuel Antonio De La Cruz Fern\u00e1ndez, dijo que de la Rosa, construy\u00f3 un legado en la academia estatal que impact\u00f3 positivamente en esta regi\u00f3n suroeste, cuya desaparici\u00f3n p\u00fablica no podr\u00e1 borrar su legado.<\/p>\n<p style=\"text-align: justify;\">De La Cruz Fern\u00e1ndez, dijo que el profesor de la Rosa es una columna que permanecer\u00e1 sujetando a la primera extensi\u00f3n creada por la UASD fuera de su sede central, quien desde su inicio, a trav\u00e9s de esta unidad acad\u00e9mica, contribuy\u00f3 al desarrollo de las provincias Pedernales, Barahona, Bahoruco e Independencia.<\/p>\n<blockquote>\n<p style=\"text-align: justify;\">\u201cSu legado permanecer\u00e1 intacto en el tiempo. Dirigi\u00f3 el entonces Centro Regional Universitario Regional del Suroeste (CURSO), en un contexto social y pol\u00edtico en que el pellejo estaba en juego, incluso los precursores de crear esta primera extensi\u00f3n sufrieron persecuci\u00f3n del gobierno de los 12 a\u00f1os de Balaguer\u201d, afirm\u00f3 De La Cruz Fern\u00e1ndez.<\/p>\n<\/blockquote>\n<p style=\"text-align: justify;\">En ese sentido, el principal funcionario del Recinto UASD Barahona, en nombre de la comunidad universitaria en esta ciudad, extendi\u00f3 sus condolencias a los familiares del fallecido profesor, a quienes record\u00f3 que las personas como \u00e9l nunca mueren \u201cporque permanecen en el coraz\u00f3n del pueblo y de la Rosa lo estar\u00e1 en el de la UASD Barahona\u201d.<\/p>\n<p style=\"text-align: justify;\">El profesor universitario, quien muri\u00f3 la ma\u00f1ana de este jueves, era un Maestro consagrado, militar constitucionalista y fundador del Movimiento Renovador, as\u00ed como el primer director del Entonces Centro Regional Universitario del Suroeste (CURSO), fundado el 26 de febrero de 1970.<\/p>\n<p style=\"text-align: justify;\">Fuente: UASD Barahona<\/p>\n","protected":false},"excerpt":{"rendered":"<p>Barahona. \u2013\u00a0La Universidad Aut\u00f3noma de Santo Domingo (UASD), se encuentra de luto por el fallecimiento<\/p>\n","protected":false},"author":1,"featured_media":0,"comment_status":"open","ping_status":"open","sticky":false,"template":"","format":"standard","meta":{"footnotes":""},"categories":[7],"tags":[],"class_list":["post-16975","post","type-post","status-publish","format-standard","hentry","category-nacionales"],"_links":{"self":[{"href":"https:\/\/defrentealaverdad.com\/index.php\/wp-json\/wp\/v2\/posts\/16975","targetHints":{"allow":["GET"]}}],"collection":[{"href":"https:\/\/defrentealaverdad.com\/index.php\/wp-json\/wp\/v2\/posts"}],"about":[{"href":"https:\/\/defrentealaverdad.com\/index.php\/wp-json\/wp\/v2\/types\/post"}],"author":[{"embeddable":true,"href":"https:\/\/defrentealaverdad.com\/index.php\/wp-json\/wp\/v2\/users\/1"}],"replies":[{"embeddable":true,"href":"https:\/\/defrentealaverdad.com\/index.php\/wp-json\/wp\/v2\/comments?post=16975"}],"version-history":[{"count":1,"href":"https:\/\/defrentealaverdad.com\/index.php\/wp-json\/wp\/v2\/posts\/16975\/revisions"}],"predecessor-version":[{"id":16977,"href":"https:\/\/defrentealaverdad.com\/index.php\/wp-json\/wp\/v2\/posts\/16975\/revisions\/16977"}],"wp:attachment":[{"href":"https:\/\/defrentealaverdad.com\/index.php\/wp-json\/wp\/v2\/media?parent=16975"}],"wp:term":[{"taxonomy":"category","embeddable":true,"href":"https:\/\/defrentealaverdad.com\/index.php\/wp-json\/wp\/v2\/categories?post=16975"},{"taxonomy":"post_tag","embeddable":true,"href":"https:\/\/defrentealaverdad.com\/index.php\/wp-json\/wp\/v2\/tags?post=16975"}],"curies":[{"name":"wp","href":"https:\/\/api.w.org\/{rel}","templated":true}]}}