{"id":16962,"date":"2024-05-23T01:33:27","date_gmt":"2024-05-23T01:33:27","guid":{"rendered":"https:\/\/defrentealaverdad.com\/?p=16962"},"modified":"2024-05-24T01:36:10","modified_gmt":"2024-05-24T01:36:10","slug":"el-instituto-tecnico-superior-comunitario-y-junior-achievement-dominicana-firman-acuerdo-para-impulsar-el-proyecto-mujer-digital","status":"publish","type":"post","link":"https:\/\/defrentealaverdad.com\/index.php\/2024\/05\/23\/el-instituto-tecnico-superior-comunitario-y-junior-achievement-dominicana-firman-acuerdo-para-impulsar-el-proyecto-mujer-digital\/","title":{"rendered":"El Instituto T\u00e9cnico Superior Comunitario y Junior Achievement Dominicana firman acuerdo para impulsar el Proyecto \u00abMujer Digital\u00bb"},"content":{"rendered":"<blockquote>\n<p style=\"text-align: justify;\">Las participantes recibir\u00e1n certificaciones en ciberseguridad, cloud computing y desarrollo web<\/p>\n<\/blockquote>\n<p style=\"text-align: justify;\">Santo Domingo Este.- En un esfuerzo conjunto para reducir la brecha de g\u00e9nero en la industria tecnol\u00f3gica y fomentar la empleabilidad femenina, Junior Achievement Dominicana (JA Dominicana) y el Instituto T\u00e9cnico Superior Comunitario (ITSC), han firmado un Memor\u00e1ndum de Entendimiento (MOU) para la implementaci\u00f3n del programa \u00abMujer Digital\/She is Digital\u00bb.<\/p>\n<p style=\"text-align: justify;\"><img decoding=\"async\" class=\"size-medium wp-image-16963 alignleft lazyload\" data-src=\"https:\/\/defrentealaverdad.com\/wp-content\/uploads\/2024\/05\/IMG-20240523-WA0046-300x200.jpg\" alt=\"\" width=\"300\" height=\"200\" data-srcset=\"https:\/\/defrentealaverdad.com\/wp-content\/uploads\/2024\/05\/IMG-20240523-WA0046-300x200.jpg 300w, https:\/\/defrentealaverdad.com\/wp-content\/uploads\/2024\/05\/IMG-20240523-WA0046-1024x682.jpg 1024w, https:\/\/defrentealaverdad.com\/wp-content\/uploads\/2024\/05\/IMG-20240523-WA0046-768x512.jpg 768w, https:\/\/defrentealaverdad.com\/wp-content\/uploads\/2024\/05\/IMG-20240523-WA0046.jpg 1280w\" data-sizes=\"(max-width: 300px) 100vw, 300px\" src=\"data:image\/svg+xml;base64,PHN2ZyB3aWR0aD0iMSIgaGVpZ2h0PSIxIiB4bWxucz0iaHR0cDovL3d3dy53My5vcmcvMjAwMC9zdmciPjwvc3ZnPg==\" style=\"--smush-placeholder-width: 300px; --smush-placeholder-aspect-ratio: 300\/200;\" \/><\/p>\n<p style=\"text-align: justify;\">Pedro Quezada, rector del ITSC, expres\u00f3 orgullo de la asociaci\u00f3n con JA Dominicana, ya que es un programa que aparte de empoderar a las mujeres, fortalecer\u00e1 la econom\u00eda del conocimiento en Rep\u00fablica Dominicana.<\/p>\n<blockquote>\n<p style=\"text-align: justify;\">\u201cEn el ITSC creemos firmemente en la igualdad de oportunidades y en el poder transformador de la educaci\u00f3n. Con esta alianza, proporcionaremos a las participantes, las herramientas y el conocimiento necesarios para sobresalir en la industria tecnol\u00f3gica, contribuyendo al desarrollo sostenible y al progreso social de la Rep\u00fablica Dominicana\u00bb, expres\u00f3.<\/p>\n<\/blockquote>\n<p style=\"text-align: justify;\">C\u00e9sar Asi\u00e1tico, director ejecutivo de JA Dominicana, a\u00f1adi\u00f3:<\/p>\n<blockquote>\n<p style=\"text-align: justify;\">\u00abEste acuerdo es un hito crucial en nuestro compromiso de empoderar a las mujeres y cerrar la brecha de g\u00e9nero en la industria tecnol\u00f3gica. Con &#8216;Mujer Digital&#8217;, aspiramos a transformar la vida de muchas mujeres en el pais y m\u00e1s all\u00e1. La colaboraci\u00f3n con el ITSC refuerza nuestra misi\u00f3n de proporcionar acceso a la educaci\u00f3n y al desarrollo profesional para todas las mujeres participantes\u00bb.<\/p>\n<\/blockquote>\n<p style=\"text-align: justify;\">Carlos Mendieta, Vicerrector Acad\u00e9mico del ITSC, al dar la bienvenida afirm\u00f3 que el community college se compromete a brindar el apoyo acad\u00e9mico y t\u00e9cnico necesario, para que las participantes puedan desarrollarse <img decoding=\"async\" class=\"size-medium wp-image-16964 alignleft lazyload\" data-src=\"https:\/\/defrentealaverdad.com\/wp-content\/uploads\/2024\/05\/IMG-20240523-WA0047-300x200.jpg\" alt=\"\" width=\"300\" height=\"200\" data-srcset=\"https:\/\/defrentealaverdad.com\/wp-content\/uploads\/2024\/05\/IMG-20240523-WA0047-300x200.jpg 300w, https:\/\/defrentealaverdad.com\/wp-content\/uploads\/2024\/05\/IMG-20240523-WA0047-1024x682.jpg 1024w, https:\/\/defrentealaverdad.com\/wp-content\/uploads\/2024\/05\/IMG-20240523-WA0047-768x512.jpg 768w, https:\/\/defrentealaverdad.com\/wp-content\/uploads\/2024\/05\/IMG-20240523-WA0047.jpg 1280w\" data-sizes=\"(max-width: 300px) 100vw, 300px\" src=\"data:image\/svg+xml;base64,PHN2ZyB3aWR0aD0iMSIgaGVpZ2h0PSIxIiB4bWxucz0iaHR0cDovL3d3dy53My5vcmcvMjAwMC9zdmciPjwvc3ZnPg==\" style=\"--smush-placeholder-width: 300px; --smush-placeholder-aspect-ratio: 300\/200;\" \/>plenamente y alcanzar sus metas en el sector tecnol\u00f3gico. Nos enfocaremos en ofrecer una formaci\u00f3n integral que combine habilidades t\u00e9cnicas y socioemocionales, asegurando que nuestras participantes no solo adquieran conocimientos, sino tambi\u00e9n la confianza y las competencias necesarias para enfrentarse a los retos del mercado laboral moderno.<\/p>\n<p style=\"text-align: justify;\"><strong>Sobre Mujer Digital<\/strong><\/p>\n<p style=\"text-align: justify;\">Es un programa regional de alto impacto en capacitaci\u00f3n y empleabilidad en el campo de la econom\u00eda del conocimiento, co-dise\u00f1ado por JA junto al Banco Interamericano de Desarrollo (BID), CISCO, IBM y AWS. El proyecto est\u00e1 focalizado en mujeres vulnerables y tiene como objetivo empoderar a 7,500 mujeres de Costa Rica, Guatemala, Honduras, El Salvador, Rep\u00fablica Dominicana y M\u00e9xico. Se busca reducir la desigualdad de g\u00e9nero y promover el empleo femenino en la industria tecnol\u00f3gica mediante el desarrollo de habilidades socioemocionales, laborales y certificaciones t\u00e9cnicas. Impacto en Rep\u00fablica Dominicana:<\/p>\n<p style=\"text-align: justify;\">El programa en Rep\u00fablica Dominicana se dirigir\u00e1 a 1,400 mujeres de entre 17 y 30 a\u00f1os que hayan completado la educaci\u00f3n secundaria y cumplan con ciertos criterios de vulnerabilidad. Las participantes deber\u00e1n disponer de 10 a 12 horas semanales durante 5 meses y tener acceso a internet y un dispositivo electr\u00f3nico. Estas recibir\u00e1n certificaciones en ciberseguridad, cloud computing y desarrollo web<\/p>\n<p style=\"text-align: justify;\"><strong>Criterios de selecci\u00f3n<\/strong><\/p>\n<p style=\"text-align: justify;\">Mujeres no inscritas en el sistema educativo, pero con educaci\u00f3n secundaria completa y sin empleo formal estable; Migrantes, v\u00edctimas de desplazamiento o pertenecientes a grupos \u00e9tnicos y Jefas de hogar como madres solteras.<\/p>\n<p style=\"text-align: justify;\"><strong>Proceso de inscripci\u00f3n<\/strong><\/p>\n<p style=\"text-align: justify;\">Las mujeres interesadas pueden registrarse en jamujerdigital.org y seleccionar al ITSC como organizaci\u00f3n aliada. Las postulantes recibir\u00e1n una confirmaci\u00f3n de registro y, tras una evaluaci\u00f3n de requisitos, se les informar\u00e1 si avanzan en el proceso de selecci\u00f3n.<\/p>\n<p>Fuente: Dir. Com ITSC<\/p>\n","protected":false},"excerpt":{"rendered":"<p>Las participantes recibir\u00e1n certificaciones en ciberseguridad, cloud computing y desarrollo web Santo Domingo Este.- En<\/p>\n","protected":false},"author":2,"featured_media":0,"comment_status":"open","ping_status":"open","sticky":false,"template":"","format":"standard","meta":{"footnotes":""},"categories":[7],"tags":[],"class_list":["post-16962","post","type-post","status-publish","format-standard","hentry","category-nacionales"],"_links":{"self":[{"href":"https:\/\/defrentealaverdad.com\/index.php\/wp-json\/wp\/v2\/posts\/16962","targetHints":{"allow":["GET"]}}],"collection":[{"href":"https:\/\/defrentealaverdad.com\/index.php\/wp-json\/wp\/v2\/posts"}],"about":[{"href":"https:\/\/defrentealaverdad.com\/index.php\/wp-json\/wp\/v2\/types\/post"}],"author":[{"embeddable":true,"href":"https:\/\/defrentealaverdad.com\/index.php\/wp-json\/wp\/v2\/users\/2"}],"replies":[{"embeddable":true,"href":"https:\/\/defrentealaverdad.com\/index.php\/wp-json\/wp\/v2\/comments?post=16962"}],"version-history":[{"count":1,"href":"https:\/\/defrentealaverdad.com\/index.php\/wp-json\/wp\/v2\/posts\/16962\/revisions"}],"predecessor-version":[{"id":16965,"href":"https:\/\/defrentealaverdad.com\/index.php\/wp-json\/wp\/v2\/posts\/16962\/revisions\/16965"}],"wp:attachment":[{"href":"https:\/\/defrentealaverdad.com\/index.php\/wp-json\/wp\/v2\/media?parent=16962"}],"wp:term":[{"taxonomy":"category","embeddable":true,"href":"https:\/\/defrentealaverdad.com\/index.php\/wp-json\/wp\/v2\/categories?post=16962"},{"taxonomy":"post_tag","embeddable":true,"href":"https:\/\/defrentealaverdad.com\/index.php\/wp-json\/wp\/v2\/tags?post=16962"}],"curies":[{"name":"wp","href":"https:\/\/api.w.org\/{rel}","templated":true}]}}