{"id":16960,"date":"2024-05-23T01:23:00","date_gmt":"2024-05-23T01:23:00","guid":{"rendered":"https:\/\/defrentealaverdad.com\/?p=16960"},"modified":"2024-05-24T01:24:09","modified_gmt":"2024-05-24T01:24:09","slug":"edeeste-le-corta-la-luz-a-telemicro-deben-12-anos-de-facturas-electricas","status":"publish","type":"post","link":"https:\/\/defrentealaverdad.com\/index.php\/2024\/05\/23\/edeeste-le-corta-la-luz-a-telemicro-deben-12-anos-de-facturas-electricas\/","title":{"rendered":"EdeEste le corta la luz a Telemicro; deben 12 a\u00f1os de facturas el\u00e9ctricas"},"content":{"rendered":"<p style=\"text-align: justify;\">\n<blockquote><p>Ante la omisi\u00f3n del pago y la conciliaci\u00f3n procedieron a suspenderle el servicio a Telemicro, casa matriz de tres canales de televisi\u00f3n, decenas de emisoras, entre otras empresas de telecomunicaciones.<\/p><\/blockquote>\n<p style=\"text-align: justify;\">Telemicro tiene una deuda de 254 millones de pesos DOP, a ra\u00edz de dejar vencer 150 facturas por el servicio el\u00e9ctrico, es decir, 12 a\u00f1os y seis meses sin pagar la electricidad, seg\u00fan lo que ha confirmado el Departamento de Comunicaciones de la Empresa de Distribuci\u00f3n de Electricidad del Este (EdeEste).<\/p>\n<p style=\"text-align: justify;\">Asimismo, la unidad de EdeEste se\u00f1al\u00f3 que la empresa el\u00e9ctrica hizo m\u00faltiples diligenciaspara que la gerencia de Telemicro rubricara un acuerdo de pago por lo adeudado, pero que ante la omisi\u00f3n del pago y la conciliaci\u00f3n procedieron a suspenderle el servicio a Telemicro, casa matriz de tres canales de televisi\u00f3n, decenas de emisoras, entre otras empresas de telecomunicaciones.<\/p>\n<blockquote>\n<p style=\"text-align: justify;\">\u201cAntes de cortarles el servicio se procedi\u00f3 a citarlos en m\u00faltiples ocasiones, incluso con fecha, para que firmaran un acuerdo de pago que regularice la situaci\u00f3n, al ellos no responder, suspendimos el servicio porque es lo que amerita, es lo que se le hiciera a cualquier usuario. \u00bfPor qu\u00e9 a ellos no se les va a cortar?\u201c, declar\u00f3 la persona consultada del Departamento de Comunicaciones de EdeEste.<\/p>\n<\/blockquote>\n<p style=\"text-align: justify;\">El sector el\u00e9ctrico es el segmento que m\u00e1s pesa en el d\u00e9ficit total de las cuentas nacionales, ya que solo las empresas distribuidoras de electricidad representan un barril sin fondo de US$1,500 millones, la gran mayor\u00eda de este monto debido a los usuarios que no pagan.<\/p>\n<p>Fuente: El Estado<\/p>\n","protected":false},"excerpt":{"rendered":"<p>Ante la omisi\u00f3n del pago y la conciliaci\u00f3n procedieron a suspenderle el servicio a Telemicro,<\/p>\n","protected":false},"author":1,"featured_media":0,"comment_status":"open","ping_status":"open","sticky":false,"template":"","format":"standard","meta":{"footnotes":""},"categories":[7],"tags":[],"class_list":["post-16960","post","type-post","status-publish","format-standard","hentry","category-nacionales"],"_links":{"self":[{"href":"https:\/\/defrentealaverdad.com\/index.php\/wp-json\/wp\/v2\/posts\/16960","targetHints":{"allow":["GET"]}}],"collection":[{"href":"https:\/\/defrentealaverdad.com\/index.php\/wp-json\/wp\/v2\/posts"}],"about":[{"href":"https:\/\/defrentealaverdad.com\/index.php\/wp-json\/wp\/v2\/types\/post"}],"author":[{"embeddable":true,"href":"https:\/\/defrentealaverdad.com\/index.php\/wp-json\/wp\/v2\/users\/1"}],"replies":[{"embeddable":true,"href":"https:\/\/defrentealaverdad.com\/index.php\/wp-json\/wp\/v2\/comments?post=16960"}],"version-history":[{"count":1,"href":"https:\/\/defrentealaverdad.com\/index.php\/wp-json\/wp\/v2\/posts\/16960\/revisions"}],"predecessor-version":[{"id":16961,"href":"https:\/\/defrentealaverdad.com\/index.php\/wp-json\/wp\/v2\/posts\/16960\/revisions\/16961"}],"wp:attachment":[{"href":"https:\/\/defrentealaverdad.com\/index.php\/wp-json\/wp\/v2\/media?parent=16960"}],"wp:term":[{"taxonomy":"category","embeddable":true,"href":"https:\/\/defrentealaverdad.com\/index.php\/wp-json\/wp\/v2\/categories?post=16960"},{"taxonomy":"post_tag","embeddable":true,"href":"https:\/\/defrentealaverdad.com\/index.php\/wp-json\/wp\/v2\/tags?post=16960"}],"curies":[{"name":"wp","href":"https:\/\/api.w.org\/{rel}","templated":true}]}}