{"id":1692,"date":"2022-08-22T18:33:20","date_gmt":"2022-08-22T18:33:20","guid":{"rendered":"https:\/\/defrentealaverdad.com\/?p=1692"},"modified":"2022-09-06T18:38:35","modified_gmt":"2022-09-06T18:38:35","slug":"cales-louima-lanza-su-mas-reciente-sencillo-mirame","status":"publish","type":"post","link":"https:\/\/defrentealaverdad.com\/index.php\/2022\/08\/22\/cales-louima-lanza-su-mas-reciente-sencillo-mirame\/","title":{"rendered":"Cales Louima lanza su m\u00e1s reciente sencillo \u00abM\u00edrame\u00bb"},"content":{"rendered":"<p><span style=\"font-weight: 400;\"><img decoding=\"async\" class=\"size-medium wp-image-1693 aligncenter lazyload\" data-src=\"https:\/\/defrentealaverdad.com\/wp-content\/uploads\/2022\/09\/DSC06774-300x169.jpg\" alt=\"\" width=\"300\" height=\"169\" data-srcset=\"https:\/\/defrentealaverdad.com\/wp-content\/uploads\/2022\/09\/DSC06774-300x169.jpg 300w, https:\/\/defrentealaverdad.com\/wp-content\/uploads\/2022\/09\/DSC06774-1024x576.jpg 1024w, https:\/\/defrentealaverdad.com\/wp-content\/uploads\/2022\/09\/DSC06774-768x432.jpg 768w, https:\/\/defrentealaverdad.com\/wp-content\/uploads\/2022\/09\/DSC06774-1536x864.jpg 1536w, https:\/\/defrentealaverdad.com\/wp-content\/uploads\/2022\/09\/DSC06774-2048x1152.jpg 2048w, https:\/\/defrentealaverdad.com\/wp-content\/uploads\/2022\/09\/DSC06774-800x450.jpg 800w\" data-sizes=\"(max-width: 300px) 100vw, 300px\" src=\"data:image\/svg+xml;base64,PHN2ZyB3aWR0aD0iMSIgaGVpZ2h0PSIxIiB4bWxucz0iaHR0cDovL3d3dy53My5vcmcvMjAwMC9zdmciPjwvc3ZnPg==\" style=\"--smush-placeholder-width: 300px; --smush-placeholder-aspect-ratio: 300\/169;\" \/><\/span><\/p>\n<p><span style=\"font-weight: 400;\">New York, USA, 19 de agosto 2022. E<\/span><span style=\"font-weight: 400;\">l destacado artista y adorador Cales Louima presenta su m\u00e1s reciente sencillo como parte de la propuesta musical que estrenar\u00e1 este 2022.<\/span><\/p>\n<p><b>\u00abM\u00edrame\u00bb\u00a0<\/b><\/p>\n<p><b>Es el resultado de un viaje interno, donde descubrimos las tantas veces que fallamos al Padre y lo lejos que nos hemos ido de su presencia, pero al humillarnos nos damos cuenta de que, nunca estaremos tan lejos de El que no podamos acercarnos con confianza. M\u00edrame, recu\u00e9rdame quien soy. Haz germinar lo que una vez sembraste en m\u00ed. Inclina tu o\u00eddo a mi llamar L\u00e1vame m\u00e1s y m\u00e1s de mi maldad, cambia con tu luz mi oscuridad. Dame un coraz\u00f3n que te ame y renueva tu Esp\u00edritu en m\u00ed.\u00bb<\/b><\/p>\n<p><span style=\"font-weight: 400;\">\u201dM\u00edrame\u201d con letras y arreglos de Louima quien es uno de los adoradores m\u00e1s relevante de su generaci\u00f3n y quien adem\u00e1s a trav\u00e9s de sus canciones ha llevado a miles de personas a un encuentro \u00edntimo con el Padre.\u00a0 <\/span><span style=\"font-weight: 400;\">\u201dM\u00edrame\u201d\u00a0 est\u00e1 basado en el Salmo 51 y es el segundo sencillo del \u00c1lbum Salmos, siendo este el cuarto \u00e1lbum completo de Cales Louima es una recopilaci\u00f3n de canciones inspiradas en el libro de los Salmos. <\/span><span style=\"font-weight: 400;\">Desde este 19 de agosto se encuentra con video oficial en el canal de YouTube y disponible en todas las plataformas digitales de Cales Louima.<\/span><\/p>\n<ul>\n<li><span style=\"font-weight: 400;\">Letra y m\u00fasica: Cales Louima\u00a0<\/span><\/li>\n<li><span style=\"font-weight: 400;\">Mix and Mastering: TimBro\u00a0<\/span><\/li>\n<li><span style=\"font-weight: 400;\">Video: Manuel Guzm\u00e1n\u00a0<\/span><\/li>\n<li><span style=\"font-weight: 400;\">Color Grade: Haniel E.\u00a0<\/span><\/li>\n<li><span style=\"font-weight: 400;\">Art Cover: Jonat Design\u00a0<\/span><\/li>\n<li><span style=\"font-weight: 400;\">Direcci\u00f3n: Admirable Music Group<\/span><\/li>\n<li><span style=\"font-weight: 400;\">RR.PP: Angela Rodriguez<\/span><\/li>\n<\/ul>\n<p>&nbsp;<\/p>\n<p><b>Sobre Cales Louima<\/b><\/p>\n<p><span style=\"font-weight: 400;\">Cales Louima es un joven artista, ejemplo en nuestra generaci\u00f3n de que se puede tener \u00e9xito en la pr\u00e1ctica de buenos valores, Cales Louima ha sido ganador de varios premios dentro del \u00e1mbito art\u00edstico como Cantante masculino del a\u00f1o, Compositor, Productor y arreglista, adem\u00e1s es escritor del libro M\u00c1S ALL\u00c1 DEL ARTE y conferencista, vocal coach para nuevos talentos y un artista de relevancia y gran trayectoria.\u00a0<\/span><\/p>\n<p><span style=\"font-weight: 400;\">Cales Louima est\u00e1 casado con la comunicadora Luisa Artiles quien sirve como gestora de Comunicaciones del Distrito Educativo de Puerto Plata y juntos han sido ejemplo para muchos j\u00f3venes. Louima quien es de nacionalidad haitiana, lleg\u00f3 a Rep\u00fablica Dominicana con tan solo 15 a\u00f1os de edad luego de perderlo todo tras el devastador terremoto del 2010 en su natal Hait\u00ed, desde entonces refugiado en la m\u00fasica y la fe, comenz\u00f3 a servir en la iglesia, form\u00e1ndose como m\u00fasico por su gran habilidad para tocar el piano, la guitarra, bater\u00eda, bajo. Cales Louima, quien adem\u00e1s habla de manera fluida 4 idiomas, ha llenado los escenarios de cada provincia de nuestro pa\u00eds llevando un mensaje de superaci\u00f3n, fe y esperanza para los j\u00f3venes de la Rep\u00fablica Dominicana, pa\u00eds que ama como su hogar y por la cual ora hasta ver a cada joven cambiando su historia devastadora por un ejemplo como ha sido la de \u00e9l.<\/span><\/p>\n<p>&nbsp;<\/p>\n<p>Fuente: Angela Rodr\u00edguez<\/p>\n","protected":false},"excerpt":{"rendered":"<p>New York, USA, 19 de agosto 2022. El destacado artista y adorador Cales Louima presenta<\/p>\n","protected":false},"author":2,"featured_media":0,"comment_status":"open","ping_status":"open","sticky":false,"template":"","format":"standard","meta":{"footnotes":""},"categories":[6,16],"tags":[],"class_list":["post-1692","post","type-post","status-publish","format-standard","hentry","category-espectaculos","category-internacionales"],"_links":{"self":[{"href":"https:\/\/defrentealaverdad.com\/index.php\/wp-json\/wp\/v2\/posts\/1692","targetHints":{"allow":["GET"]}}],"collection":[{"href":"https:\/\/defrentealaverdad.com\/index.php\/wp-json\/wp\/v2\/posts"}],"about":[{"href":"https:\/\/defrentealaverdad.com\/index.php\/wp-json\/wp\/v2\/types\/post"}],"author":[{"embeddable":true,"href":"https:\/\/defrentealaverdad.com\/index.php\/wp-json\/wp\/v2\/users\/2"}],"replies":[{"embeddable":true,"href":"https:\/\/defrentealaverdad.com\/index.php\/wp-json\/wp\/v2\/comments?post=1692"}],"version-history":[{"count":3,"href":"https:\/\/defrentealaverdad.com\/index.php\/wp-json\/wp\/v2\/posts\/1692\/revisions"}],"predecessor-version":[{"id":1696,"href":"https:\/\/defrentealaverdad.com\/index.php\/wp-json\/wp\/v2\/posts\/1692\/revisions\/1696"}],"wp:attachment":[{"href":"https:\/\/defrentealaverdad.com\/index.php\/wp-json\/wp\/v2\/media?parent=1692"}],"wp:term":[{"taxonomy":"category","embeddable":true,"href":"https:\/\/defrentealaverdad.com\/index.php\/wp-json\/wp\/v2\/categories?post=1692"},{"taxonomy":"post_tag","embeddable":true,"href":"https:\/\/defrentealaverdad.com\/index.php\/wp-json\/wp\/v2\/tags?post=1692"}],"curies":[{"name":"wp","href":"https:\/\/api.w.org\/{rel}","templated":true}]}}